{"id":756880,"date":"2021-04-24T20:05:00","date_gmt":"2021-04-24T18:05:00","guid":{"rendered":"https:\/\/dailynewshungary.com\/it\/e-cosi-che-lungheria-ha-riaperto-oggi-foto\/"},"modified":"2021-04-24T20:05:00","modified_gmt":"2021-04-24T18:05:00","slug":"e-cosi-che-lungheria-ha-riaperto-oggi-foto","status":"publish","type":"post","link":"https:\/\/dailynewshungary.com\/it\/e-cosi-che-lungheria-ha-riaperto-oggi-foto\/","title":{"rendered":"\u00c8 cos\u00ec che l\u2019Ungheria ha riaperto oggi FOTO"},"content":{"rendered":"<p><strong><span data-preserver-spaces=\"true\">Come annunciato prima, l&#8217;Ungheria ha raggiunto ieri la seconda pietra miliare nel piano di riapertura inoculando il 3,5 milionesimo cittadino Pertanto, le terrazze di ristoranti e bar potrebbero aprire oggi, quindi migliaia hanno invaso questi posti per prendere un drink o mangiare fuori con i loro amici per la prima volta dallo scorso novembre Galleria fotografica.<\/span><\/strong><\/p>\n<figure id=\"attachment_395122\" aria-describedby=\"caption-attachment-395122\" style=\"width: 450px\" class=\"wp-caption aligncenter\"><img loading=\"lazy\" decoding=\"async\" class=\"wp-image-395122\" src=\"https:\/\/contentf5.dailynewshungary.com\/wp-content\/uploads\/2021\/04\/Viktor-Orban-reopening-Hungary.jpg\" alt=\"Viktor Orb\u00e1n riapre l'Ungheria\" width=\"450\" height=\"300\"><figcaption id=\"caption-attachment-395122\" class=\"wp-caption-text\">Il primo ministro Viktor Orb\u00e1n beve la sua birra da qualche parte a Budapest. https:\/\/www.facebook.com\/orbanviktor<\/figcaption><\/figure>\n<p>Orb\u00e1n ha dichiarato all&#8217;emittente pubblica Kossuth R\u00e1di\u00f3 che entro la met\u00e0 della prossima settimana saranno state somministrate circa quattro milioni di iniezioni e che sar\u00e0 disponibile un&#8217;ampia gamma di servizi per le persone con certificati vaccinali. Questo sar\u00e0 il quarto passo della riapertura.<\/p>\n<figure id=\"attachment_395119\" aria-describedby=\"caption-attachment-395119\" style=\"width: 450px\" class=\"wp-caption aligncenter\"><img loading=\"lazy\" decoding=\"async\" class=\"wp-image-395119\" src=\"https:\/\/contentf5.dailynewshungary.com\/wp-content\/uploads\/2021\/04\/rsz_1d_ati20210424004.jpg\" alt=\"Riapertura Ungheria\" width=\"450\" height=\"298\" srcset=\"https:\/\/contentf5.dailynewshungary.com\/wp-content\/uploads\/2021\/04\/rsz_1d_ati20210424004.jpg 1181w, https:\/\/contentf5.dailynewshungary.com\/wp-content\/uploads\/2021\/04\/rsz_1d_ati20210424004-768x509.jpg 768w, https:\/\/contentf5.dailynewshungary.com\/wp-content\/uploads\/2021\/04\/rsz_1d_ati20210424004-800x530.jpg 800w, https:\/\/contentf5.dailynewshungary.com\/wp-content\/uploads\/2021\/04\/rsz_1d_ati20210424004-1160x769.jpg 1160w\" sizes=\"auto, (max-width: 450px) 100vw, 450px\"><figcaption id=\"caption-attachment-395119\" class=\"wp-caption-text\">MTI\/Bal\u00e1zs Attila<\/figcaption><\/figure>\n<p>Tuttavia,<\/p>\n<blockquote>\n<p>questi servizi saranno disponibili solo per coloro che hanno un certificato di immunit\u00e0.<\/p>\n<\/blockquote>\n<figure id=\"attachment_395129\" aria-describedby=\"caption-attachment-395129\" style=\"width: 450px\" class=\"wp-caption aligncenter\"><img loading=\"lazy\" decoding=\"async\" class=\"wp-image-395129\" src=\"https:\/\/contentf5.dailynewshungary.com\/wp-content\/uploads\/2021\/04\/rsz_hungary_restaurant_reopen1.jpg\" alt=\"ungheria riaprire terrazza\" width=\"450\" height=\"338\" srcset=\"https:\/\/contentf5.dailynewshungary.com\/wp-content\/uploads\/2021\/04\/rsz_hungary_restaurant_reopen1.jpg 1024w, https:\/\/contentf5.dailynewshungary.com\/wp-content\/uploads\/2021\/04\/rsz_hungary_restaurant_reopen1-768x576.jpg 768w, https:\/\/contentf5.dailynewshungary.com\/wp-content\/uploads\/2021\/04\/rsz_hungary_restaurant_reopen1-300x225.jpg 300w, https:\/\/contentf5.dailynewshungary.com\/wp-content\/uploads\/2021\/04\/rsz_hungary_restaurant_reopen1-800x600.jpg 800w\" sizes=\"auto, (max-width: 450px) 100vw, 450px\"><figcaption id=\"caption-attachment-395129\" class=\"wp-caption-text\">https:\/\/www.facebook.com\/Jardinette<\/figcaption><\/figure>\n<p>I locali aperti alle persone con certificati includeranno teatri, locali da ballo e da musica, circhi, palestre, zoo, spa e piscine, impianti sportivi e parchi avventura, ha affermato il primo ministro.<\/p>\n<figure id=\"attachment_395124\" aria-describedby=\"caption-attachment-395124\" style=\"width: 360px\" class=\"wp-caption aligncenter\"><img loading=\"lazy\" decoding=\"async\" class=\"wp-image-395124\" src=\"https:\/\/contentf5.dailynewshungary.com\/wp-content\/uploads\/2021\/04\/Hungary-restaurant-reopen.jpg\" alt=\"Riapertura ristorante Ungheria\" width=\"360\" height=\"450\" srcset=\"https:\/\/contentf5.dailynewshungary.com\/wp-content\/uploads\/2021\/04\/Hungary-restaurant-reopen.jpg 1440w, https:\/\/contentf5.dailynewshungary.com\/wp-content\/uploads\/2021\/04\/Hungary-restaurant-reopen-768x959.jpg 768w, https:\/\/contentf5.dailynewshungary.com\/wp-content\/uploads\/2021\/04\/Hungary-restaurant-reopen-1229x1536.jpg 1229w, https:\/\/contentf5.dailynewshungary.com\/wp-content\/uploads\/2021\/04\/Hungary-restaurant-reopen-800x999.jpg 800w, https:\/\/contentf5.dailynewshungary.com\/wp-content\/uploads\/2021\/04\/Hungary-restaurant-reopen-1160x1449.jpg 1160w\" sizes=\"auto, (max-width: 360px) 100vw, 360px\"><figcaption id=\"caption-attachment-395124\" class=\"wp-caption-text\">https:\/\/www.facebook.com\/hadikkavehaz<\/figcaption><\/figure>\n<p>Leggi di pi\u00f9 <a href=\"https:\/\/dailynewshungary.com\/it\/lungheria-apre-i-servizi-la-prossima-settimana-ma-solo-per-coloro-che-hanno-un-certificato-di-immunita\/\">QUI<\/a>.<\/p>\n<p>Secondo Reuters, sabato i residenti di Budapest e alcuni turisti si sono riversati nei caff\u00e8 lungo il fiume Danubio per un drink fuori al sole, dopo che il governo ha deciso che, dopo aver vaccinato pi\u00f9 di un terzo della popolazione,<\/p>\n<blockquote>\n<p>era ora di togliere alcune restrizioni.<\/p>\n<\/blockquote>\n<p>\u201cAbbiamo aspettato per pi\u00f9 di sei mesi questo momento in cui potremo sederci di nuovo in una bella giornata di sole e bere qualcosa, ha detto\u201d una donna del posto, Bernadett. \u201c\u00c8 fantastico.\u201d La prossima settimana i ristoranti riapriranno al chiuso.<\/p>\n<blockquote>\n<p>Alcuni restano per\u00f2 preoccupati<\/p>\n<\/blockquote>\n<p>poich\u00e9 l&#8217;Ungheria ha accumulato il maggior numero di morti pro capite al mondo nella pandemia, secondo la Johns Hopkins University, e ha dovuto sopportare anche due lunghi blocchi e una profonda recessione lo scorso anno, il paese dell&#8217;Europa centrale di 10 milioni ha registrato pi\u00f9 di 26.000 morti e ne ha ancora migliaia negli ospedali e centinaia sui ventilatori.<\/p>\n<figure id=\"attachment_395120\" aria-describedby=\"caption-attachment-395120\" style=\"width: 1181px\" class=\"wp-caption aligncenter\"><img loading=\"lazy\" decoding=\"async\" class=\"size-full wp-image-395120\" src=\"https:\/\/contentf5.dailynewshungary.com\/wp-content\/uploads\/2021\/04\/rsz_d_ati20210424008.jpg\" alt=\"Riapertura Ungheria\" width=\"1181\" height=\"783\" srcset=\"https:\/\/contentf5.dailynewshungary.com\/wp-content\/uploads\/2021\/04\/rsz_d_ati20210424008.jpg 1181w, https:\/\/contentf5.dailynewshungary.com\/wp-content\/uploads\/2021\/04\/rsz_d_ati20210424008-768x509.jpg 768w, https:\/\/contentf5.dailynewshungary.com\/wp-content\/uploads\/2021\/04\/rsz_d_ati20210424008-800x530.jpg 800w, https:\/\/contentf5.dailynewshungary.com\/wp-content\/uploads\/2021\/04\/rsz_d_ati20210424008-1160x769.jpg 1160w\" sizes=\"auto, (max-width: 1181px) 100vw, 1181px\"><figcaption id=\"caption-attachment-395120\" class=\"wp-caption-text\">Ny\u00edregyh\u00e1za. MTI\/Bal\u00e1zs Attila<\/figcaption><\/figure>\n<p>Un&#8217;altra residente di Budapest, che ha dato il suo nome come Bori, ha detto che lo era<\/p>\n<blockquote>\n<p>desideroso di socializzare ma preoccupato per le conseguenze.<\/p>\n<\/blockquote>\n<p>\u201cPenso che, per il momento, non sia una buona idea (aprire), avrei aspettato con questo,\u201d ha detto. \u201cPurtroppo questo \u00e8 quello che abbiamo.\u201d<\/p>\n<p>Il settore dell&#8217;ospitalit\u00e0, che rappresenta oltre il 10% del PIL del paese, \u00e8 stato scosso sotto la pressione dei lockdown, ma avere una stagione estiva completa in vista potrebbe salvare alcune aziende dal fallimento Daniel Toos, che gestisce Kabin, un bar alla moda in un parco verdeggiante sotto un ponte ferroviario vicino al Danubio, ha detto di aver faticato a trovare dipendenti poich\u00e9 le persone erano caute nel tornare nel settore dell&#8217;ospitalit\u00e0.<\/p>\n<blockquote>\n<p>Ha aggiunto che lo aveva reso molto felice di allestire finalmente i tavoli e le sedie da esterno.<\/p>\n<\/blockquote>\n<p>\u201cRipensare insieme ai miei colleghi come una riunione di classe (class reunion) Come ci salutiamo felici se dopo una pausa scolastica Ripensiamo all&#8217;estate scorsa e tiriamo un sospiro di sollievo.\u201d<\/p>\n","protected":false},"excerpt":{"rendered":"<p>Come annunciato prima, l&#8217;Ungheria ha raggiunto ieri la seconda pietra miliare nel piano di riapertura inoculando il 3,5 milionesimo cittadino Pertanto, le terrazze di ristoranti e bar potrebbero aprire oggi, quindi migliaia hanno invaso questi posti per prendere un drink o mangiare fuori con i loro amici per la prima volta dallo scorso novembre Galleria [&hellip;]<\/p>\n","protected":false},"author":18,"featured_media":756881,"comment_status":"open","ping_status":"open","sticky":false,"template":"","format":"standard","meta":{"_display_image":"","footnotes":""},"categories":[1207],"tags":[1353,1158,1127,1168,1079,1069],"class_list":["post-756880","post","type-post","status-publish","format-standard","has-post-thumbnail","hentry","category-societa-in-ungheria","tag-bevanda","tag-budapest","tag-galleria-fotografica","tag-gastronomia","tag-governo-ungherese","tag-ungheria"],"blocksy_meta":[],"author_username":"johnwoods","telegram_post":"","public_post_metadata":{"breaking_news":"","important":"","csempe":"","center_tile":"","disable_thumbnail":"","target_lang":"","_featured_image_style":"","telegram_post":"","_xlat_group_id":""},"public_rank_math_data":{"title":"%titolo% %sep% %nomesito%","description":"","focus_keyword":"","canonical_url":"","robots":"","primary_category":"1207","breadcrumb_title":"","facebook_title":"","facebook_description":"","facebook_image":"","facebook_image_id":"","twitter_title":"","twitter_description":"","twitter_image":"","twitter_image_id":"","twitter_card_type":"","twitter_use_facebook":"","advanced_robots":"","pillar_content":"","seo_score":"","contentai_score":"","rich_snippet":""},"_links":{"self":[{"href":"https:\/\/dailynewshungary.com\/it\/wp-json\/wp\/v2\/posts\/756880","targetHints":{"allow":["GET"]}}],"collection":[{"href":"https:\/\/dailynewshungary.com\/it\/wp-json\/wp\/v2\/posts"}],"about":[{"href":"https:\/\/dailynewshungary.com\/it\/wp-json\/wp\/v2\/types\/post"}],"author":[{"embeddable":true,"href":"https:\/\/dailynewshungary.com\/it\/wp-json\/wp\/v2\/users\/18"}],"replies":[{"embeddable":true,"href":"https:\/\/dailynewshungary.com\/it\/wp-json\/wp\/v2\/comments?post=756880"}],"version-history":[{"count":0,"href":"https:\/\/dailynewshungary.com\/it\/wp-json\/wp\/v2\/posts\/756880\/revisions"}],"wp:featuredmedia":[{"embeddable":true,"href":"https:\/\/dailynewshungary.com\/it\/wp-json\/wp\/v2\/media\/756881"}],"wp:attachment":[{"href":"https:\/\/dailynewshungary.com\/it\/wp-json\/wp\/v2\/media?parent=756880"}],"wp:term":[{"taxonomy":"category","embeddable":true,"href":"https:\/\/dailynewshungary.com\/it\/wp-json\/wp\/v2\/categories?post=756880"},{"taxonomy":"post_tag","embeddable":true,"href":"https:\/\/dailynewshungary.com\/it\/wp-json\/wp\/v2\/tags?post=756880"}],"curies":[{"name":"wp","href":"https:\/\/api.w.org\/{rel}","templated":true}]}}