{"id":756991,"date":"2021-04-22T07:30:00","date_gmt":"2021-04-22T05:30:00","guid":{"rendered":"https:\/\/dailynewshungary.com\/it\/il-consiglio-deuropa-sostiene-gli-obiettivi-della-prossima-presidenza-ungherese\/"},"modified":"2021-04-22T07:30:00","modified_gmt":"2021-04-22T05:30:00","slug":"il-consiglio-deuropa-sostiene-gli-obiettivi-della-prossima-presidenza-ungherese","status":"publish","type":"post","link":"https:\/\/dailynewshungary.com\/it\/il-consiglio-deuropa-sostiene-gli-obiettivi-della-prossima-presidenza-ungherese\/","title":{"rendered":"Il Consiglio d\u2019Europa sostiene gli obiettivi della prossima presidenza ungherese"},"content":{"rendered":"<div class=\"leadNews\"><strong><span id=\"ctl00_ContentPlaceHolder1_ctrlNewsControl_lbLead\">Il Consiglio d&#8217;Europa e la sua Assemblea parlamentare (PACE) sono pronti a sostenere le priorit\u00e0 della prossima presidenza ungherese, ha detto mercoled\u00ec a Strasburgo Zsolt N\u00e9meth, capo della commissione per gli affari esteri del parlamento.<\/span><\/strong><\/div>\n<div>&nbsp;<\/div>\n<div class=\"leadNews\"><span id=\"ctl00_ContentPlaceHolder1_ctrlNewsControl_lbBody\">Parlando telefonicamente all&#8217;MTI a margine della sessione di una settimana dell&#8217;APCE, Nemeth ha detto di aver esaminato le priorit\u00e0 <\/span><\/div>\n<blockquote>\n<div class=\"leadNews\"><span id=\"ctl00_ContentPlaceHolder1_ctrlNewsControl_lbBody\">La presidenza ungherese, durata 6 mesi, inizier\u00e0 il 21 maggio<\/span><\/div>\n<\/blockquote>\n<div class=\"leadNews\"><span id=\"ctl00_ContentPlaceHolder1_ctrlNewsControl_lbBody\"> con il presidente dell&#8217;APCE Rick Daems, il segretario generale dell&#8217;APCE Despina Chatzivassiliou-Tsovilis e il segretario generale del Consiglio d&#8217;Europa Marija Pejcinovic Buric.<\/p>\n<p>N\u00e9meth ha osservato che la presidenza ungherese si concentrer\u00e0 sul rafforzamento del rispetto delle tradizioni culturali, giuridiche e storiche delle nazioni, sulla protezione delle minoranze etniche, sulla protezione della famiglia, sul rafforzamento del dialogo tra le religioni e sull&#8217;incontro con le sfide poste dall&#8217;intelligenza artificiale, dalla criminalit\u00e0 informatica e cambiamento climatico.<\/span><\/div>\n<div>&nbsp;<\/div>\n<div class=\"leadNews\">\n<ul>\n<li><a href=\"https:\/\/dailynewshungary.com\/news_to_go\/fm-szijjarto-in-talks-with-monaco-ahead-of-hungarys-council-of-europe-presidency\/\">FM Szijj\u00e1rt\u00f3 in trattative con Monaco prima della presidenza ungherese del Consiglio d&#8217;Europa<\/a><\/li>\n<\/ul>\n<p><span id=\"ctl00_ContentPlaceHolder1_ctrlNewsControl_lbBody\">Ha detto che i funzionari del CoE hanno accolto con favore l&#8217;approvazione da parte dell&#8217;assemblea di un rapporto completo sulle minoranze compilato da Elvira Kov\u00e1cs, un politico di etnia ungherese della regione serba della Vojvodina Il rapporto volto a monitorare il rispetto della convenzione di protezione delle minoranze del CoE propone in modo pi\u00f9 efficace, tra le altre cose, la creazione di una piattaforma online per denunciare le violazioni dei diritti delle minoranze, ha osservato.<\/p>\n<p>N\u00e9meth ha affermato che i suoi colloqui con i funzionari del Consiglio d&#8217;Europa hanno toccato anche le violazioni dei diritti commesse contro la minoranza nazionale polacca in Bielorussia. Ha anche detto che la presidenza ungherese organizzer\u00e0 una conferenza sul <\/span><\/div>\n<blockquote>\n<div class=\"leadNews\"><span id=\"ctl00_ContentPlaceHolder1_ctrlNewsControl_lbBody\">lotta alla criminalit\u00e0 informatica in autunno, <\/span><\/div>\n<\/blockquote>\n<div class=\"leadNews\"><span id=\"ctl00_ContentPlaceHolder1_ctrlNewsControl_lbBody\">al quale parteciper\u00e0 il Segretario generale Buric. Inoltre, il relatore e il segretario generale dell&#8217;assemblea visiteranno l&#8217;Ungheria il mese prossimo, ha affermato.<\/span><\/div>\n","protected":false},"excerpt":{"rendered":"<p>Il Consiglio d&#8217;Europa e la sua Assemblea parlamentare (PACE) sono pronti a sostenere le priorit\u00e0 della prossima presidenza ungherese, ha detto mercoled\u00ec a Strasburgo Zsolt N\u00e9meth, capo della commissione per gli affari esteri del parlamento. &nbsp; Parlando telefonicamente all&#8217;MTI a margine della sessione di una settimana dell&#8217;APCE, Nemeth ha detto di aver esaminato le priorit\u00e0 [&hellip;]<\/p>\n","protected":false},"author":50,"featured_media":756992,"comment_status":"open","ping_status":"open","sticky":false,"template":"","format":"standard","meta":{"_display_image":"","footnotes":""},"categories":[1185],"tags":[1079,1069,1075],"class_list":["post-756991","post","type-post","status-publish","format-standard","has-post-thumbnail","hentry","category-politica-in-ungheria","tag-governo-ungherese","tag-ungheria","tag-unione-europea"],"blocksy_meta":[],"author_username":"dnh","telegram_post":"","public_post_metadata":{"breaking_news":"","important":"","csempe":"","center_tile":"","disable_thumbnail":"","target_lang":"","_featured_image_style":"","telegram_post":"","_xlat_group_id":""},"public_rank_math_data":{"title":"%titolo% %sep% %nomesito%","description":"","focus_keyword":"","canonical_url":"","robots":"","primary_category":"1185","breadcrumb_title":"","facebook_title":"","facebook_description":"","facebook_image":"","facebook_image_id":"","twitter_title":"","twitter_description":"","twitter_image":"","twitter_image_id":"","twitter_card_type":"","twitter_use_facebook":"","advanced_robots":"","pillar_content":"","seo_score":"","contentai_score":"","rich_snippet":""},"_links":{"self":[{"href":"https:\/\/dailynewshungary.com\/it\/wp-json\/wp\/v2\/posts\/756991","targetHints":{"allow":["GET"]}}],"collection":[{"href":"https:\/\/dailynewshungary.com\/it\/wp-json\/wp\/v2\/posts"}],"about":[{"href":"https:\/\/dailynewshungary.com\/it\/wp-json\/wp\/v2\/types\/post"}],"author":[{"embeddable":true,"href":"https:\/\/dailynewshungary.com\/it\/wp-json\/wp\/v2\/users\/50"}],"replies":[{"embeddable":true,"href":"https:\/\/dailynewshungary.com\/it\/wp-json\/wp\/v2\/comments?post=756991"}],"version-history":[{"count":0,"href":"https:\/\/dailynewshungary.com\/it\/wp-json\/wp\/v2\/posts\/756991\/revisions"}],"wp:featuredmedia":[{"embeddable":true,"href":"https:\/\/dailynewshungary.com\/it\/wp-json\/wp\/v2\/media\/756992"}],"wp:attachment":[{"href":"https:\/\/dailynewshungary.com\/it\/wp-json\/wp\/v2\/media?parent=756991"}],"wp:term":[{"taxonomy":"category","embeddable":true,"href":"https:\/\/dailynewshungary.com\/it\/wp-json\/wp\/v2\/categories?post=756991"},{"taxonomy":"post_tag","embeddable":true,"href":"https:\/\/dailynewshungary.com\/it\/wp-json\/wp\/v2\/tags?post=756991"}],"curies":[{"name":"wp","href":"https:\/\/api.w.org\/{rel}","templated":true}]}}