{"id":757117,"date":"2021-04-19T12:30:00","date_gmt":"2021-04-19T10:30:00","guid":{"rendered":"https:\/\/dailynewshungary.com\/it\/puo-finalmente-iniziare-la-modernizzazione-di-piazza-blaha-lujza\/"},"modified":"2021-04-19T12:30:00","modified_gmt":"2021-04-19T10:30:00","slug":"puo-finalmente-iniziare-la-modernizzazione-di-piazza-blaha-lujza","status":"publish","type":"post","link":"https:\/\/dailynewshungary.com\/it\/puo-finalmente-iniziare-la-modernizzazione-di-piazza-blaha-lujza\/","title":{"rendered":"Pu\u00f2 finalmente iniziare la modernizzazione di piazza Blaha Lujza?"},"content":{"rendered":"<p><strong>La ristrutturazione e la modernizzazione di Piazza Blaha Lujza a Budapest sono stati un argomento in corso negli ultimi cinque o sei anni e, dopo molta contemplazione e progettazione di diversi progetti nel corso di quei lunghi anni, nel 2019, sembrava che il tanto atteso progetto potesse finalmente iniziare Purtroppo, a causa di diversi problemi, la data di inizio del progetto \u00e8 stata posticipata pi\u00f9 volte, e ci sono state anche alcune modifiche.<\/strong><\/p>\n<p>Secondo il <a rel=\"noopener noreferrer\" href=\"https:\/\/hvg.hu\/kkv\/20210418_Kethonapos_csuszasban_van_a_Blaha_Lujza_ter_felujitasa\" target=\"_blank\"><em>Hvg<\/em><\/a>, la modernizzazione di piazza Blaha Lujza potrebbe finire per avere lo stesso destino del Ponte delle Catene. La piazza \u00e8 molto obsoleta e ci sono anche problemi riguardanti la sua funzionalit\u00e0 e la ristrutturazione attesa da tempo.<\/p>\n<blockquote class=\"wp-block-quote is-layout-flow wp-block-quote-is-layout-flow\">\n<p>Sfortunatamente, anche se i progetti del 2019 sembrano davvero buoni, l&#8217;inizio del progetto, che doveva essere terminato entro la fine del 2021, potrebbe semplicemente passare all&#8217;estate del 2021 senza possibilit\u00e0 di essere terminato prima dell&#8217;autunno del 2022. cio\u00e8, se tutto va liscio.<\/p>\n<\/blockquote>\n<figure class=\"wp-block-image size-large\"><a href=\"https:\/\/contentf5.dailynewshungary.com\/wp-content\/uploads\/2021\/03\/Blaha-Lujza-Ter-Square-Development-Fejlesztes-Terv-Design-2.jpg\" data-pswp-width=\"640\" data-pswp-height=\"400\" data-cropped=\"true\"><img decoding=\"async\" src=\"https:\/\/contentf5.dailynewshungary.com\/wp-content\/uploads\/2021\/03\/Blaha-Lujza-Ter-Square-Development-Fejlesztes-Terv-Design-2.jpg\" alt=\"Blaha Lujza T\u00e9r Square Development Fejleszt\u00e9s Terv Design 2\" class=\"wp-image-386476\"><\/a><figcaption>Fonte: Budapest.hu<\/figcaption><\/figure>\n<p>Piazza Blaha Lujza \u00e8 una delle piazze pi\u00f9 affollate e pericolose di tutta la capitale ungherese ed \u00e8 rimasta quasi del tutto invariata negli ultimi 55 anni circa Secondo il<em><a rel=\"noreferrer noopener\" aria-label=\" 2019 plans (opens in a new tab)\" href=\"https:\/\/dailynewshungary.com\/budapest-blaha-lujza-square-to-be-modernized\/\" target=\"_blank\"> <\/a><\/em><a rel=\"noreferrer noopener\" aria-label=\" 2019 plans (opens in a new tab)\" href=\"https:\/\/dailynewshungary.com\/budapest-blaha-lujza-square-to-be-modernized\/\" target=\"_blank\">Piani 2019<\/a>(la piazza avrebbe avuto nuove fontane, un edificio per eventi culturali organizzati, una pi\u00f9 facile accessibilit\u00e0 per le persone a mobilit\u00e0 ridotta, e la pi\u00f9 importante probabilmente sarebbe stata l&#8217;ammodernamento della stazione della metropolitana della linea M2.<\/p>\n<figure class=\"wp-block-image size-large\"><a href=\"https:\/\/contentf5.dailynewshungary.com\/wp-content\/uploads\/2021\/03\/Blaha-Lujza-Ter-Square-Development-Fejlesztes-Terv-Design-3.jpg\" data-pswp-width=\"640\" data-pswp-height=\"400\" data-cropped=\"true\"><img decoding=\"async\" src=\"https:\/\/contentf5.dailynewshungary.com\/wp-content\/uploads\/2021\/03\/Blaha-Lujza-Ter-Square-Development-Fejlesztes-Terv-Design-3.jpg\" alt=\"Blaha Lujza T\u00e9r Square Development Fejleszt\u00e9s Terv Design 3\" class=\"wp-image-386477\"><\/a><figcaption>Fonte: Budapest.hu<\/figcaption><\/figure>\n<blockquote class=\"wp-block-quote is-layout-flow wp-block-quote-is-layout-flow\">\n<p>Sfortunatamente, a causa di problemi causati dalla pandemia di coronavirus e del budget attualmente basso della capitale senza entrate stabili e affidabili per il prossimo futuro, il progetto non \u00e8 stato rinviato solo pi\u00f9 volte, ma \u00e8 stato anche rinviato a problemi legati alla pandemia di coronavirus. ma anche il budget originale \u00e8 stato ridotto in modo significativo.<\/p>\n<\/blockquote>\n<p>Originariamente, il costo di <a rel=\"noreferrer noopener\" aria-label=\"the project was estimated to have been HUF 4 billion (opens in a new tab)\" href=\"https:\/\/dailynewshungary.com\/it\/piazza-blaha-lujza-da-ricostruire-finalmente\/\" target=\"_blank\">il progetto era stimato a 4 miliardi di fiorini<\/a> (11 milioni di euro) Da allora i prezzi delle costruzioni sono aumentati e, a causa degli altri fattori sopra menzionati, il budget attuale della ristrutturazione \u00e8 di 2,67 miliardi di fiorini (7,3 milioni di euro). Ci\u00f2 significa che sono necessari tagli al progetto originale:<\/p>\n<ul class=\"wp-block-list\">\n<li>Il previsto ampliamento del sottopassaggio \u00e8 stato tagliato e in superficie verr\u00e0 realizzato il previsto bagno pubblico;<\/li>\n<li>I gradini che scendono al sottopassaggio saranno ristrutturati ma rimarranno nello stesso luogo;<\/li>\n<li>La fermata dell&#8217;autobus non otterr\u00e0 il tetto originariamente previsto a causa dei tagli e delle differenze nei piani di trasporto pubblico;<\/li>\n<li>L&#8217;edificio per eventi culturali sar\u00e0 costruito in modo diverso e da fonti diverse;<\/li>\n<li>La linea di alberi prevista nel mezzo di via R\u00e1k\u00f3czi non sar\u00e0 realizzata.<\/li>\n<\/ul>\n<blockquote class=\"wp-block-quote is-layout-flow wp-block-quote-is-layout-flow\">\n<p>La ristrutturazione della pavimentazione del sottopassaggio \u00e8 diventata facoltativa, il che significa che sar\u00e0 fatta solo se la gara sar\u00e0 abbastanza economica da ospitare per quello, e anche la ricostruzione di via Somogyi B\u00e9la \u00e8 diventata solo facoltativa.<\/p>\n<\/blockquote>\n<p>Inoltre, il governo ha promesso un ulteriore miliardo di fiorini (2,7 milioni di euro), ma il contratto non \u00e8 ancora pronto. Si parla anche di ripensamento dei trasporti pubblici nella zona, ma al momento non \u00e8 chiaro. Si sapr\u00e0 di pi\u00f9 quando BKK sceglier\u00e0 una gara vincente.<\/p>\n","protected":false},"excerpt":{"rendered":"<p>La ristrutturazione e la modernizzazione di Piazza Blaha Lujza a Budapest sono stati un argomento in corso negli ultimi cinque o sei anni e, dopo molta contemplazione e progettazione di diversi progetti nel corso di quei lunghi anni, nel 2019, sembrava che il tanto atteso progetto potesse finalmente iniziare Purtroppo, a causa di diversi problemi, [&hellip;]<\/p>\n","protected":false},"author":28,"featured_media":757118,"comment_status":"open","ping_status":"open","sticky":false,"template":"","format":"standard","meta":{"_display_image":"","footnotes":""},"categories":[1207],"tags":[1158,1188,1117,1069],"class_list":["post-757117","post","type-post","status-publish","format-standard","has-post-thumbnail","hentry","category-societa-in-ungheria","tag-budapest","tag-sviluppo","tag-trasporti","tag-ungheria"],"blocksy_meta":[],"author_username":"Theecchipete","telegram_post":"","public_post_metadata":{"breaking_news":"","important":"","csempe":"","center_tile":"","disable_thumbnail":"","target_lang":"","_featured_image_style":"","telegram_post":"","_xlat_group_id":""},"public_rank_math_data":{"title":"%titolo% %sep% %nomesito%","description":"","focus_keyword":"","canonical_url":"","robots":"","primary_category":"1207","breadcrumb_title":"","facebook_title":"","facebook_description":"","facebook_image":"","facebook_image_id":"","twitter_title":"","twitter_description":"","twitter_image":"","twitter_image_id":"","twitter_card_type":"","twitter_use_facebook":"","advanced_robots":"","pillar_content":"","seo_score":"","contentai_score":"","rich_snippet":""},"_links":{"self":[{"href":"https:\/\/dailynewshungary.com\/it\/wp-json\/wp\/v2\/posts\/757117","targetHints":{"allow":["GET"]}}],"collection":[{"href":"https:\/\/dailynewshungary.com\/it\/wp-json\/wp\/v2\/posts"}],"about":[{"href":"https:\/\/dailynewshungary.com\/it\/wp-json\/wp\/v2\/types\/post"}],"author":[{"embeddable":true,"href":"https:\/\/dailynewshungary.com\/it\/wp-json\/wp\/v2\/users\/28"}],"replies":[{"embeddable":true,"href":"https:\/\/dailynewshungary.com\/it\/wp-json\/wp\/v2\/comments?post=757117"}],"version-history":[{"count":0,"href":"https:\/\/dailynewshungary.com\/it\/wp-json\/wp\/v2\/posts\/757117\/revisions"}],"wp:featuredmedia":[{"embeddable":true,"href":"https:\/\/dailynewshungary.com\/it\/wp-json\/wp\/v2\/media\/757118"}],"wp:attachment":[{"href":"https:\/\/dailynewshungary.com\/it\/wp-json\/wp\/v2\/media?parent=757117"}],"wp:term":[{"taxonomy":"category","embeddable":true,"href":"https:\/\/dailynewshungary.com\/it\/wp-json\/wp\/v2\/categories?post=757117"},{"taxonomy":"post_tag","embeddable":true,"href":"https:\/\/dailynewshungary.com\/it\/wp-json\/wp\/v2\/tags?post=757117"}],"curies":[{"name":"wp","href":"https:\/\/api.w.org\/{rel}","templated":true}]}}