{"id":758053,"date":"2021-03-23T21:30:00","date_gmt":"2021-03-23T20:30:00","guid":{"rendered":"https:\/\/dailynewshungary.com\/it\/il-consiglio-locale-ungherese-gestisce-ambulatori-gestiti-dagli-ospedali-locali\/"},"modified":"2021-03-23T21:30:00","modified_gmt":"2021-03-23T20:30:00","slug":"il-consiglio-locale-ungherese-gestisce-ambulatori-gestiti-dagli-ospedali-locali","status":"publish","type":"post","link":"https:\/\/dailynewshungary.com\/it\/il-consiglio-locale-ungherese-gestisce-ambulatori-gestiti-dagli-ospedali-locali\/","title":{"rendered":"Il consiglio locale ungherese gestisce ambulatori gestiti dagli ospedali locali"},"content":{"rendered":"<p><strong>Gli ambulatori gestiti dal consiglio locale ungherese saranno gestiti dagli ospedali locali fino alla scadenza dell&#8217;ordinamento giuridico speciale in relazione alle misure volte a proteggere il paese dalla pandemia di coronavirus, ha detto marted\u00ec il centro stampa governativo sul coronavirus.<\/strong><\/p>\n<p>La mossa mira a migliorare l\u2019assistenza ai pazienti, alleggerire il peso sugli operatori sanitari e garantire l\u2019attuazione della strategia di vaccinazione contro il Covid-19 in Ungheria, ha affermato il centro a MTI.<\/p>\n<blockquote>\n<p>Garantir\u00e0 inoltre che il sistema sanitario operi sotto un\u2019unica leadership, migliorando cos\u00ec l\u2019efficacia delle misure di protezione contro il virus, ha aggiunto.<\/p>\n<\/blockquote>\n<p>Il centro ha inoltre sottolineato l&#8217;importanza che gli ambulatori partecipino agli sforzi di difesa pandemica del settore sanitario e prendano parte alla campagna di vaccinazione di massa del paese.<\/p>\n<ul>\n<li>leggi anche: <a href=\"https:\/\/dailynewshungary.com\/it\/ospedali-covid-sopraffatti-in-ungheria-vengono-reclutati-civili\/\" target=\"_blank\" rel=\"noopener noreferrer\">Ospedali COVID sopraffatti in Ungheria: vengono reclutati civili<\/a><\/li>\n<\/ul>\n<p>Il governo emaner\u00e0 quindi un decreto che autorizzer\u00e0 gli ospedali a supervisionare le operazioni degli ambulatori nelle loro aree per tutta la durata dell&#8217;ordinamento giuridico speciale, ha affermato il centro.<\/p>\n<blockquote>\n<p>Il decreto amplier\u00e0 inoltre l&#8217;autorit\u00e0 degli ospedali provinciali, delle cliniche universitarie e degli ospedali centrali della capitale per supervisionare tutte le attivit\u00e0 legate all&#8217;assistenza sanitaria nelle rispettive aree.<\/p>\n<\/blockquote>\n<p>Il decreto sar\u00e0 presto pubblicato sulla gazzetta ufficiale Magyar K\u00f6zl\u00f6ny, ha aggiunto il centro.<\/p>\n","protected":false},"excerpt":{"rendered":"<p>Gli ambulatori gestiti dal consiglio locale ungherese saranno gestiti dagli ospedali locali fino alla scadenza dell&#8217;ordinamento giuridico speciale in relazione alle misure volte a proteggere il paese dalla pandemia di coronavirus, ha detto marted\u00ec il centro stampa governativo sul coronavirus. La mossa mira a migliorare l\u2019assistenza ai pazienti, alleggerire il peso sugli operatori sanitari e [&hellip;]<\/p>\n","protected":false},"author":2,"featured_media":758054,"comment_status":"open","ping_status":"open","sticky":false,"template":"","format":"standard","meta":{"_display_image":"","footnotes":""},"categories":[1185],"tags":[1364,1656,1590,1501,1079,1248,1198,1196,1069],"class_list":["post-758053","post","type-post","status-publish","format-standard","has-post-thumbnail","hentry","category-politica-in-ungheria","tag-carenza-di-manodopera","tag-coronavirus","tag-coronavirus-in-ungheria","tag-governi-locali-in-ungheria","tag-governo-ungherese","tag-mercato-del-lavoro","tag-sistema-sanitario","tag-sistema-sanitario-ungherese","tag-ungheria"],"blocksy_meta":[],"author_username":"alk","telegram_post":"","public_post_metadata":{"breaking_news":"","important":"","csempe":"","center_tile":"","disable_thumbnail":"","target_lang":"","_featured_image_style":"","telegram_post":"","_xlat_group_id":""},"public_rank_math_data":{"title":"%titolo% %sep% %nomesito%","description":"","focus_keyword":"","canonical_url":"","robots":"","primary_category":"1185","breadcrumb_title":"","facebook_title":"","facebook_description":"","facebook_image":"","facebook_image_id":"","twitter_title":"","twitter_description":"","twitter_image":"","twitter_image_id":"","twitter_card_type":"","twitter_use_facebook":"","advanced_robots":"","pillar_content":"","seo_score":"","contentai_score":"","rich_snippet":""},"_links":{"self":[{"href":"https:\/\/dailynewshungary.com\/it\/wp-json\/wp\/v2\/posts\/758053","targetHints":{"allow":["GET"]}}],"collection":[{"href":"https:\/\/dailynewshungary.com\/it\/wp-json\/wp\/v2\/posts"}],"about":[{"href":"https:\/\/dailynewshungary.com\/it\/wp-json\/wp\/v2\/types\/post"}],"author":[{"embeddable":true,"href":"https:\/\/dailynewshungary.com\/it\/wp-json\/wp\/v2\/users\/2"}],"replies":[{"embeddable":true,"href":"https:\/\/dailynewshungary.com\/it\/wp-json\/wp\/v2\/comments?post=758053"}],"version-history":[{"count":0,"href":"https:\/\/dailynewshungary.com\/it\/wp-json\/wp\/v2\/posts\/758053\/revisions"}],"wp:featuredmedia":[{"embeddable":true,"href":"https:\/\/dailynewshungary.com\/it\/wp-json\/wp\/v2\/media\/758054"}],"wp:attachment":[{"href":"https:\/\/dailynewshungary.com\/it\/wp-json\/wp\/v2\/media?parent=758053"}],"wp:term":[{"taxonomy":"category","embeddable":true,"href":"https:\/\/dailynewshungary.com\/it\/wp-json\/wp\/v2\/categories?post=758053"},{"taxonomy":"post_tag","embeddable":true,"href":"https:\/\/dailynewshungary.com\/it\/wp-json\/wp\/v2\/tags?post=758053"}],"curies":[{"name":"wp","href":"https:\/\/api.w.org\/{rel}","templated":true}]}}