{"id":758446,"date":"2021-03-12T20:20:00","date_gmt":"2021-03-12T19:20:00","guid":{"rendered":"https:\/\/dailynewshungary.com\/it\/opposizione-dk-sussidi-salariali-in-ungheria-piu-bassi-nellue\/"},"modified":"2021-03-12T20:20:00","modified_gmt":"2021-03-12T19:20:00","slug":"opposizione-dk-sussidi-salariali-in-ungheria-piu-bassi-nellue","status":"publish","type":"post","link":"https:\/\/dailynewshungary.com\/it\/opposizione-dk-sussidi-salariali-in-ungheria-piu-bassi-nellue\/","title":{"rendered":"Opposizione DK: sussidi salariali in Ungheria pi\u00f9 bassi nell\u2019UE"},"content":{"rendered":"<p><strong>Gli ungheresi hanno ricevuto il livello pi\u00f9 basso di sussidi salariali nell&#8217;Unione europea lo scorso anno, ha detto venerd\u00ec il vice leader della Coalizione Democratica (DK) dell&#8217;opposizione in una conferenza stampa online.<\/strong><\/p>\n<p>Riferendosi ad un recente studio europeo, L\u00e1szl\u00f3 Varj\u00fa, che \u00e8 anche capo della commissione bilancio del parlamento, ha affermato che mentre in Croazia ogni altro dipendente ha ricevuto un sussidio salariale centrale, e in Austria questo vale per ogni terzo dipendente, l&#8217;Ungheria \u00e8 in fondo alla lista\u201d.<\/p>\n<blockquote>\n<p>Varj\u00fa insisteva sul fatto che il governo ungherese non era riuscito a gestire la re\u201d di crisi e aveva lasciato gli ungheresi dietro la re\u201d.<\/p>\n<\/blockquote>\n<p>Ha detto che DK ha chiesto al governo di rimborsare alle piccole e medie imprese l\u201980% dei ricavi persi nel 2020 e l\u201980% dei salari ai dipendenti licenziati.<\/p>\n<h4 class=\"titleNews\"><span id=\"ctl00_ContentPlaceHolder1_ctrlNewsControl_lbNewsTitle\">Coronavirus (LMP) vaccina gli insegnanti e gli assistenti sociali del governo<\/span><\/h4>\n<div>\n<p>Il partito di opposizione LMP ha invitato il governo a procedere a correzioni al piano di vaccinazione, dando priorit\u00e0 all&#8217;inoculazione degli insegnanti e degli assistenti sociali.<\/p>\n<p>Il co-leader della LMP M\u00e1t\u00e9 Kan\u00e1sz-Nagy ha dichiarato in una conferenza stampa online che il piano di vaccinazione era scarno sui dettagli e sulle repressioni imperfette. Non \u00e8 ancora chiaro chi sar\u00e0 vaccinato e quando le repree e i lavoratori delle istituzioni essenziali saranno lasciati ad aspettare, ha detto.<\/p>\n<blockquote>\n<p>Kan\u00e1sz-Nagy ha aggiunto che gli asili nido e le strutture di assistenza sociale, i luoghi in cui i membri della comunit\u00e0 si riunivano erano punti caldi del virus.<\/p>\n<\/blockquote>\n<p>Gli insegnanti dovrebbero essere vaccinati durante il blocco scolastico tra l\u20198 marzo e il 7 aprile, ha affermato.<\/p>\n<p>Allo stesso modo, sebbene tutti i dipendenti del settore sociale siano in prima linea negli sforzi di protezione, solo i dipendenti delle case residenziali sono stati vaccinati, ha affermato Kan\u00e1sz-Nagy.<\/p>\n<p>Il politico della LMP ha inoltre invitato il governo ad aumentare i salari nel settore e ad espandere il supplemento salariale di 500.000 fiorini (1.360 euro) concesso lo scorso anno agli operatori sanitari al settore dei servizi sociali.<\/p>\n<p>Nel frattempo, Kan\u00e1sz-Nagy ha invitato il pubblico ad accettare il vaccino quando offerto come unico modo per fermare la pandemia.<\/p>\n<\/div>\n","protected":false},"excerpt":{"rendered":"<p>Gli ungheresi hanno ricevuto il livello pi\u00f9 basso di sussidi salariali nell&#8217;Unione europea lo scorso anno, ha detto venerd\u00ec il vice leader della Coalizione Democratica (DK) dell&#8217;opposizione in una conferenza stampa online. Riferendosi ad un recente studio europeo, L\u00e1szl\u00f3 Varj\u00fa, che \u00e8 anche capo della commissione bilancio del parlamento, ha affermato che mentre in Croazia [&hellip;]<\/p>\n","protected":false},"author":33,"featured_media":758447,"comment_status":"open","ping_status":"open","sticky":false,"template":"","format":"standard","meta":{"_display_image":"","footnotes":""},"categories":[1185],"tags":[1093,1590,1079,1069,1075],"class_list":["post-758446","post","type-post","status-publish","format-standard","has-post-thumbnail","hentry","category-politica-in-ungheria","tag-coalizione-democratica","tag-coronavirus-in-ungheria","tag-governo-ungherese","tag-ungheria","tag-unione-europea"],"blocksy_meta":[],"author_username":"ugyelet","telegram_post":"","public_post_metadata":{"breaking_news":"","important":"","csempe":"","center_tile":"","disable_thumbnail":"","target_lang":"","_featured_image_style":"","telegram_post":"","_xlat_group_id":""},"public_rank_math_data":{"title":"%titolo% %sep% %nomesito%","description":"","focus_keyword":"","canonical_url":"","robots":"","primary_category":"1185","breadcrumb_title":"","facebook_title":"","facebook_description":"","facebook_image":"","facebook_image_id":"","twitter_title":"","twitter_description":"","twitter_image":"","twitter_image_id":"","twitter_card_type":"","twitter_use_facebook":"","advanced_robots":"","pillar_content":"","seo_score":"","contentai_score":"","rich_snippet":""},"_links":{"self":[{"href":"https:\/\/dailynewshungary.com\/it\/wp-json\/wp\/v2\/posts\/758446","targetHints":{"allow":["GET"]}}],"collection":[{"href":"https:\/\/dailynewshungary.com\/it\/wp-json\/wp\/v2\/posts"}],"about":[{"href":"https:\/\/dailynewshungary.com\/it\/wp-json\/wp\/v2\/types\/post"}],"author":[{"embeddable":true,"href":"https:\/\/dailynewshungary.com\/it\/wp-json\/wp\/v2\/users\/33"}],"replies":[{"embeddable":true,"href":"https:\/\/dailynewshungary.com\/it\/wp-json\/wp\/v2\/comments?post=758446"}],"version-history":[{"count":0,"href":"https:\/\/dailynewshungary.com\/it\/wp-json\/wp\/v2\/posts\/758446\/revisions"}],"wp:featuredmedia":[{"embeddable":true,"href":"https:\/\/dailynewshungary.com\/it\/wp-json\/wp\/v2\/media\/758447"}],"wp:attachment":[{"href":"https:\/\/dailynewshungary.com\/it\/wp-json\/wp\/v2\/media?parent=758446"}],"wp:term":[{"taxonomy":"category","embeddable":true,"href":"https:\/\/dailynewshungary.com\/it\/wp-json\/wp\/v2\/categories?post=758446"},{"taxonomy":"post_tag","embeddable":true,"href":"https:\/\/dailynewshungary.com\/it\/wp-json\/wp\/v2\/tags?post=758446"}],"curies":[{"name":"wp","href":"https:\/\/api.w.org\/{rel}","templated":true}]}}