{"id":758562,"date":"2021-03-09T17:23:18","date_gmt":"2021-03-09T16:23:18","guid":{"rendered":"https:\/\/dailynewshungary.com\/it\/il-lotto-di-vaccino-covid-19-dellaustria-ha-interrotto-luso-di-prodotti-destinati-a-17-paesi\/"},"modified":"2021-03-09T17:23:18","modified_gmt":"2021-03-09T16:23:18","slug":"il-lotto-di-vaccino-covid-19-dellaustria-ha-interrotto-luso-di-prodotti-destinati-a-17-paesi","status":"publish","type":"post","link":"https:\/\/dailynewshungary.com\/it\/il-lotto-di-vaccino-covid-19-dellaustria-ha-interrotto-luso-di-prodotti-destinati-a-17-paesi\/","title":{"rendered":"Il lotto di vaccino COVID-19 dell\u2019Austria ha interrotto l\u2019uso di prodotti destinati a 17 paesi"},"content":{"rendered":"<p><strong>L&#8217;Austria \u00e8 stato uno dei 17 paesi europei a ricevere dosi da un lotto di vaccino anti-COVID-19 di AstraZeneca che le autorit\u00e0 austriache hanno smesso di utilizzare mentre indagavano su un decesso e una malattia in seguito al loro utilizzo, ha detto marted\u00ec un alto funzionario sanitario.<\/strong><\/p>\n<p>Un&#8217;infermiera di 49 anni a Zwettl, una cittadina a nord-ovest di Vienna, \u00e8 morta a causa di gravi disturbi della coagulazione dopo aver ricevuto il vaccino. Un&#8217;altra infermiera di Zwettl che ha 35 anni e ha ricevuto una dose dallo stesso lotto, ABV 5300, ha sviluppato un&#8217;embolia polmonare e si sta riprendendo.<\/p>\n<p>\u201cAbbiamo informato tutti i colleghi europei della rete europea poich\u00e9 questo lotto, che ammontava a circa un milione di dosi in totale, \u00e8 stato inviato in 17 paesi europei,\u201d Christa Wirthumer-Hoche, capo dell&#8217;organismo austriaco di vigilanza del mercato dei medicinali dell&#8217;agenzia sanitaria pubblica AGES, ha detto in una conferenza stampa.<\/p>\n<blockquote>\n<p>Il comitato di valutazione dei rischi per la farmacovigilanza (PRAC) dell&#8217;Agenzia europea per i medicinali, che monitora la sicurezza dei medicinali, ha discusso il caso luned\u00ec, ha affermato Wirthumer-Hoche, che \u00e8 anche a capo del consiglio di amministrazione dell&#8217;EMA.<\/p>\n<\/blockquote>\n<p>Non ha identificato i paesi n\u00e9 ha detto quali passi, se del caso, hanno intrapreso. AstraZeneca ha affermato di essere in contatto con le autorit\u00e0 austriache e sosterr\u00e0 pienamente le indagini.<\/p>\n<p>La societ\u00e0 anglo-svedese ha affermato che tutti i lotti sono soggetti a controlli di qualit\u00e0 rigorosi e rigorosi e che non si sono verificati eventi avversi gravi non confermati associati al vaccino\u201d.<\/p>\n<p>\u00c8 in corso l&#8217;autopsia dell&#8217;infermiera e Wirthumer-Hoche ha detto che si aspettava i risultati la prossima settimana.<\/p>\n<p>Le autorit\u00e0 di regolamentazione dell&#8217;Unione Europea alla fine di gennaio hanno approvato il prodotto, affermando che era efficace e sicuro da usare, mentre l&#8217;Organizzazione Mondiale della Sanit\u00e0 a met\u00e0 febbraio lo ha elencato per l&#8217;uso di emergenza.<\/p>\n<blockquote>\n<p>Le reazioni avverse osservate negli studi sono state per la maggior parte di breve durata e non sono stati segnalati problemi di coagulazione del sangue.<\/p>\n<\/blockquote>\n<p>Una valutazione della sicurezza da parte dell&#8217;autorit\u00e0 tedesca di regolamentazione dei vaccini di oltre 360.000 persone che hanno ricevuto il vaccino AstraZeneca il mese scorso ha concluso che le reazioni avverse erano in linea con il profilo di sicurezza descritto negli studi clinici.<\/p>\n<ul>\n<li><a href=\"https:\/\/dailynewshungary.com\/news_to_go\/10-million-doses-of-sputnik-v-could-be-produced-in-italy-by-the-end-of-the-year\/\" target=\"_blank\" rel=\"noopener noreferrer\">10 milioni di dosi di Sputnik V potrebbero essere prodotte in Italia entro la fine dell&#8217;anno<\/a><\/li>\n<\/ul>\n","protected":false},"excerpt":{"rendered":"<p>L&#8217;Austria \u00e8 stato uno dei 17 paesi europei a ricevere dosi da un lotto di vaccino anti-COVID-19 di AstraZeneca che le autorit\u00e0 austriache hanno smesso di utilizzare mentre indagavano su un decesso e una malattia in seguito al loro utilizzo, ha detto marted\u00ec un alto funzionario sanitario. Un&#8217;infermiera di 49 anni a Zwettl, una cittadina [&hellip;]<\/p>\n","protected":false},"author":2,"featured_media":758563,"comment_status":"open","ping_status":"open","sticky":false,"template":"","format":"standard","meta":{"_display_image":"","footnotes":""},"categories":[1197],"tags":[1137,1075,1657],"class_list":["post-758562","post","type-post","status-publish","format-standard","has-post-thumbnail","hentry","category-mondo","tag-austria","tag-unione-europea","tag-vaccino-covid-19"],"blocksy_meta":[],"author_username":"alk","telegram_post":"","public_post_metadata":{"breaking_news":"","important":"","csempe":"","center_tile":"","disable_thumbnail":"","target_lang":"","_featured_image_style":"","telegram_post":"","_xlat_group_id":""},"public_rank_math_data":{"title":"%titolo% %sep% %nomesito%","description":"","focus_keyword":"","canonical_url":"","robots":"","primary_category":"1197","breadcrumb_title":"","facebook_title":"","facebook_description":"","facebook_image":"","facebook_image_id":"","twitter_title":"","twitter_description":"","twitter_image":"","twitter_image_id":"","twitter_card_type":"","twitter_use_facebook":"","advanced_robots":"","pillar_content":"","seo_score":"","contentai_score":"","rich_snippet":""},"_links":{"self":[{"href":"https:\/\/dailynewshungary.com\/it\/wp-json\/wp\/v2\/posts\/758562","targetHints":{"allow":["GET"]}}],"collection":[{"href":"https:\/\/dailynewshungary.com\/it\/wp-json\/wp\/v2\/posts"}],"about":[{"href":"https:\/\/dailynewshungary.com\/it\/wp-json\/wp\/v2\/types\/post"}],"author":[{"embeddable":true,"href":"https:\/\/dailynewshungary.com\/it\/wp-json\/wp\/v2\/users\/2"}],"replies":[{"embeddable":true,"href":"https:\/\/dailynewshungary.com\/it\/wp-json\/wp\/v2\/comments?post=758562"}],"version-history":[{"count":0,"href":"https:\/\/dailynewshungary.com\/it\/wp-json\/wp\/v2\/posts\/758562\/revisions"}],"wp:featuredmedia":[{"embeddable":true,"href":"https:\/\/dailynewshungary.com\/it\/wp-json\/wp\/v2\/media\/758563"}],"wp:attachment":[{"href":"https:\/\/dailynewshungary.com\/it\/wp-json\/wp\/v2\/media?parent=758562"}],"wp:term":[{"taxonomy":"category","embeddable":true,"href":"https:\/\/dailynewshungary.com\/it\/wp-json\/wp\/v2\/categories?post=758562"},{"taxonomy":"post_tag","embeddable":true,"href":"https:\/\/dailynewshungary.com\/it\/wp-json\/wp\/v2\/tags?post=758562"}],"curies":[{"name":"wp","href":"https:\/\/api.w.org\/{rel}","templated":true}]}}