{"id":758729,"date":"2021-03-04T17:05:00","date_gmt":"2021-03-04T16:05:00","guid":{"rendered":"https:\/\/dailynewshungary.com\/it\/lungheria-ospitera-le-gare-della-motogp-dal-2023\/"},"modified":"2021-03-04T17:05:00","modified_gmt":"2021-03-04T16:05:00","slug":"lungheria-ospitera-le-gare-della-motogp-dal-2023","status":"publish","type":"post","link":"https:\/\/dailynewshungary.com\/it\/lungheria-ospitera-le-gare-della-motogp-dal-2023\/","title":{"rendered":"L\u2019Ungheria ospiter\u00e0 le gare della MotoGP dal 2023"},"content":{"rendered":"<p><strong>L&#8217;Ungheria torner\u00e0 nel calendario della MotoGP nel 2023, dopo aver firmato un accordo decennale per ospitare le gare su una pista attualmente in costruzione vicino a Hajd\u00fan\u00e1n\u00e1s, nella parte orientale del Paese.<\/strong><\/p>\n<p>L&#8217;accordo \u00e8 stato firmato gioved\u00ec da Carmelo Ezpeleta, amministratore delegato del promotore della MotoGP Dorna Sports, e J\u00f3zsef Pacza, amministratore delegato di Kelet-Magyarorszagi Versenyp\u00e1lya, l&#8217;operatore della pista, presso il Ministero dell&#8217;Innovazione e della Tecnologia.<\/p>\n<p>Offerte per il<a href=\"https:\/\/dailynewshungary.com\/it\/la-moto-gp-arriva-in-ungheria\/\"> costruzione della pista da corsa<\/a> si prevede che saranno invitati alla fine dell&#8217;anno, ha detto in conferenza stampa Lajos K\u00f3sa, il deputato che rappresenta la regione ungherese orientale.<\/p>\n<p>Ezpeleta ha detto che Dorna Sports far\u00e0 tutto il possibile per assicurarsi che la gara abbia avuto successo sia dal punto di vista sportivo che economico.<\/p>\n<blockquote>\n<p>L&#8217;Ungheria ha ospitato per l&#8217;ultima volta un Gran Premio motociclistico nel 1992 all&#8217;Hungaroring.<\/p>\n<\/blockquote>\n","protected":false},"excerpt":{"rendered":"<p>L&#8217;Ungheria torner\u00e0 nel calendario della MotoGP nel 2023, dopo aver firmato un accordo decennale per ospitare le gare su una pista attualmente in costruzione vicino a Hajd\u00fan\u00e1n\u00e1s, nella parte orientale del Paese. L&#8217;accordo \u00e8 stato firmato gioved\u00ec da Carmelo Ezpeleta, amministratore delegato del promotore della MotoGP Dorna Sports, e J\u00f3zsef Pacza, amministratore delegato di Kelet-Magyarorszagi [&hellip;]<\/p>\n","protected":false},"author":33,"featured_media":758730,"comment_status":"open","ping_status":"open","sticky":false,"template":"","format":"standard","meta":{"_display_image":"","footnotes":""},"categories":[1268],"tags":[1465,1259,1260,1685,1069],"class_list":["post-758729","post","type-post","status-publish","format-standard","has-post-thumbnail","hentry","category-sport","tag-concorrenza","tag-edilizia","tag-investimenti","tag-motogp","tag-ungheria"],"blocksy_meta":[],"author_username":"ugyelet","telegram_post":"","public_post_metadata":{"breaking_news":"","important":"","csempe":"","center_tile":"","disable_thumbnail":"","target_lang":"","_featured_image_style":"","telegram_post":"","_xlat_group_id":""},"public_rank_math_data":{"title":"%titolo% %sep% %nomesito%","description":"","focus_keyword":"","canonical_url":"","robots":"","primary_category":"1268","breadcrumb_title":"","facebook_title":"","facebook_description":"","facebook_image":"","facebook_image_id":"","twitter_title":"","twitter_description":"","twitter_image":"","twitter_image_id":"","twitter_card_type":"","twitter_use_facebook":"","advanced_robots":"","pillar_content":"","seo_score":"","contentai_score":"","rich_snippet":""},"_links":{"self":[{"href":"https:\/\/dailynewshungary.com\/it\/wp-json\/wp\/v2\/posts\/758729","targetHints":{"allow":["GET"]}}],"collection":[{"href":"https:\/\/dailynewshungary.com\/it\/wp-json\/wp\/v2\/posts"}],"about":[{"href":"https:\/\/dailynewshungary.com\/it\/wp-json\/wp\/v2\/types\/post"}],"author":[{"embeddable":true,"href":"https:\/\/dailynewshungary.com\/it\/wp-json\/wp\/v2\/users\/33"}],"replies":[{"embeddable":true,"href":"https:\/\/dailynewshungary.com\/it\/wp-json\/wp\/v2\/comments?post=758729"}],"version-history":[{"count":0,"href":"https:\/\/dailynewshungary.com\/it\/wp-json\/wp\/v2\/posts\/758729\/revisions"}],"wp:featuredmedia":[{"embeddable":true,"href":"https:\/\/dailynewshungary.com\/it\/wp-json\/wp\/v2\/media\/758730"}],"wp:attachment":[{"href":"https:\/\/dailynewshungary.com\/it\/wp-json\/wp\/v2\/media?parent=758729"}],"wp:term":[{"taxonomy":"category","embeddable":true,"href":"https:\/\/dailynewshungary.com\/it\/wp-json\/wp\/v2\/categories?post=758729"},{"taxonomy":"post_tag","embeddable":true,"href":"https:\/\/dailynewshungary.com\/it\/wp-json\/wp\/v2\/tags?post=758729"}],"curies":[{"name":"wp","href":"https:\/\/api.w.org\/{rel}","templated":true}]}}