{"id":758908,"date":"2021-02-27T19:30:00","date_gmt":"2021-02-27T18:30:00","guid":{"rendered":"https:\/\/dailynewshungary.com\/it\/biden-ha-criticato-la-merkel-a-causa-dellungheria\/"},"modified":"2021-02-27T19:30:00","modified_gmt":"2021-02-27T18:30:00","slug":"biden-ha-criticato-la-merkel-a-causa-dellungheria","status":"publish","type":"post","link":"https:\/\/dailynewshungary.com\/it\/biden-ha-criticato-la-merkel-a-causa-dellungheria\/","title":{"rendered":"Biden ha criticato la Merkel a causa dell\u2019Ungheria"},"content":{"rendered":"<p><strong>Joe Biden \u00e8 ufficialmente finito per la prima volta in un conflitto con la cancelliera tedesca Angela Merkel come Presidente degli Stati Uniti, ci\u00f2 \u00e8 avvenuto nel quadro di una conferenza virtuale sulla sicurezza Il momento pi\u00f9 memorabile della conferenza \u00e8 stato quando Biden ha fatto riferimento a quella che la Merkel pensava fosse una cattiva gestione di certi problemi dell&#8217;Unione europea.<\/strong><\/p>\n<p>\u201cJoe Biden, il presidente degli Stati Uniti, ha spiegato per la prima volta come Presidente alla conferenza sulla sicurezza online a Monaco di Baviera che vuole rivitalizzare l&#8217;alleanza delle democrazie rispettose della legge contro l&#8217;ascesa globale delle forze politiche autoritarie, non ha menzionato i due Stati membri dell&#8217;UE, che stanno diventando sempre pi\u00f9 illiberali, Polonia e Ungheria, perch\u00e9 \u00e8 un uomo educato Se lo avesse fatto, avrebbe dovuto sollevare la questione della responsabilit\u00e0 della cancelliera tedesca Angela Merkel per il fatto che la leadership di questi due paesi ha voltato le spalle allo stato di diritto e alla democrazia, ha detto\u201d Philip Stephens, pubblicista del Financial Times (FT).<\/p>\n<p>Secondo Biden l&#8217;Unione Europea \u00e8 arrivata a una svolta Ci\u00f2 che conta \u00e8 quello che stanno facendo contro la Cina e la Russia sempre pi\u00f9 violente, che cercano costantemente di aumentare il loro potere Biden non ha fatto nomi, ma era chiaro che pensava anche all&#8217;Ungheria, <a href=\"https:\/\/www.napi.hu\/nemzetkozi_gazdasag\/biden-gyengeden-beszolt-merkelnek-a-magyar-rezsim-miatt.724062.html\" target=\"_blank\" rel=\"noopener noreferrer\">scrive napi.hu<\/a>.<\/p>\n<blockquote>\n<p>Biden ha anche lasciato intendere che sarebbe meglio se le promesse fossero sostituite da azioni.<\/p>\n<\/blockquote>\n<p>Sotto la presidenza di Trump, era forse comprensibile che l&#8217;Unione fosse meno in grado di agire contro i paesi che si discostavano dalla democrazia e dai principi di libert\u00e0 Tuttavia, ora non solo Trump ma anche il Partito Repubblicano hanno perso il loro potere negli USA, quindi l&#8217;UE ha anche migliori opportunit\u00e0 di agire contro i regimi illiberali Biden sente che la Merkel ha ripetutamente posto gli interessi economici della Germania al di sopra dei valori fondamentali del mondo occidentale.<\/p>\n<p>La Merkel era per lo pi\u00f9 d&#8217;accordo con la posizione di Biden ma ha osservato che potrebbero esserci grandi differenze tra le prospettive degli Stati Uniti e dell&#8217;UE Secondo il pubblicista del FT, la Merkel si riferiva al fatto che i paesi dell&#8217;UE dipendono molto di pi\u00f9 dalle economie russa e cinese, ad esempio, la cooperazione a lungo termine tra i gasdotti russo e tedesco \u00e8 particolarmente importante per i tedeschi.<\/p>\n<ul>\n<li><a href=\"https:\/\/dailynewshungary.com\/it\/il-primo-ministro-viktor-orban-avra-incubi-a-causa-del-presidente-biden\/\" target=\"_blank\" rel=\"noopener noreferrer\">Il primo ministro Viktor Orb\u00e1n avr\u00e0 incubi a causa del presidente Biden?<\/a><\/li>\n<li><a href=\"https:\/\/dailynewshungary.com\/it\/leurodeputato-jobbik-gyongyosi-alla-presidenza-di-biden-il-mondo-si-aspetta-la-normalita\/\" target=\"_blank\" rel=\"noopener noreferrer\">L&#8217;eurodeputato Jobbik Gy\u00f6ngy\u00f6si alla presidenza di Biden: il mondo si aspetta la normalit\u00e0<\/a><\/li>\n<\/ul>\n<p>Il motivo potrebbe essere simile per Polonia e Ungheria Nel 2020 questi due paesi hanno minacciato di porre il veto al piano di bilancio dell&#8217;UE La Merkel ha raggiunto un compromesso dell&#8217;ultimo minuto con loro Questo permetter\u00e0 ai governi ungherese e polacco di continuare le misure che sono spesso caratteristiche di una democrazia illiberale.<\/p>\n<blockquote>\n<p>Una di queste azioni \u00e8 stata che il primo ministro ungherese ha distrutto l&#8217;ultima stazione radio liberale ungherese.<\/p>\n<\/blockquote>\n<p>Tuttavia, i tedeschi hanno seri interessi legati all&#8217;Ungheria, principalmente a causa della produzione di automobili, che non vogliono perdere Cos\u00ec, gli interessi politici spesso svaniscono contro gli interessi dell&#8217;economia Biden \u00e8 probabile che lo sperimenti durante la sua presidenza, e l&#8217;Occidente continuer\u00e0 a lavorare con Cina e Russia, proprio come la democrazia liberale e illiberale trover\u00e0 una voce comune affinch\u00e9 l&#8217;economia funzioni con successo.<\/p>\n","protected":false},"excerpt":{"rendered":"<p>Joe Biden \u00e8 ufficialmente finito per la prima volta in un conflitto con la cancelliera tedesca Angela Merkel come Presidente degli Stati Uniti, ci\u00f2 \u00e8 avvenuto nel quadro di una conferenza virtuale sulla sicurezza Il momento pi\u00f9 memorabile della conferenza \u00e8 stato quando Biden ha fatto riferimento a quella che la Merkel pensava fosse una [&hellip;]<\/p>\n","protected":false},"author":48,"featured_media":758909,"comment_status":"open","ping_status":"open","sticky":false,"template":"","format":"standard","meta":{"_display_image":"","footnotes":""},"categories":[1185],"tags":[1105,1079,1178,1111,1069,1075],"class_list":["post-758908","post","type-post","status-publish","format-standard","has-post-thumbnail","hentry","category-politica-in-ungheria","tag-germania","tag-governo-ungherese","tag-russia","tag-stati-uniti","tag-ungheria","tag-unione-europea"],"blocksy_meta":[],"author_username":"bandrew","telegram_post":"","public_post_metadata":{"breaking_news":"","important":"","csempe":"","center_tile":"","disable_thumbnail":"","target_lang":"","_featured_image_style":"","telegram_post":"","_xlat_group_id":""},"public_rank_math_data":{"title":"%titolo% %sep% %nomesito%","description":"","focus_keyword":"","canonical_url":"","robots":"","primary_category":"1185","breadcrumb_title":"","facebook_title":"","facebook_description":"","facebook_image":"","facebook_image_id":"","twitter_title":"","twitter_description":"","twitter_image":"","twitter_image_id":"","twitter_card_type":"","twitter_use_facebook":"","advanced_robots":"","pillar_content":"","seo_score":"","contentai_score":"","rich_snippet":""},"_links":{"self":[{"href":"https:\/\/dailynewshungary.com\/it\/wp-json\/wp\/v2\/posts\/758908","targetHints":{"allow":["GET"]}}],"collection":[{"href":"https:\/\/dailynewshungary.com\/it\/wp-json\/wp\/v2\/posts"}],"about":[{"href":"https:\/\/dailynewshungary.com\/it\/wp-json\/wp\/v2\/types\/post"}],"author":[{"embeddable":true,"href":"https:\/\/dailynewshungary.com\/it\/wp-json\/wp\/v2\/users\/48"}],"replies":[{"embeddable":true,"href":"https:\/\/dailynewshungary.com\/it\/wp-json\/wp\/v2\/comments?post=758908"}],"version-history":[{"count":0,"href":"https:\/\/dailynewshungary.com\/it\/wp-json\/wp\/v2\/posts\/758908\/revisions"}],"wp:featuredmedia":[{"embeddable":true,"href":"https:\/\/dailynewshungary.com\/it\/wp-json\/wp\/v2\/media\/758909"}],"wp:attachment":[{"href":"https:\/\/dailynewshungary.com\/it\/wp-json\/wp\/v2\/media?parent=758908"}],"wp:term":[{"taxonomy":"category","embeddable":true,"href":"https:\/\/dailynewshungary.com\/it\/wp-json\/wp\/v2\/categories?post=758908"},{"taxonomy":"post_tag","embeddable":true,"href":"https:\/\/dailynewshungary.com\/it\/wp-json\/wp\/v2\/tags?post=758908"}],"curies":[{"name":"wp","href":"https:\/\/api.w.org\/{rel}","templated":true}]}}