{"id":760823,"date":"2020-12-27T13:30:00","date_gmt":"2020-12-27T12:30:00","guid":{"rendered":"https:\/\/dailynewshungary.com\/it\/gli-stati-uniti-si-stanno-davvero-preparando-contro-il-primo-ministro-viktor-orban\/"},"modified":"2020-12-27T13:30:00","modified_gmt":"2020-12-27T12:30:00","slug":"gli-stati-uniti-si-stanno-davvero-preparando-contro-il-primo-ministro-viktor-orban","status":"publish","type":"post","link":"https:\/\/dailynewshungary.com\/it\/gli-stati-uniti-si-stanno-davvero-preparando-contro-il-primo-ministro-viktor-orban\/","title":{"rendered":"Gli Stati Uniti si stanno davvero preparando contro il primo ministro Viktor Orb\u00e1n?"},"content":{"rendered":"<p><strong>Il contesto internazionale per quanto riguarda il governo ungherese sta cambiando, principalmente a causa della nuova leadership degli Stati Uniti d&#8217;America in arrivo, e il gabinetto si trover\u00e0 in una situazione difficile con i partner internazionali, ha detto G\u00e1bor T\u00f6r\u00f6k, valutando gli sviluppi politici pi\u00f9 importanti del 2020 nel programma ATV Egyenes Besz\u00e9d (Straight Talk).<\/strong><\/p>\n<p>Secondo l&#8217;analista politico, entro il 2022, potrebbero emergere casi arrivati dopo le elezioni ungheresi del 2014, e gli scandali di divieto sono solitamente riassunti nei titoli dei giornali, pensa che il PM Viktor Orb\u00e1n avrebbe dovuto aspettarsi che quando si fosse schierato in modo spettacolare con Donald Trump nella campagna presidenziale degli Stati Uniti o, per esempio, P\u00e9ter Szijj\u00e1rt\u00f3 avesse attaccato l&#8217;allora candidato alla presidenza Joe Biden con l&#8217;accusa di corruzione, questi non sarebbero rimasti senza risposta, questi <a href=\"https:\/\/telex.hu\/kulfold\/2020\/12\/25\/amerikai-egyesult-allamok-magyarorszag-biden-orban-2022\" target=\"_blank\" rel=\"noopener noreferrer\">scrive <em>Telex<\/em><\/a>.<\/p>\n<p>G\u00e1bor T\u00f6r\u00f6k ha aggiunto: un analista politico ungherese ha ovviamente pochissime informazioni su ci\u00f2 che sta accadendo nei workshop americani<\/p>\n<blockquote>\n<p>\u201cma quello che sento dai colleghi americani su come si sta preparando la nuova squadra, stanno cercando di fare in modo che ci aspettiamo qualcosa di ancora peggiore di quello su cui contiamo.\u201d<\/p>\n<\/blockquote>\n<p>Secondo T\u00f6r\u00f6k, Orb\u00e1n non aveva necessariamente spazio di manovra prima delle elezioni; se Trump avesse vinto, sarebbe stato molto positivo per lui, quindi ha acuito cos\u00ec tanto le tensioni che, se si arrivasse a questo, sarebbe possibile presentarlo in un modo in cui la piccola Ungheria viene attaccata dai grandi Stati Uniti d\u2019America. L&#8217;analista pensa che questa non sia necessariamente una cattiva posizione per il primo ministro ungherese Orb\u00e1n.<\/p>\n<p>Le possibili conseguenze delle elezioni presidenziali americane sulla politica interna ungherese possono essere viste in dettaglio in questo video con sottotitoli in inglese.<\/p>\n<figure class=\"wp-block-embed-youtube wp-block-embed is-type-video is-provider-youtube wp-embed-aspect-16-9 wp-has-aspect-ratio\">\n<div class=\"wp-block-embed__wrapper\">\n<iframe loading=\"lazy\" title=\"F\u00e1jni fog Orb\u00e1nnak, ha Trump elvesz\u00edti az eln\u00f6kv\u00e1laszt\u00e1st\" width=\"1480\" height=\"833\" src=\"https:\/\/www.youtube.com\/embed\/fHzKFfZwXL0?feature=oembed\" frameborder=\"0\" allow=\"accelerometer; autoplay; clipboard-write; encrypted-media; gyroscope; picture-in-picture; web-share\" referrerpolicy=\"strict-origin-when-cross-origin\" allowfullscreen=\"\"><\/iframe>\n<\/div>\n<\/figure>\n<p>G\u00e1bor T\u00f6r\u00f6k aveva precedentemente rilasciato un&#8217;intervista a <em><a href=\"https:\/\/nepszava.hu\/3103506_a-fidesznek-van-oka-az-aggodalomra\" target=\"_blank\" rel=\"noopener noreferrer\">N\u00e9pszava<\/a><\/em>. In esso, ha detto, tra le altre cose, che la comunicazione epidemiologica del partito al governo ungherese \u00e8 inadeguata L&#8217;impatto del <a href=\"https:\/\/dailynewshungary.com\/it\/scandalo-a-bruxelles-eurodeputato-ungherese-coinvolto-in-unorgia-illegale-a-bruxelles\/\" target=\"_blank\" rel=\"noopener noreferrer\">Caso Sz\u00e1jer<\/a> \u00e8 stato brutale.<\/p>\n<p>La forza politica di punta dell&#8217;opposizione \u00e8 la Coalizione Democratica L&#8217;analista politico ritiene che la chiave del cambio di governo possa essere <a href=\"https:\/\/dailynewshungary.com\/it\/ex-primo-ministro-gyurcsany-il-governo-orban-ha-perso-il-controllo\/\" target=\"_blank\" rel=\"noopener noreferrer\">Ferenc Gyurcs\u00e1ny<\/a>, Presidente della Repubblica Democratica del Congo.<\/p>\n","protected":false},"excerpt":{"rendered":"<p>Il contesto internazionale per quanto riguarda il governo ungherese sta cambiando, principalmente a causa della nuova leadership degli Stati Uniti d&#8217;America in arrivo, e il gabinetto si trover\u00e0 in una situazione difficile con i partner internazionali, ha detto G\u00e1bor T\u00f6r\u00f6k, valutando gli sviluppi politici pi\u00f9 importanti del 2020 nel programma ATV Egyenes Besz\u00e9d (Straight Talk). [&hellip;]<\/p>\n","protected":false},"author":48,"featured_media":760824,"comment_status":"open","ping_status":"open","sticky":false,"template":"","format":"standard","meta":{"_display_image":"","footnotes":""},"categories":[1185],"tags":[1093,1078,1079,1069,1083],"class_list":["post-760823","post","type-post","status-publish","format-standard","has-post-thumbnail","hentry","category-politica-in-ungheria","tag-coalizione-democratica","tag-fidesz","tag-governo-ungherese","tag-ungheria","tag-viktor-orban"],"blocksy_meta":[],"author_username":"bandrew","telegram_post":"","public_post_metadata":{"breaking_news":"","important":"","csempe":"","center_tile":"","disable_thumbnail":"","target_lang":"","_featured_image_style":"","telegram_post":"","_xlat_group_id":""},"public_rank_math_data":{"title":"%titolo% %sep% %nomesito%","description":"","focus_keyword":"","canonical_url":"","robots":"","primary_category":"1185","breadcrumb_title":"","facebook_title":"","facebook_description":"","facebook_image":"","facebook_image_id":"","twitter_title":"","twitter_description":"","twitter_image":"","twitter_image_id":"","twitter_card_type":"","twitter_use_facebook":"","advanced_robots":"","pillar_content":"","seo_score":"","contentai_score":"","rich_snippet":""},"_links":{"self":[{"href":"https:\/\/dailynewshungary.com\/it\/wp-json\/wp\/v2\/posts\/760823","targetHints":{"allow":["GET"]}}],"collection":[{"href":"https:\/\/dailynewshungary.com\/it\/wp-json\/wp\/v2\/posts"}],"about":[{"href":"https:\/\/dailynewshungary.com\/it\/wp-json\/wp\/v2\/types\/post"}],"author":[{"embeddable":true,"href":"https:\/\/dailynewshungary.com\/it\/wp-json\/wp\/v2\/users\/48"}],"replies":[{"embeddable":true,"href":"https:\/\/dailynewshungary.com\/it\/wp-json\/wp\/v2\/comments?post=760823"}],"version-history":[{"count":0,"href":"https:\/\/dailynewshungary.com\/it\/wp-json\/wp\/v2\/posts\/760823\/revisions"}],"wp:featuredmedia":[{"embeddable":true,"href":"https:\/\/dailynewshungary.com\/it\/wp-json\/wp\/v2\/media\/760824"}],"wp:attachment":[{"href":"https:\/\/dailynewshungary.com\/it\/wp-json\/wp\/v2\/media?parent=760823"}],"wp:term":[{"taxonomy":"category","embeddable":true,"href":"https:\/\/dailynewshungary.com\/it\/wp-json\/wp\/v2\/categories?post=760823"},{"taxonomy":"post_tag","embeddable":true,"href":"https:\/\/dailynewshungary.com\/it\/wp-json\/wp\/v2\/tags?post=760823"}],"curies":[{"name":"wp","href":"https:\/\/api.w.org\/{rel}","templated":true}]}}