{"id":760884,"date":"2020-12-24T14:00:00","date_gmt":"2020-12-24T13:00:00","guid":{"rendered":"https:\/\/dailynewshungary.com\/it\/natale-tesla-taxi-parade-a-budapest-taximas-video\/"},"modified":"2020-12-24T14:00:00","modified_gmt":"2020-12-24T13:00:00","slug":"natale-tesla-taxi-parade-a-budapest-taximas-video","status":"publish","type":"post","link":"https:\/\/dailynewshungary.com\/it\/natale-tesla-taxi-parade-a-budapest-taximas-video\/","title":{"rendered":"Natale Tesla Taxi parade a Budapest TAXIMAS Video"},"content":{"rendered":"<p><strong>Tutte le auto taxi Tesla disponibili a Budapest si vestivano con decorazioni natalizie e indossavano cappelli rossi da Babbo Natale per augurare una bella stagione natalizia Le 12 auto percorrevano le strade pi\u00f9 famose di Budapest (Piazza degli Eroi, Viale Andr\u00e1ssy, Chain Brisge, Piazza Clark \u00c1d\u00e1m, Bazar del Giardino del Castello), portando un sorriso sui volti dei passanti ovunque andassero. Era presente anche l&#8217;unico taxi Modello X dell&#8217;Ungheria, che rappresentava cos\u00ec Szeged.<\/strong><\/p>\n<figure class=\"wp-block-embed-youtube wp-block-embed is-type-video is-provider-youtube wp-embed-aspect-16-9 wp-has-aspect-ratio\">\n<div class=\"wp-block-embed__wrapper\">\n<iframe loading=\"lazy\" title=\"Kar\u00e1csonyi Tesla Taxis felvonul\u00e1s Budapesten - TAXIMAS\" width=\"1480\" height=\"833\" src=\"https:\/\/www.youtube.com\/embed\/8RtEBdICWf0?feature=oembed\" frameborder=\"0\" allow=\"accelerometer; autoplay; clipboard-write; encrypted-media; gyroscope; picture-in-picture; web-share\" referrerpolicy=\"strict-origin-when-cross-origin\" allowfullscreen=\"\"><\/iframe>\n<\/div>\n<\/figure>\n","protected":false},"excerpt":{"rendered":"<p>Tutte le auto taxi Tesla disponibili a Budapest si vestivano con decorazioni natalizie e indossavano cappelli rossi da Babbo Natale per augurare una bella stagione natalizia Le 12 auto percorrevano le strade pi\u00f9 famose di Budapest (Piazza degli Eroi, Viale Andr\u00e1ssy, Chain Brisge, Piazza Clark \u00c1d\u00e1m, Bazar del Giardino del Castello), portando un sorriso sui [&hellip;]<\/p>\n","protected":false},"author":14,"featured_media":0,"comment_status":"open","ping_status":"open","sticky":false,"template":"","format":"standard","meta":{"_display_image":"","footnotes":""},"categories":[1190],"tags":[1088,1158,1596,1523,1069,1124],"class_list":["post-760884","post","type-post","status-publish","format-standard","hentry","category-notizie-flash","tag-auto","tag-budapest","tag-natale","tag-trasporto","tag-ungheria","tag-video"],"blocksy_meta":[],"author_username":"fegyo.kinga","telegram_post":"","public_post_metadata":{"breaking_news":"","important":"","csempe":"","center_tile":"","disable_thumbnail":"","target_lang":"","_featured_image_style":"","telegram_post":"","_xlat_group_id":""},"public_rank_math_data":{"title":"%titolo% %sep% %nomesito%","description":"","focus_keyword":"","canonical_url":"","robots":"","primary_category":"1190","breadcrumb_title":"","facebook_title":"","facebook_description":"","facebook_image":"","facebook_image_id":"","twitter_title":"","twitter_description":"","twitter_image":"","twitter_image_id":"","twitter_card_type":"","twitter_use_facebook":"","advanced_robots":"","pillar_content":"","seo_score":"","contentai_score":"","rich_snippet":""},"_links":{"self":[{"href":"https:\/\/dailynewshungary.com\/it\/wp-json\/wp\/v2\/posts\/760884","targetHints":{"allow":["GET"]}}],"collection":[{"href":"https:\/\/dailynewshungary.com\/it\/wp-json\/wp\/v2\/posts"}],"about":[{"href":"https:\/\/dailynewshungary.com\/it\/wp-json\/wp\/v2\/types\/post"}],"author":[{"embeddable":true,"href":"https:\/\/dailynewshungary.com\/it\/wp-json\/wp\/v2\/users\/14"}],"replies":[{"embeddable":true,"href":"https:\/\/dailynewshungary.com\/it\/wp-json\/wp\/v2\/comments?post=760884"}],"version-history":[{"count":0,"href":"https:\/\/dailynewshungary.com\/it\/wp-json\/wp\/v2\/posts\/760884\/revisions"}],"wp:attachment":[{"href":"https:\/\/dailynewshungary.com\/it\/wp-json\/wp\/v2\/media?parent=760884"}],"wp:term":[{"taxonomy":"category","embeddable":true,"href":"https:\/\/dailynewshungary.com\/it\/wp-json\/wp\/v2\/categories?post=760884"},{"taxonomy":"post_tag","embeddable":true,"href":"https:\/\/dailynewshungary.com\/it\/wp-json\/wp\/v2\/tags?post=760884"}],"curies":[{"name":"wp","href":"https:\/\/api.w.org\/{rel}","templated":true}]}}