{"id":760961,"date":"2020-12-21T16:00:00","date_gmt":"2020-12-21T15:00:00","guid":{"rendered":"https:\/\/dailynewshungary.com\/it\/papa-francesco-ha-inviato-un-messaggio-indiretto-a-viktor-orban-e-katalin-novak\/"},"modified":"2020-12-21T16:00:00","modified_gmt":"2020-12-21T15:00:00","slug":"papa-francesco-ha-inviato-un-messaggio-indiretto-a-viktor-orban-e-katalin-novak","status":"publish","type":"post","link":"https:\/\/dailynewshungary.com\/it\/papa-francesco-ha-inviato-un-messaggio-indiretto-a-viktor-orban-e-katalin-novak\/","title":{"rendered":"Papa Francesco ha inviato un messaggio indiretto a Viktor Orb\u00e1n e Katalin Nov\u00e1k?"},"content":{"rendered":"<p><strong>Sebbene i nomi non siano direttamente menzionati nel nuovo libro di Papa Francesco, egli si pronuncia decisamente contro il populismo anti-migranti, nazional-cristiano e afferma che le donne non possono guadagnare meno degli uomini Una recensione del libro di <em>Sogniamo: il percorso verso un futuro migliore<\/em> dal <em>24<\/em>.<\/strong><\/p>\n<p>Secondo il <a rel=\"noopener noreferrer\" href=\"https:\/\/24.hu\/kultura\/2020\/12\/20\/ferenc-papa-populizmus-orban-konyv-kritika\/\" target=\"_blank\"><em>24<\/em><\/a>Critico di libri, il libro \u00e8 una buona lettura e, come ha detto lui, \u201cil mondo ne aveva bisogno come un boccone di pane\u201d, ma c&#8217;\u00e8 un grande aspetto negativo nel libro; ci sono affermazioni radicali che il maestro dei pensieri non riesce a giustificare Sostiene, ad esempio, che chi non rifiuta l&#8217;aborto, l&#8217;eutanasia e la pena di morte non pu\u00f2 nemmeno avere un senso di responsabilit\u00e0 ecologica. Non importa cosa pensiamo di questi argomenti, non bisogna limitarsi a buttare in giro affermazioni di questo calibro senza sostenerlo; inoltre, il papa sostiene che un reddito di base incondizionato, cos\u00ec come una riduzione dell\u2019orario di lavoro, aumenta l\u2019efficienza della produzione, ma non spiega perch\u00e9 pensa che lo farebbe.<\/p>\n<blockquote class=\"wp-block-quote is-layout-flow wp-block-quote-is-layout-flow\">\n<p>Tutti dovrebbero essere consapevoli che il libro non \u00e8 stato scritto dal Papa stesso, il che non \u00e8 necessariamente un problema, ma avrebbe dovuto essere evidenziato anche in copertina.<\/p>\n<\/blockquote>\n<p>Il giornalista britannico Austin Ivereigh fu pi\u00f9 di un aiutante; fu l&#8217;ideatore dell&#8217;idea di base, condusse le interviste e, in base alla loro corrispondenza, redasse un testo strutturato secondo le regole della sezione aurea.<\/p>\n<p>Come <a rel=\"noopener noreferrer\" href=\"https:\/\/24.hu\/kultura\/2020\/12\/20\/ferenc-papa-populizmus-orban-konyv-kritika\/\" target=\"_blank\"><em>24<\/em><\/a>Il critico del libro afferma:\u201cFrancis sintetizza l&#8217;interpretazione del mondo e delle crisi, in cui gli aspetti teologici, economici, politici e morali sono collegati a una sorprendente naturalezza\u201d. Il libro incoraggia gli atei, gli agnostici o i lettori con altre visioni del mondo a prendere una decisione basata sul proprio giudizio morale, ma presume chiaramente che i valori comuni dei lettori includano l&#8217;universalit\u00e0, la solidariet\u00e0 e la sussidiariet\u00e0.<\/p>\n<blockquote class=\"wp-block-quote is-layout-flow wp-block-quote-is-layout-flow\">\n<p>Secondo Papa Francesco, il cambiamento climatico, la migrazione e la crisi economica, cos\u00ec come la pandemia, non sono sfide separate, ma aspetti diversi dello stesso problema, pi\u00f9 precisamente i sintomi di una malattia comune, quindi non possono essere risolti separatamente.<\/p>\n<\/blockquote>\n<figure class=\"wp-block-image size-large\"><img loading=\"lazy\" decoding=\"async\" width=\"1400\" height=\"2147\" src=\"https:\/\/contentf5.dailynewshungary.com\/wp-content\/uploads\/2020\/12\/Let-Us-Dream-The-Path-to-a-Better-Future-Cover.jpg\" alt=\"Sogniamo il percorso verso una migliore copertura futura\" class=\"wp-image-369022\" srcset=\"https:\/\/contentf5.dailynewshungary.com\/wp-content\/uploads\/2020\/12\/Let-Us-Dream-The-Path-to-a-Better-Future-Cover.jpg 1400w, https:\/\/contentf5.dailynewshungary.com\/wp-content\/uploads\/2020\/12\/Let-Us-Dream-The-Path-to-a-Better-Future-Cover-768x1178.jpg 768w, https:\/\/contentf5.dailynewshungary.com\/wp-content\/uploads\/2020\/12\/Let-Us-Dream-The-Path-to-a-Better-Future-Cover-1002x1536.jpg 1002w, https:\/\/contentf5.dailynewshungary.com\/wp-content\/uploads\/2020\/12\/Let-Us-Dream-The-Path-to-a-Better-Future-Cover-1335x2048.jpg 1335w, https:\/\/contentf5.dailynewshungary.com\/wp-content\/uploads\/2020\/12\/Let-Us-Dream-The-Path-to-a-Better-Future-Cover-800x1227.jpg 800w, https:\/\/contentf5.dailynewshungary.com\/wp-content\/uploads\/2020\/12\/Let-Us-Dream-The-Path-to-a-Better-Future-Cover-1160x1779.jpg 1160w\" sizes=\"auto, (max-width: 1400px) 100vw, 1400px\"><figcaption>Lasciaci sognare: il percorso verso un futuro migliore Copertina Fonte: elenco Amazon (amazon.com\/Let-Us-Dream-Better-Future\/dp\/1982171863)<\/figcaption><\/figure>\n<p>Pensa che i sintomi includano la mancanza di solidariet\u00e0, l&#8217;avidit\u00e0 insaziabile di banche e corporazioni, la miopia, la corruzione e l&#8217;ideologizzazione della politica, la ricerca delle armi, il traffico di esseri umani, i sacerdoti che si tengono al di sopra della massa laicale e l&#8217;inseguimento dei privilegi mondani Il Papa sostiene che la ragione comune \u00e8 che le persone si sono allontanate dal loro ruolo nella Creazione; le persone si sono allontanate l&#8217;una dall&#8217;altra e dalla natura.<\/p>\n<blockquote class=\"wp-block-quote is-layout-flow wp-block-quote-is-layout-flow\">\n<p>Secondo il Papa, la tentazione pi\u00f9 grande del genere umano \u00e8 cedere a \u201ccourteous demons\u201d.<\/p>\n<\/blockquote>\n<p>L&#8217;ambizione della discussione non dovrebbe essere quella di superare l&#8217;altro; secondo lui, c&#8217;\u00e8 una tensione\u201cfertile tra i diversi punti di vista\u201d Il dialogo aperto \u00e8 un&#8217;opportunit\u00e0 per raggiungere intuizioni comuni Allo stesso tempo, per\u00f2, Papa Francesco \u00e8 ideologicamente critico: il freddo gli passa per la schiena da tradizionalisti conservatori, dogmatici rigidi e liberali utopici allo stesso modo.<\/p>\n<p>Il Papa darebbe alle donne un ruolo privilegiato in un mondo rinnovato, Sostiene fortemente una migliore stima finanziaria per le donne e crede che siano almeno altrettanto buone o addirittura migliori leader politici o ecclesiastici rispetto agli uomini La critica ha inserito un piccolo colpo verso <a rel=\"noreferrer noopener\" aria-label=\"Katalin Nov\u00e1k due to her recent video about women (opens in a new tab)\" href=\"https:\/\/dailynewshungary.com\/it\/il-video-ungherese-per-promuovere-lavere-figli-ha-suscitato-polemiche\/\" target=\"_blank\">Katalin Nov\u00e1k a causa del suo recente video sulle donne<\/a>.<\/p>\n<p>Francesco propugna la distribuzione equilibrata dei beni; egli suppone che le risorse non siano create per i privilegiati ma per l&#8217;intera umanit\u00e0, per cui dovrebbero essere condivise Lo sfruttamento \u00e8 cos\u00ec un confronto con la volont\u00e0 divina.<\/p>\n<p>\u201cUn cristiano non pu\u00f2 essere un nazionalista,\u201d dice Francesco Aggiunge che il genere umano deve sperimentare un&#8217;unit\u00e0 diversificata, non una separazione Il papa critica i leader politici populisti, separatisti e anti-migrazione con una lingua insolitamente tagliente Viktor Orb\u00e1n non \u00e8 menzionato per nome, ma \u00e8 impossibile che il capo della chiesa non abbia pensato specificamente al Primo Ministro ungherese, commenta il critico.<\/p>\n<blockquote class=\"wp-block-quote is-layout-flow wp-block-quote-is-layout-flow\">\n<p>\u201cLe dittature iniziano sempre cos\u00ec: seminano il seme della paura nel cuore del popolo, poi si offrono di proteggerlo dall&#8217;oggetto della sua paura, e in cambio negano loro il potere che determiner\u00e0 il suo futuro.\u201d<\/p>\n<\/blockquote>\n","protected":false},"excerpt":{"rendered":"<p>Sebbene i nomi non siano direttamente menzionati nel nuovo libro di Papa Francesco, egli si pronuncia decisamente contro il populismo anti-migranti, nazional-cristiano e afferma che le donne non possono guadagnare meno degli uomini Una recensione del libro di Sogniamo: il percorso verso un futuro migliore dal 24. Secondo il 24Critico di libri, il libro \u00e8 [&hellip;]<\/p>\n","protected":false},"author":28,"featured_media":760962,"comment_status":"open","ping_status":"open","sticky":false,"template":"","format":"standard","meta":{"_display_image":"","footnotes":""},"categories":[1185],"tags":[1079,1103,1311,1069,1083],"class_list":["post-760961","post","type-post","status-publish","format-standard","has-post-thumbnail","hentry","category-politica-in-ungheria","tag-governo-ungherese","tag-libro","tag-religione","tag-ungheria","tag-viktor-orban"],"blocksy_meta":[],"author_username":"Theecchipete","telegram_post":"","public_post_metadata":{"breaking_news":"","important":"","csempe":"","center_tile":"","disable_thumbnail":"","target_lang":"","_featured_image_style":"","telegram_post":"","_xlat_group_id":""},"public_rank_math_data":{"title":"%titolo% %sep% %nomesito%","description":"","focus_keyword":"","canonical_url":"","robots":"","primary_category":"1185","breadcrumb_title":"","facebook_title":"","facebook_description":"","facebook_image":"","facebook_image_id":"","twitter_title":"","twitter_description":"","twitter_image":"","twitter_image_id":"","twitter_card_type":"","twitter_use_facebook":"","advanced_robots":"","pillar_content":"","seo_score":"","contentai_score":"","rich_snippet":""},"_links":{"self":[{"href":"https:\/\/dailynewshungary.com\/it\/wp-json\/wp\/v2\/posts\/760961","targetHints":{"allow":["GET"]}}],"collection":[{"href":"https:\/\/dailynewshungary.com\/it\/wp-json\/wp\/v2\/posts"}],"about":[{"href":"https:\/\/dailynewshungary.com\/it\/wp-json\/wp\/v2\/types\/post"}],"author":[{"embeddable":true,"href":"https:\/\/dailynewshungary.com\/it\/wp-json\/wp\/v2\/users\/28"}],"replies":[{"embeddable":true,"href":"https:\/\/dailynewshungary.com\/it\/wp-json\/wp\/v2\/comments?post=760961"}],"version-history":[{"count":0,"href":"https:\/\/dailynewshungary.com\/it\/wp-json\/wp\/v2\/posts\/760961\/revisions"}],"wp:featuredmedia":[{"embeddable":true,"href":"https:\/\/dailynewshungary.com\/it\/wp-json\/wp\/v2\/media\/760962"}],"wp:attachment":[{"href":"https:\/\/dailynewshungary.com\/it\/wp-json\/wp\/v2\/media?parent=760961"}],"wp:term":[{"taxonomy":"category","embeddable":true,"href":"https:\/\/dailynewshungary.com\/it\/wp-json\/wp\/v2\/categories?post=760961"},{"taxonomy":"post_tag","embeddable":true,"href":"https:\/\/dailynewshungary.com\/it\/wp-json\/wp\/v2\/tags?post=760961"}],"curies":[{"name":"wp","href":"https:\/\/api.w.org\/{rel}","templated":true}]}}