{"id":761629,"date":"2020-12-01T15:25:07","date_gmt":"2020-12-01T14:25:07","guid":{"rendered":"https:\/\/dailynewshungary.com\/it\/governo-ungherese-contro-gli-ostacoli-ad-una-concorrenza-fiscale-leale\/"},"modified":"2020-12-01T15:25:07","modified_gmt":"2020-12-01T14:25:07","slug":"governo-ungherese-contro-gli-ostacoli-ad-una-concorrenza-fiscale-leale","status":"publish","type":"post","link":"https:\/\/dailynewshungary.com\/it\/governo-ungherese-contro-gli-ostacoli-ad-una-concorrenza-fiscale-leale\/","title":{"rendered":"Governo ungherese contro gli ostacoli ad una concorrenza fiscale leale"},"content":{"rendered":"<p><strong>L&#8217;Ungheria rifiuta qualsiasi tipo di regime fiscale internazionale che possa ostacolare una concorrenza fiscale leale, ha detto marted\u00ec il ministro delle Finanze Mih\u00e1ly Varga dopo una teleconferenza con i suoi omologhi dell&#8217;Unione Europea.<\/strong><\/p>\n<p>Secondo una proposta per un\u2019aliquota fiscale minima globale, se l\u2019importo dell\u2019imposta pagata da un gruppo multinazionale in un dato paese scende al di sotto dell\u2019aliquota proposta, la differenza verrebbe riscossa dal paese in cui ha sede la societ\u00e0, ha affermato il Ministero delle Finanze citando Varga. dicendo.<\/p>\n<p>Un sistema del genere sarebbe dannoso per l&#8217;Ungheria, ha detto, sottolineando che l&#8217;aliquota dell&#8217;imposta sulle societ\u00e0 del 9% dell&#8217;Ungheria \u00e8 la pi\u00f9 bassa dell&#8217;Unione Europea.<\/p>\n<blockquote>\n<p>L&#8217;Ungheria ritiene fondamentale esaminare la compatibilit\u00e0 delle proposte sul tavolo con il diritto dell&#8217;UE, ha affermato Varga.<\/p>\n<\/blockquote>\n<p>Allo stesso tempo, ha aggiunto, l&#8217;Ungheria concorda con la necessit\u00e0 di trovare una soluzione globale per quanto riguarda la tassazione dell&#8217;economia digitale nel quadro dell&#8217;Organizzazione per la cooperazione e lo sviluppo economico (OCSE).<\/p>\n<p>Il governo ungherese \u00e8 pronto a sostenere una soluzione basata su un ampio compromesso che eviti la doppia imposizione, ha affermato il ministero.<\/p>\n<ul>\n<li><a href=\"https:\/\/dailynewshungary.com\/news_to_go\/coronavirus-budapest-mayor-bkik-against-cancelling-local-business-tax\/\" target=\"_blank\" rel=\"noopener noreferrer\">Coronavirus 2 sindaco di Budapest: BKIK cancella l&#8217;imposta locale sulle imprese<\/a><\/li>\n<\/ul>\n","protected":false},"excerpt":{"rendered":"<p>L&#8217;Ungheria rifiuta qualsiasi tipo di regime fiscale internazionale che possa ostacolare una concorrenza fiscale leale, ha detto marted\u00ec il ministro delle Finanze Mih\u00e1ly Varga dopo una teleconferenza con i suoi omologhi dell&#8217;Unione Europea. Secondo una proposta per un\u2019aliquota fiscale minima globale, se l\u2019importo dell\u2019imposta pagata da un gruppo multinazionale in un dato paese scende al [&hellip;]<\/p>\n","protected":false},"author":2,"featured_media":761630,"comment_status":"open","ping_status":"open","sticky":false,"template":"","format":"standard","meta":{"_display_image":"","footnotes":""},"categories":[1314],"tags":[1079,1318,1069,1075],"class_list":["post-761629","post","type-post","status-publish","format-standard","has-post-thumbnail","hentry","category-economia-in-ungheria","tag-governo-ungherese","tag-tasse","tag-ungheria","tag-unione-europea"],"blocksy_meta":[],"author_username":"alk","telegram_post":"","public_post_metadata":{"breaking_news":"","important":"","csempe":"","center_tile":"","disable_thumbnail":"","target_lang":"","_featured_image_style":"","telegram_post":"","_xlat_group_id":""},"public_rank_math_data":{"title":"%titolo% %sep% %nomesito%","description":"","focus_keyword":"","canonical_url":"","robots":"","primary_category":"1314","breadcrumb_title":"","facebook_title":"","facebook_description":"","facebook_image":"","facebook_image_id":"","twitter_title":"","twitter_description":"","twitter_image":"","twitter_image_id":"","twitter_card_type":"","twitter_use_facebook":"","advanced_robots":"","pillar_content":"","seo_score":"","contentai_score":"","rich_snippet":""},"_links":{"self":[{"href":"https:\/\/dailynewshungary.com\/it\/wp-json\/wp\/v2\/posts\/761629","targetHints":{"allow":["GET"]}}],"collection":[{"href":"https:\/\/dailynewshungary.com\/it\/wp-json\/wp\/v2\/posts"}],"about":[{"href":"https:\/\/dailynewshungary.com\/it\/wp-json\/wp\/v2\/types\/post"}],"author":[{"embeddable":true,"href":"https:\/\/dailynewshungary.com\/it\/wp-json\/wp\/v2\/users\/2"}],"replies":[{"embeddable":true,"href":"https:\/\/dailynewshungary.com\/it\/wp-json\/wp\/v2\/comments?post=761629"}],"version-history":[{"count":0,"href":"https:\/\/dailynewshungary.com\/it\/wp-json\/wp\/v2\/posts\/761629\/revisions"}],"wp:featuredmedia":[{"embeddable":true,"href":"https:\/\/dailynewshungary.com\/it\/wp-json\/wp\/v2\/media\/761630"}],"wp:attachment":[{"href":"https:\/\/dailynewshungary.com\/it\/wp-json\/wp\/v2\/media?parent=761629"}],"wp:term":[{"taxonomy":"category","embeddable":true,"href":"https:\/\/dailynewshungary.com\/it\/wp-json\/wp\/v2\/categories?post=761629"},{"taxonomy":"post_tag","embeddable":true,"href":"https:\/\/dailynewshungary.com\/it\/wp-json\/wp\/v2\/tags?post=761629"}],"curies":[{"name":"wp","href":"https:\/\/api.w.org\/{rel}","templated":true}]}}