{"id":761908,"date":"2020-11-22T21:00:00","date_gmt":"2020-11-22T20:00:00","guid":{"rendered":"https:\/\/dailynewshungary.com\/it\/eurodeputato-fidesz-la-tirannia-dellue-potrebbe-avere-luogo-della-tirannia-comunista\/"},"modified":"2020-11-22T21:00:00","modified_gmt":"2020-11-22T20:00:00","slug":"eurodeputato-fidesz-la-tirannia-dellue-potrebbe-avere-luogo-della-tirannia-comunista","status":"publish","type":"post","link":"https:\/\/dailynewshungary.com\/it\/eurodeputato-fidesz-la-tirannia-dellue-potrebbe-avere-luogo-della-tirannia-comunista\/","title":{"rendered":"Eurodeputato Fidesz: la tirannia dell\u2019UE potrebbe avere luogo della tirannia comunista"},"content":{"rendered":"<p><strong>Collegando <a href=\"https:\/\/dailynewshungary.com\/it\/la-grande-rapina-al-treno-britannico-come-una-banda-di-15-uomini-rubo-26-milioni-di-sterline-nel-1963\/\">Unione europea<\/a> finanziando i criteri dello Stato di diritto, una tirannia dell&#8217;UE potrebbe prendere il posto di decenni di tirannia comunista, ha detto domenica alla radio pubblica Tam\u00e1s Deutsch, eurodeputato del governo Fidesz-KDNP.<\/strong><\/p>\n<p>\u201cGrazie mille, non auspichiamo n\u00e9 la tirannia orientale n\u00e9 quella occidentale, ha affermato\u201d Deutsch, sottolineando che l&#8217;obiettivo \u00e8 costringere l&#8217;Ungheria a far entrare i migranti e a riconoscere i matrimoni tra persone dello stesso sesso, nascondendosi dietro lo stato di diritto in un modo che \u00e8 \u201c\u201d imprudente e irritante.<\/p>\n<p>Una condizione fondamentale per garantire la parit\u00e0 di diritti per gli Stati membri \u00e8 che l&#8217;opinione di tutti sia importante sulle questioni pi\u00f9 importanti e che gli interessi e le posizioni di tutti siano rispettati, ha affermato.<\/p>\n<p>L&#8217;UE \u00e8 fondata sulla cooperazione efficace degli Stati nazionali, e il distintivo di questo successo non pu\u00f2 che essere quello di rimanere su questa strada, ha detto Non \u00e8 per caso che i Trattati UE richiedono l&#8217;unanimit\u00e0 dei capi di governo e di Stato degli Stati membri sulle decisioni pi\u00f9 importanti, ha aggiunto.<\/p>\n<blockquote>\n<p>Se uno Stato membro pone il veto su una decisione, esercita semplicemente il suo diritto di comunicare che non esiste ancora l\u2019unanimit\u00e0.<\/p>\n<\/blockquote>\n<p>Deutsch ha affermato che \u00e8 necessario raggiungere un consenso per l&#8217;avvio del prossimo bilancio settennale dell&#8217;UE e del fondo di recupero da 750 miliardi di euro, quindi si raggiunger\u00e0 un consenso, non importa quanto molti siano controversi al momento.<\/p>\n<p>Ha detto che non c&#8217;\u00e8 modo di aggirare il veto di Ungheria e Polonia poich\u00e9 i cittadini polacchi e ungheresi non possono accettare le decisioni dell&#8217;UE che consentono alla burocrazia di Bruxelles di costringere gli Stati membri ad accettare il reinsediamento obbligatorio dei migranti.<\/p>\n<p>\u201cDiciamo no alla migrazione e non c&#8217;\u00e8 modo che l&#8217;UE possa costringerci a cambiare questa posizione, sia con la forza politica o finanziaria, ricatti o minacce,\u201d, ha detto.<\/p>\n<p>Deutsch ha detto che i paesi europei, ad eccezione dell&#8217;Ungheria, hanno alzato le mani in aria quando la massiccia ondata di migranti illegali \u00e8 partita per il continente, e ci sono persino \u201ctali kibitzer guidati dal [finanziere statunitense] George Soros, che arrivano fino a dire che sarebbe utile rafforzare questa tendenza\u201d.<\/p>\n<blockquote>\n<p>\u201cL&#8217;Ungheria \u00e8 stato il primo paese, ma ora non \u00e8 l&#8217;unico paese che ha detto no alla migrazione e da allora ha sentito l&#8217;accusa di cercare illegalmente di impedire l&#8217;ingresso dei migranti, ha detto\u201d.<\/p>\n<\/blockquote>\n<p>Ha anche detto che la costituzione dell&#8217;Ungheria rifletteva valori scelti dalla stragrande maggioranza degli ungheresi e non rendeva possibile il matrimonio tra persone dello stesso sesso Se l&#8217;UE emana una direttiva contraria a questa, allora pu\u00f2 imporre multe al paese, sostenendo che l&#8217;Ungheria non osserva lo stato di diritto, ha aggiunto.<\/p>\n","protected":false},"excerpt":{"rendered":"<p>Collegando Unione europea finanziando i criteri dello Stato di diritto, una tirannia dell&#8217;UE potrebbe prendere il posto di decenni di tirannia comunista, ha detto domenica alla radio pubblica Tam\u00e1s Deutsch, eurodeputato del governo Fidesz-KDNP. \u201cGrazie mille, non auspichiamo n\u00e9 la tirannia orientale n\u00e9 quella occidentale, ha affermato\u201d Deutsch, sottolineando che l&#8217;obiettivo \u00e8 costringere l&#8217;Ungheria a [&hellip;]<\/p>\n","protected":false},"author":33,"featured_media":761909,"comment_status":"open","ping_status":"open","sticky":false,"template":"","format":"standard","meta":{"_display_image":"","footnotes":""},"categories":[1185],"tags":[1450,1079,1144,1069,1075],"class_list":["post-761908","post","type-post","status-publish","format-standard","has-post-thumbnail","hentry","category-politica-in-ungheria","tag-diritto","tag-governo-ungherese","tag-polonia","tag-ungheria","tag-unione-europea"],"blocksy_meta":[],"author_username":"ugyelet","telegram_post":"","public_post_metadata":{"breaking_news":"no","important":"no","csempe":"no","center_tile":"no","disable_thumbnail":"","target_lang":"","_featured_image_style":"","telegram_post":"","_xlat_group_id":""},"public_rank_math_data":{"title":"%titolo% %sep% %nomesito%","description":"","focus_keyword":"","canonical_url":"","robots":"","primary_category":"1185","breadcrumb_title":"","facebook_title":"","facebook_description":"","facebook_image":"","facebook_image_id":"","twitter_title":"","twitter_description":"","twitter_image":"","twitter_image_id":"","twitter_card_type":"","twitter_use_facebook":"","advanced_robots":"","pillar_content":"","seo_score":"","contentai_score":"","rich_snippet":""},"_links":{"self":[{"href":"https:\/\/dailynewshungary.com\/it\/wp-json\/wp\/v2\/posts\/761908","targetHints":{"allow":["GET"]}}],"collection":[{"href":"https:\/\/dailynewshungary.com\/it\/wp-json\/wp\/v2\/posts"}],"about":[{"href":"https:\/\/dailynewshungary.com\/it\/wp-json\/wp\/v2\/types\/post"}],"author":[{"embeddable":true,"href":"https:\/\/dailynewshungary.com\/it\/wp-json\/wp\/v2\/users\/33"}],"replies":[{"embeddable":true,"href":"https:\/\/dailynewshungary.com\/it\/wp-json\/wp\/v2\/comments?post=761908"}],"version-history":[{"count":0,"href":"https:\/\/dailynewshungary.com\/it\/wp-json\/wp\/v2\/posts\/761908\/revisions"}],"wp:featuredmedia":[{"embeddable":true,"href":"https:\/\/dailynewshungary.com\/it\/wp-json\/wp\/v2\/media\/761909"}],"wp:attachment":[{"href":"https:\/\/dailynewshungary.com\/it\/wp-json\/wp\/v2\/media?parent=761908"}],"wp:term":[{"taxonomy":"category","embeddable":true,"href":"https:\/\/dailynewshungary.com\/it\/wp-json\/wp\/v2\/categories?post=761908"},{"taxonomy":"post_tag","embeddable":true,"href":"https:\/\/dailynewshungary.com\/it\/wp-json\/wp\/v2\/tags?post=761908"}],"curies":[{"name":"wp","href":"https:\/\/api.w.org\/{rel}","templated":true}]}}