{"id":762043,"date":"2020-11-18T20:02:14","date_gmt":"2020-11-18T19:02:14","guid":{"rendered":"https:\/\/dailynewshungary.com\/it\/giustizia-min-narrativa-dellue-sullo-stato-di-diritto-falso-bbc-hardtalk-video\/"},"modified":"2020-11-18T20:02:14","modified_gmt":"2020-11-18T19:02:14","slug":"giustizia-min-narrativa-dellue-sullo-stato-di-diritto-falso-bbc-hardtalk-video","status":"publish","type":"post","link":"https:\/\/dailynewshungary.com\/it\/giustizia-min-narrativa-dellue-sullo-stato-di-diritto-falso-bbc-hardtalk-video\/","title":{"rendered":"Giustizia min: narrativa dell\u2019UE sullo Stato di diritto \u201cfalso\u201d BBC HardTalk VIDEO"},"content":{"rendered":"<p><strong>Il ministro della Giustizia Judit Varga ha commentato Facebook in relazione a un&#8217;intervista rilasciata marted\u00ec all&#8217;HardTalk della BBC, affermando di aver chiarito nell&#8217;intervista che la narrativa di Bruxelles sulla demolizione dello stato di diritto \u00e8 ipocrita e falsa conferma.<\/strong><\/p>\n<p>Mercoled\u00ec, nel post su Facebook, Varga ha affermato che \u00e8 deplorevole che il programma di\u201d sulla politica pi\u00f9 noto e visto di \u201cEurope abbia fatto affidamento per le sue ricerche di base sulla CEU e sulle organizzazioni civili e sui notiziari alleati dei critici del governo.<\/p>\n<p>Varga ha affermato che la campagna di disinformazione \u201ccoordinata\u201d sulla stampa occidentale, condotta \u201ccon il potente aiuto dell&#8217;opposizione ungherese\u201d, \u00e8 stata facilmente smentita con argomenti e fatti legali.<\/p>\n<ul>\n<li><a href=\"https:\/\/dailynewshungary.com\/it\/orban-veto-al-bilancio-dellue-dellungheria-in-linea-con-i-trattati\/\" target=\"_blank\" rel=\"noopener noreferrer\">Orb\u00e1n: veto al bilancio dell&#8217;UE dell&#8217;Ungheria in linea con i trattati<\/a><\/li>\n<\/ul>\n<h4><strong>L&#8217;intervista completa su BBC HARDTalk<\/strong><\/h4>\n<p><iframe loading=\"lazy\" src=\"https:\/\/www.facebook.com\/plugins\/video.php?href=https%3A%2F%2Fwww.facebook.com%2FVargaJuditMinisterofJustice%2Fvideos%2F116617290106414%2F&amp;show_text=0&amp;width=560\" width=\"560\" height=\"315\" style=\"border:none;overflow:hidden\" scrolling=\"no\" frameborder=\"0\" allowfullscreen=\"true\" allow=\"autoplay; clipboard-write; encrypted-media; picture-in-picture; web-share\"><\/iframe><\/p>\n<h4><strong>Post Facebook del ministro Varga su HardTalk:<\/strong><\/h4>\n<p>Trasmettilo! ecco la mia intervista completa su BBC HARDTalk.<br \/>\u2022 Mi dispiace che nel programma politico forse pi\u00f9 noto e visto d&#8217;Europa, in 24 minuti, abbia ricevuto accuse basate solo su gruppi ben noti: CEU, diritto civile, index.hu, libert\u00e0 di stampa morente, ecc. D&#8217;altra parte, sono lieto che, attraverso l&#8217;intervista, sia diventato chiaro a molti dei nostri amici europei che la narrativa di Bruxelles sulla demolizione dello Stato di diritto \u00e8 ipocrita e falsa <br \/>\u2022 Come \u00e8 stato subito rivelato in questa intervista, la campagna coordinata di disinformazione contro l&#8217;Ungheria sulla stampa occidentale, costruita con il potente aiuto dell&#8217;opposizione ungherese, scoppia facilmente se si risponde all&#8217;accusa con argomenti legali e fatti magri.<br \/>\u2022 Non importa quanto gridino forte, non importa quante volte si ripeta che Ungheria e Polonia hanno bloccato l\u2019accordo storico, la realt\u00e0, d\u2019altro canto, \u00e8 che la responsabilit\u00e0 morale spetta a coloro che vogliono riscrivere i 27 capi dell\u2019UE di Stato e di governo per ragioni ideologiche accordo unanime a luglio<br \/>\u2022 Chiarire a tutti che l&#8217;Ungheria non pu\u00f2 essere ricattata.<br \/>\u2022 Non appena torneremo all&#8217;accordo precedentemente unanime o verr\u00e0 rimesso sul tavolo un testo esente da ricatti ideologici e in linea con i trattati dell&#8217;UE, l&#8217;Ungheria sar\u00e0 la prima ad adottarlo.<br \/>\u2022 Nel frattempo faremo del nostro meglio per rendere le voci dell&#8217;Ungheria e del popolo ungherese sempre pi\u00f9 forti in tutta Europa, perch\u00e9 credo che il vecchio continente non avesse bisogno di questa voce chiara e sincera tanto quanto oggi.<br \/>La patria soprattutto!<\/p>\n","protected":false},"excerpt":{"rendered":"<p>Il ministro della Giustizia Judit Varga ha commentato Facebook in relazione a un&#8217;intervista rilasciata marted\u00ec all&#8217;HardTalk della BBC, affermando di aver chiarito nell&#8217;intervista che la narrativa di Bruxelles sulla demolizione dello stato di diritto \u00e8 ipocrita e falsa conferma. Mercoled\u00ec, nel post su Facebook, Varga ha affermato che \u00e8 deplorevole che il programma di\u201d sulla [&hellip;]<\/p>\n","protected":false},"author":2,"featured_media":762044,"comment_status":"open","ping_status":"open","sticky":false,"template":"","format":"standard","meta":{"_display_image":"","footnotes":""},"categories":[1185],"tags":[1079,1069,1075,1124],"class_list":["post-762043","post","type-post","status-publish","format-standard","has-post-thumbnail","hentry","category-politica-in-ungheria","tag-governo-ungherese","tag-ungheria","tag-unione-europea","tag-video"],"blocksy_meta":[],"author_username":"alk","telegram_post":"","public_post_metadata":{"breaking_news":"no","important":"no","csempe":"no","center_tile":"no","disable_thumbnail":"","target_lang":"","_featured_image_style":"","telegram_post":"","_xlat_group_id":""},"public_rank_math_data":{"title":"%titolo% %sep% %nomesito%","description":"","focus_keyword":"","canonical_url":"","robots":"","primary_category":"1185","breadcrumb_title":"","facebook_title":"","facebook_description":"","facebook_image":"","facebook_image_id":"","twitter_title":"","twitter_description":"","twitter_image":"","twitter_image_id":"","twitter_card_type":"","twitter_use_facebook":"","advanced_robots":"","pillar_content":"","seo_score":"","contentai_score":"","rich_snippet":""},"_links":{"self":[{"href":"https:\/\/dailynewshungary.com\/it\/wp-json\/wp\/v2\/posts\/762043","targetHints":{"allow":["GET"]}}],"collection":[{"href":"https:\/\/dailynewshungary.com\/it\/wp-json\/wp\/v2\/posts"}],"about":[{"href":"https:\/\/dailynewshungary.com\/it\/wp-json\/wp\/v2\/types\/post"}],"author":[{"embeddable":true,"href":"https:\/\/dailynewshungary.com\/it\/wp-json\/wp\/v2\/users\/2"}],"replies":[{"embeddable":true,"href":"https:\/\/dailynewshungary.com\/it\/wp-json\/wp\/v2\/comments?post=762043"}],"version-history":[{"count":0,"href":"https:\/\/dailynewshungary.com\/it\/wp-json\/wp\/v2\/posts\/762043\/revisions"}],"wp:featuredmedia":[{"embeddable":true,"href":"https:\/\/dailynewshungary.com\/it\/wp-json\/wp\/v2\/media\/762044"}],"wp:attachment":[{"href":"https:\/\/dailynewshungary.com\/it\/wp-json\/wp\/v2\/media?parent=762043"}],"wp:term":[{"taxonomy":"category","embeddable":true,"href":"https:\/\/dailynewshungary.com\/it\/wp-json\/wp\/v2\/categories?post=762043"},{"taxonomy":"post_tag","embeddable":true,"href":"https:\/\/dailynewshungary.com\/it\/wp-json\/wp\/v2\/tags?post=762043"}],"curies":[{"name":"wp","href":"https:\/\/api.w.org\/{rel}","templated":true}]}}