{"id":762616,"date":"2020-11-02T11:30:00","date_gmt":"2020-11-02T10:30:00","guid":{"rendered":"https:\/\/dailynewshungary.com\/it\/il-bilancio-delle-vittime-del-terremoto-sale-a-79-in-turchia-lungheria-manda-le-condoglianze\/"},"modified":"2020-11-02T11:30:00","modified_gmt":"2020-11-02T10:30:00","slug":"il-bilancio-delle-vittime-del-terremoto-sale-a-79-in-turchia-lungheria-manda-le-condoglianze","status":"publish","type":"post","link":"https:\/\/dailynewshungary.com\/it\/il-bilancio-delle-vittime-del-terremoto-sale-a-79-in-turchia-lungheria-manda-le-condoglianze\/","title":{"rendered":"Il bilancio delle vittime del terremoto sale a 79 in Turchia, l\u2019Ungheria manda le condoglianze"},"content":{"rendered":"<p>Almeno 79 persone sono state uccise e altre 962 sono rimaste ferite in un forte terremoto che ha colpito la provincia occidentale turca di Izmir, ha detto luned\u00ec l&#8217;Autorit\u00e0 per la gestione dei disastri e delle emergenze (AFAD).<\/p>\n<p>In una dichiarazione scritta, l&#8217;AFAD ha osservato che le operazioni di salvataggio sono ancora in corso tra i detriti di otto edifici crollati in tutta la provincia.<\/p>\n<p>Elif Perincek, una bambina di 3 anni, \u00e8 stata salvata da sotto i detriti 65 ore dopo il terremoto la mattina presto, ha annunciato la CNN Turk in una trasmissione in diretta.<\/p>\n<p>Il vicedirettore dei vigili del fuoco del comune di Istanbul Ahmet Yavuz, che stava guidando i lavori di salvataggio l\u00ec, ha detto all&#8217;emittente che le squadre stavano lottando per salvare Elif negli ultimi tre giorni, compiendo grandi sforzi 24 ore su 24.<\/p>\n<blockquote>\n<p>\u201cAbbiamo notato Elif in un minuscolo spazio della vita con gli occhi aperti Mentre la tiravamo fuori, \u00e8 riuscita a stringere il dito di una mia collega Spero ce la far\u00e0ha detto\u201d Yavuz.<\/p>\n<\/blockquote>\n<p>Secondo quanto riportato dalla stampa, finora sono state recuperate complessivamente 106 persone dai rifiuti degli edifici crollati.<\/p>\n<p>Venerd\u00ec un terremoto di magnitudo 6,6 ha colpito il Mar Egeo al largo del distretto di Seferihisar di Izmir.<\/p>\n<ul>\n<li><a href=\"https:\/\/dailynewshungary.com\/it\/incendi-violenti-feriscono-2-vigili-del-fuoco-in-california-costringendo-a-massicce-evacuazioni\/\" target=\"_blank\" rel=\"noopener noreferrer\">Incendi violenti feriscono 2 vigili del fuoco in California, costringendo a massicce evacuazioni<\/a><\/li>\n<\/ul>\n<h4>Orb\u00e1n manda le condoglianze<\/h4>\n<p><strong>Il primo ministro Viktor Orb\u00e1n ha espresso il suo dolore e la sua simpatia per il recente terremoto in Turchia in una lettera inviata luned\u00ec al presidente Recep Tayyip Erdogan.<\/strong><\/p>\n<p>Nella sua lettera,<\/p>\n<blockquote>\n<p>Orb\u00e1n ha offerto il contributo dell&#8217;Ungheria agli sforzi delle autorit\u00e0 turche all&#8217;indomani del disastro di Izmir.<\/p>\n<\/blockquote>\n<h4>Il presidente della Camera invia le condoglianze<\/h4>\n<p>Il presidente della Camera ungherese L\u00e1szl\u00f3 K\u00f6v\u00e9r ha inviato un telegramma di condoglianze a Mustafa Sentop, il suo omologo turco, per il recente terremoto vicino a Izmir, nella Turchia occidentale.<\/p>\n<p>K\u00f6v\u00e9r si \u00e8 detto scioccato nell&#8217;apprendere del disastro che ha colpito la zona il 30 ottobre mietendo almeno 81 vittime e causando enormi danni.<\/p>\n<blockquote>\n<p>A nome dei legislatori ungheresi ha espresso le sue pi\u00f9 sentite condoglianze e solidariet\u00e0 al popolo turco.<\/p>\n<\/blockquote>\n<p>K\u00f6v\u00e9r ha espresso le sue condoglianze alle famiglie delle vittime e ha augurato una pronta guarigione ai feriti.<\/p>\n<p><em>Fonte: MTI\/Xinhua<\/em><\/p>\n","protected":false},"excerpt":{"rendered":"<p>Almeno 79 persone sono state uccise e altre 962 sono rimaste ferite in un forte terremoto che ha colpito la provincia occidentale turca di Izmir, ha detto luned\u00ec l&#8217;Autorit\u00e0 per la gestione dei disastri e delle emergenze (AFAD). In una dichiarazione scritta, l&#8217;AFAD ha osservato che le operazioni di salvataggio sono ancora in corso tra [&hellip;]<\/p>\n","protected":false},"author":32,"featured_media":0,"comment_status":"open","ping_status":"open","sticky":false,"template":"","format":"standard","meta":{"_display_image":"","footnotes":""},"categories":[1190],"tags":[1481,1086,1069],"class_list":["post-762616","post","type-post","status-publish","format-standard","hentry","category-notizie-flash","tag-disastro","tag-turchia","tag-ungheria"],"blocksy_meta":[],"author_username":"horvathadi","telegram_post":"","public_post_metadata":{"breaking_news":"","important":"","csempe":"","center_tile":"","disable_thumbnail":"","target_lang":"","_featured_image_style":"","telegram_post":"","_xlat_group_id":""},"public_rank_math_data":{"title":"%titolo% %sep% %nomesito%","description":"","focus_keyword":"","canonical_url":"","robots":"","primary_category":"1190","breadcrumb_title":"","facebook_title":"","facebook_description":"","facebook_image":"","facebook_image_id":"","twitter_title":"","twitter_description":"","twitter_image":"","twitter_image_id":"","twitter_card_type":"","twitter_use_facebook":"","advanced_robots":"","pillar_content":"","seo_score":"","contentai_score":"","rich_snippet":""},"_links":{"self":[{"href":"https:\/\/dailynewshungary.com\/it\/wp-json\/wp\/v2\/posts\/762616","targetHints":{"allow":["GET"]}}],"collection":[{"href":"https:\/\/dailynewshungary.com\/it\/wp-json\/wp\/v2\/posts"}],"about":[{"href":"https:\/\/dailynewshungary.com\/it\/wp-json\/wp\/v2\/types\/post"}],"author":[{"embeddable":true,"href":"https:\/\/dailynewshungary.com\/it\/wp-json\/wp\/v2\/users\/32"}],"replies":[{"embeddable":true,"href":"https:\/\/dailynewshungary.com\/it\/wp-json\/wp\/v2\/comments?post=762616"}],"version-history":[{"count":0,"href":"https:\/\/dailynewshungary.com\/it\/wp-json\/wp\/v2\/posts\/762616\/revisions"}],"wp:attachment":[{"href":"https:\/\/dailynewshungary.com\/it\/wp-json\/wp\/v2\/media?parent=762616"}],"wp:term":[{"taxonomy":"category","embeddable":true,"href":"https:\/\/dailynewshungary.com\/it\/wp-json\/wp\/v2\/categories?post=762616"},{"taxonomy":"post_tag","embeddable":true,"href":"https:\/\/dailynewshungary.com\/it\/wp-json\/wp\/v2\/tags?post=762616"}],"curies":[{"name":"wp","href":"https:\/\/api.w.org\/{rel}","templated":true}]}}