{"id":765841,"date":"2020-09-15T18:00:00","date_gmt":"2020-09-15T16:00:00","guid":{"rendered":"https:\/\/dailynewshungary.com\/it\/sapete-quali-citta-erano-prima-le-capitali-dellungheria-video\/"},"modified":"2020-09-15T18:00:00","modified_gmt":"2020-09-15T16:00:00","slug":"sapete-quali-citta-erano-prima-le-capitali-dellungheria-video","status":"publish","type":"post","link":"https:\/\/dailynewshungary.com\/it\/sapete-quali-citta-erano-prima-le-capitali-dellungheria-video\/","title":{"rendered":"Sapete quali citt\u00e0 erano prima le capitali dell\u2019Ungheria? VIDEO"},"content":{"rendered":"<p><strong>Il governo ungherese ha intenzione di spostare la capitale del paese da Budapest a Debrecen? &#8216;sto \u00e8 stato l&#8217;indice delle domande.hu ha chiesto in un articolo Diventa una domanda ogni una volta e una mentre, se \u00e8 bene avere Budapest come capitale del paese Pertanto, l&#8217;idea non \u00e8 insolita, inoltre, per centinaia di anni, la capitale dell&#8217;Ungheria non era Budapest.<\/strong><\/p>\n<p>Secondo il <a href=\"https:\/\/index.hu\/kultur\/2020\/09\/13\/koltozik-a-fovaros-debrecen-budapest-gulyas-gergely\/\" target=\"_blank\" rel=\"noopener\">indice.hu<\/a>, Gergely Guly\u00e1s ha confermato che durante il processo di stesura della costituzione nel 2010 e nel 2011 era una vera domanda se riconsiderare Budapest come capitale dell&#8217;Ungheria Ecco un breve video perch\u00e9 la maggior parte delle persone pensa che Budapest dovrebbe rimanere la capitale del paese:<\/p>\n<p><iframe loading=\"lazy\" title=\"Budapest 365 - Spice of Europe\" width=\"1480\" height=\"833\" src=\"https:\/\/www.youtube.com\/embed\/pHLKl8WOuu4?feature=oembed\" frameborder=\"0\" allow=\"accelerometer; autoplay; clipboard-write; encrypted-media; gyroscope; picture-in-picture; web-share\" referrerpolicy=\"strict-origin-when-cross-origin\" allowfullscreen=\"\"><\/iframe><\/p>\n<p>Tuttavia, per secoli, Budapest non fu la capitale del paese. Dopo che le trib\u00f9 ungheresi conquistarono il bacino dei Carpazi, il loro leader, \u00c1rp\u00e1d, scelse \u00d3buda come centro del suo regno. Tuttavia, intorno al 907, mor\u00ec, e successivamente il centro del potere si trasfer\u00ec dove vivevano i leader tribali e poi i re cristiani poich\u00e9 erano i maggiori proprietari terrieri del paese. Nel Medio Epoche, il triangolo Esztergom-Sz\u00e9kesfeh\u00e9rv\u00e1r-Buda pu\u00f2 essere considerato come<\/p>\n<blockquote>\n<p><span style=\"color: #0000ff;\">il centro di potere del Regno d&#8217;Ungheria, il cosiddetto \u201cMedium Regni.\u201d<\/span><\/p>\n<\/blockquote>\n<p>Esztergom era il centro spirituale con l&#8217;arcivescovo ungherese che viveva l\u00ec, Sz\u00e9kesfeh\u00e9rv\u00e1r fungeva da sede del monarca dove venivano incoronati re e regine mentre trascorrevano la Quaresima a \u00d3buda e Buda. B\u00e9la III (1172-1196), ad esempio, accolse l&#8217;imperatore del Sacro Romano Impero Federico I (1155-1190) a \u00d3buda e nell&#8217;isola di Csepel.<\/p>\n<ul>\n<li><a href=\"https:\/\/dailynewshungary.com\/it\/la-storia-alcolica-di-budapestco-video\/\">La storia \u2018alcolica\u2019 di Budapestco VIDEO<\/a><\/li>\n<li><a href=\"https:\/\/dailynewshungary.com\/it\/la-breve-storia-delle-tranvie-di-budapest\/\">La breve storia delle tranvie di Budapest<\/a><\/li>\n<li><a href=\"https:\/\/dailynewshungary.com\/it\/scopri-e-impara-la-nascita-di-budapest-2-foto\/\">Scopri e impara la nascita di Budapest! 2 FOTO<\/a><\/li>\n<\/ul>\n<p>B\u00e9la IV (1235-1270) decise di spostare la capitale a Buda, e anche l&#8217;invasione mongola (1241-1242) non pot\u00e9 impedirglielo. Dopo che la dinastia \u00c1rp\u00e1d si estinse, Carlo I (Dinastia d&#8217;Angi\u00f2, 1301-1342) trasfer\u00ec la capitale a Temesv\u00e1r (oggi Romania) e successivamente a Visegr\u00e1d. Visegr\u00e1d rimase il centro durante Luigi I d&#8217;Ungheria (1342-1382), ma anche il re di Polonia e Ungheria avvi\u00f2 progetti di costruzione a Buda.<\/p>\n<p>Durante il regno dell&#8217;imperatore del Sacro Romano Impero Sigismondo (1387-1437) e Mattia Corvino (1458-1490), Buda era nel suo periodo di massimo splendore e<\/p>\n<blockquote>\n<p><span style=\"color: #0000ff;\"> divenne uno dei centri rinascimentali d&#8217;Europa. <\/span><\/p>\n<\/blockquote>\n<p>Tuttavia, nel 1526, il Regno d&#8217;Ungheria perse contro l&#8217;Impero Ottomano e alcuni anni dopo, Solimano occup\u00f2 Buda (1541), Quindi, la capitale del paese si trasfer\u00ec a Pozsony (Bratislava) e vi rimase per pi\u00f9 di 300 anni Tuttavia, questo non significava che i re (e gli imperatori) asburgici vi abitassero, quindi essere una capitale significava che, ad esempio, le diete si tenevano in citt\u00e0.<\/p>\n<p>Durante l&#8217;era delle riforme, i leader dell&#8217;opposizione chiesero molte volte che Buda diventasse nuovamente la capitale dell&#8217;Ungheria ma gli Asburgo non lo sostennero Pertanto, non sorprende che dopo la rivoluzione del 15 marzo 1848 Buda riacquist\u00f2 il suo ruolo di primo piano e, insieme a Pest, divennero la sede del nuovo governo ungherese Tuttavia, quando le forze asburgiche li occuparono,<\/p>\n<blockquote>\n<p><span style=\"background-color: #999999; color: #0000ff;\">la capitale divenne Debrecen <\/span><\/p>\n<\/blockquote>\n<p>dove, ad esempio, l&#8217;Assemblea nazionale accett\u00f2 la Dichiarazione d&#8217;indipendenza ungherese nel 1849 La citt\u00e0 crebbe due volte pi\u00f9 grande, e alla maggior parte della gente del posto non piacque che diventassero la sede della nuova Repubblica ungherese poich\u00e9 i molti nuovi residenti generarono un aumento vertiginoso dei prezzi.<\/p>\n<p>Dopo la sconfitta della lotta per l&#8217;indipendenza, l&#8217;Ungheria divenne una provincia dell&#8217;Impero asburgico, nel 1867, compromisero i capi dell&#8217;Ungheria e gli Asburgo firmarono il Compromesso che rese il paese parte uguale dell&#8217;Impero austro-ungarico.<\/p>\n<blockquote>\n<p><span style=\"color: #0000ff;\">La Budapest unificata (1873) divenne rapidamente una delle metropoli pi\u00f9 belle d&#8217;Europa.<\/span><\/p>\n<\/blockquote>\n<p>Dopo il 1918, non c&#8217;era dubbio che Budapest sarebbe stata la capitale dell&#8217;Ungheria e la situazione cambi\u00f2 solo nel 1944-1945, quando la nuova Repubblica d&#8217;Ungheria scelse Debrecen come capitale temporanea del paese poich\u00e9 Budapest era sotto l&#8217;occupazione tedesca fino al febbraio 1945.<\/p>\n<p>Da allora Budapest \u00e8 la capitale dell&#8217;Ungheria e molti ungheresi sperano che non cambi in futuro.&nbsp;<\/p>\n<p>&nbsp;<\/p>\n","protected":false},"excerpt":{"rendered":"<p>Il governo ungherese ha intenzione di spostare la capitale del paese da Budapest a Debrecen? &#8216;sto \u00e8 stato l&#8217;indice delle domande.hu ha chiesto in un articolo Diventa una domanda ogni una volta e una mentre, se \u00e8 bene avere Budapest come capitale del paese Pertanto, l&#8217;idea non \u00e8 insolita, inoltre, per centinaia di anni, la [&hellip;]<\/p>\n","protected":false},"author":18,"featured_media":765843,"comment_status":"open","ping_status":"open","sticky":false,"template":"","format":"standard","meta":{"_display_image":"","footnotes":""},"categories":[1344],"tags":[1158,1389,1079,1223,1069,1124],"class_list":["post-765841","post","type-post","status-publish","format-standard","has-post-thumbnail","hentry","category-speciale-ungheria","tag-budapest","tag-debrecen","tag-governo-ungherese","tag-storia","tag-ungheria","tag-video"],"blocksy_meta":[],"author_username":"johnwoods","telegram_post":"","public_post_metadata":{"breaking_news":"","important":"","csempe":"","center_tile":"","disable_thumbnail":"","target_lang":"","_featured_image_style":"","telegram_post":"","_xlat_group_id":""},"public_rank_math_data":{"title":"%titolo% %sep% %nomesito%","description":"","focus_keyword":"","canonical_url":"","robots":"","primary_category":"1344","breadcrumb_title":"","facebook_title":"","facebook_description":"","facebook_image":"","facebook_image_id":"","twitter_title":"","twitter_description":"","twitter_image":"","twitter_image_id":"","twitter_card_type":"","twitter_use_facebook":"","advanced_robots":"","pillar_content":"","seo_score":"","contentai_score":"","rich_snippet":""},"_links":{"self":[{"href":"https:\/\/dailynewshungary.com\/it\/wp-json\/wp\/v2\/posts\/765841","targetHints":{"allow":["GET"]}}],"collection":[{"href":"https:\/\/dailynewshungary.com\/it\/wp-json\/wp\/v2\/posts"}],"about":[{"href":"https:\/\/dailynewshungary.com\/it\/wp-json\/wp\/v2\/types\/post"}],"author":[{"embeddable":true,"href":"https:\/\/dailynewshungary.com\/it\/wp-json\/wp\/v2\/users\/18"}],"replies":[{"embeddable":true,"href":"https:\/\/dailynewshungary.com\/it\/wp-json\/wp\/v2\/comments?post=765841"}],"version-history":[{"count":0,"href":"https:\/\/dailynewshungary.com\/it\/wp-json\/wp\/v2\/posts\/765841\/revisions"}],"wp:featuredmedia":[{"embeddable":true,"href":"https:\/\/dailynewshungary.com\/it\/wp-json\/wp\/v2\/media\/765843"}],"wp:attachment":[{"href":"https:\/\/dailynewshungary.com\/it\/wp-json\/wp\/v2\/media?parent=765841"}],"wp:term":[{"taxonomy":"category","embeddable":true,"href":"https:\/\/dailynewshungary.com\/it\/wp-json\/wp\/v2\/categories?post=765841"},{"taxonomy":"post_tag","embeddable":true,"href":"https:\/\/dailynewshungary.com\/it\/wp-json\/wp\/v2\/tags?post=765841"}],"curies":[{"name":"wp","href":"https:\/\/api.w.org\/{rel}","templated":true}]}}