{"id":766354,"date":"2020-09-09T16:00:00","date_gmt":"2020-09-09T14:00:00","guid":{"rendered":"https:\/\/dailynewshungary.com\/it\/scopri-e-impara-la-nascita-di-budapest-2-foto\/"},"modified":"2020-09-09T16:00:00","modified_gmt":"2020-09-09T14:00:00","slug":"scopri-e-impara-la-nascita-di-budapest-2-foto","status":"publish","type":"post","link":"https:\/\/dailynewshungary.com\/it\/scopri-e-impara-la-nascita-di-budapest-2-foto\/","title":{"rendered":"Scopri e impara la nascita di Budapest! 2 FOTO"},"content":{"rendered":"<p><strong>Budapest, la capitale dell&#8217;Ungheria, ha molti luoghi e opportunit\u00e0 uniche da offrire Ma molti non pensano al fatto che la citt\u00e0 abbia mille anni di storia alle spalle Vediamolo nei dettagli.<\/strong><\/p>\n<p><a href=\"https:\/\/www.magyarorszagom.hu\/budapest-a-19-20-szazadban_img-1.html\" target=\"_blank\" rel=\"noopener noreferrer\"><em><strong>Magyarorsz\u00e1gom<\/strong><\/em><\/a> ha riferito che la Budapest che conosciamo oggi era due citt\u00e0 individuali Buda e Pest su ciascun lato del fiume Danubio Durante l&#8217;era dell&#8217;et\u00e0 della riforma e la famiglia Sz\u00e9chenyi, molti nobili iniziarono a costruire i loro palazzi, palazzi e fu la leggendaria famiglia ungherese a fare il <a href=\"https:\/\/dailynewshungary.com\/?s=Chain+Bridge\" target=\"_blank\" rel=\"noopener noreferrer\"><strong>Ponte delle Catene<\/strong><\/a>, il Teatro Nazionale (nell&#8217;odierna piazza Blaha Lujza; l&#8217;edificio fu fatto esplodere) e il Museo Nazionale Il nuovo aspetto della citt\u00e0 era molto attraente per coloro che vivevano in campagna, e pi\u00f9 persone decisero di trasferirsi a Pest o Buda Entro la fine del 1830, le due citt\u00e0 divennero le parti pi\u00f9 importanti numero uno dell&#8217;Ungheria.<\/p>\n<figure id=\"attachment_139027\" aria-describedby=\"caption-attachment-139027\" style=\"width: 656px\" class=\"wp-caption aligncenter\"><img loading=\"lazy\" decoding=\"async\" class=\"wp-image-139027\" src=\"https:\/\/dailynewshungary.com\/wp-content\/uploads\/2017\/08\/chain-bridge-2-300x151.jpg\" alt=\"fortepan budapest bianco nero\" width=\"656\" height=\"330\" srcset=\"https:\/\/contentf5.dailynewshungary.com\/wp-content\/uploads\/2017\/08\/chain-bridge-2-300x151.jpg 300w, https:\/\/contentf5.dailynewshungary.com\/wp-content\/uploads\/2017\/08\/chain-bridge-2-768x387.jpg 768w, https:\/\/contentf5.dailynewshungary.com\/wp-content\/uploads\/2017\/08\/chain-bridge-2-1024x516.jpg 1024w, https:\/\/contentf5.dailynewshungary.com\/wp-content\/uploads\/2017\/08\/chain-bridge-2-220x111.jpg 220w, https:\/\/contentf5.dailynewshungary.com\/wp-content\/uploads\/2017\/08\/chain-bridge-2-600x302.jpg 600w, https:\/\/contentf5.dailynewshungary.com\/wp-content\/uploads\/2017\/08\/chain-bridge-2-200x101.jpg 200w, https:\/\/contentf5.dailynewshungary.com\/wp-content\/uploads\/2017\/08\/chain-bridge-2-1080x544.jpg 1080w, https:\/\/contentf5.dailynewshungary.com\/wp-content\/uploads\/2017\/08\/chain-bridge-2.jpg 1500w\" sizes=\"auto, (max-width: 656px) 100vw, 656px\"><figcaption id=\"caption-attachment-139027\" class=\"wp-caption-text\"><em>Foto: Fortepan<\/em><\/figcaption><\/figure>\n<p><img loading=\"lazy\" decoding=\"async\" class=\" wp-image-286068\" src=\"https:\/\/dailynewshungary.com\/wp-content\/uploads\/2019\/11\/Budapest-4-300x200.jpg\" alt=\"Budapest\" width=\"683\" height=\"455\" srcset=\"https:\/\/contentf5.dailynewshungary.com\/wp-content\/uploads\/2019\/11\/Budapest-4-300x200.jpg 300w, https:\/\/contentf5.dailynewshungary.com\/wp-content\/uploads\/2019\/11\/Budapest-4-768x512.jpg 768w, https:\/\/contentf5.dailynewshungary.com\/wp-content\/uploads\/2019\/11\/Budapest-4-1024x683.jpg 1024w, https:\/\/contentf5.dailynewshungary.com\/wp-content\/uploads\/2019\/11\/Budapest-4-800x533.jpg 800w, https:\/\/contentf5.dailynewshungary.com\/wp-content\/uploads\/2019\/11\/Budapest-4-1160x773.jpg 1160w, https:\/\/contentf5.dailynewshungary.com\/wp-content\/uploads\/2019\/11\/Budapest-4.jpg 1920w\" sizes=\"auto, (max-width: 683px) 100vw, 683px\"><\/p>\n<blockquote>\n<p>Nel 1838, l&#8217;alluvione distrusse molti edifici, ma qualche anno dopo iniziarono le ricostruzioni che portarono alle molte costruzioni, alcune di esse rimasero ancora oggi, Alla fine del 1840, la citt\u00e0 raggiunse i 100.000 abitanti, e sei anni dopo fu aperta anche la prima ferrovia Nel 1848, il Ponte delle Catene era pronto, e le prime navi iniziarono a trasferire merci e passeggeri sul Danubio.<\/p>\n<\/blockquote>\n<p>Il 1\u00b0 gennaio 1873 dalle parti Buda, Pest e \u00d3buda nacque Budapest La nuova capitale dell&#8217;Ungheria era principalmente la replica di Parigi con le sue strade e case che le circondavano La prima del paese <a href=\"https:\/\/dailynewshungary.com\/it\/la-storica-ferrovia-a-cremagliera-di-budapest-ha-145-anni\/\" target=\"_blank\" rel=\"noopener noreferrer\"><strong>ferrovia cogwheel<\/strong><\/a> inizi\u00f2 a funzionare e furono aperte le stazioni ferroviarie di Keleti e Nyugati. Nel 1896, per celebrare il millesimo compleanno dello stato ungherese, fu aperta la prima metropolitana del continente europeo, il palazzo del Parlamento fu completato insieme al viale Andr\u00e1ssy e al ponte della Libert\u00e0 (allora: Ponte Francesco Giuseppe).<\/p>\n<figure id=\"attachment_120892\" aria-describedby=\"caption-attachment-120892\" style=\"width: 782px\" class=\"wp-caption aligncenter\"><img loading=\"lazy\" decoding=\"async\" class=\" wp-image-120892\" src=\"https:\/\/dailynewshungary.com\/wp-content\/uploads\/2017\/06\/32578-300x194.jpg\" alt=\"X\" width=\"782\" height=\"506\" srcset=\"https:\/\/contentf5.dailynewshungary.com\/wp-content\/uploads\/2017\/06\/32578-300x194.jpg 300w, https:\/\/contentf5.dailynewshungary.com\/wp-content\/uploads\/2017\/06\/32578-768x496.jpg 768w, https:\/\/contentf5.dailynewshungary.com\/wp-content\/uploads\/2017\/06\/32578-220x142.jpg 220w, https:\/\/contentf5.dailynewshungary.com\/wp-content\/uploads\/2017\/06\/32578.jpg 1021w\" sizes=\"auto, (max-width: 782px) 100vw, 782px\"><figcaption id=\"caption-attachment-120892\" class=\"wp-caption-text\"><em>Foto: Fortepan<\/em><\/figcaption><\/figure>\n<figure id=\"attachment_240962\" aria-describedby=\"caption-attachment-240962\" style=\"width: 700px\" class=\"wp-caption aligncenter\"><img loading=\"lazy\" decoding=\"async\" class=\" wp-image-240962\" src=\"https:\/\/dailynewshungary.com\/wp-content\/uploads\/2019\/04\/fogas_3-300x203.jpg\" alt=\"Ferrovia della ruota dentata, Budapest, trasporti\" width=\"700\" height=\"474\" srcset=\"https:\/\/contentf5.dailynewshungary.com\/wp-content\/uploads\/2019\/04\/fogas_3-300x203.jpg 300w, https:\/\/contentf5.dailynewshungary.com\/wp-content\/uploads\/2019\/04\/fogas_3-768x519.jpg 768w, https:\/\/contentf5.dailynewshungary.com\/wp-content\/uploads\/2019\/04\/fogas_3-1024x692.jpg 1024w, https:\/\/contentf5.dailynewshungary.com\/wp-content\/uploads\/2019\/04\/fogas_3-600x405.jpg 600w, https:\/\/contentf5.dailynewshungary.com\/wp-content\/uploads\/2019\/04\/fogas_3-200x135.jpg 200w, https:\/\/contentf5.dailynewshungary.com\/wp-content\/uploads\/2019\/04\/fogas_3-1080x730.jpg 1080w, https:\/\/contentf5.dailynewshungary.com\/wp-content\/uploads\/2019\/04\/fogas_3.jpg 1280w\" sizes=\"auto, (max-width: 700px) 100vw, 700px\"><figcaption id=\"caption-attachment-240962\" class=\"wp-caption-text\"><em>Foto: Fortepan<\/em><\/figcaption><\/figure>\n<figure id=\"attachment_319051\" aria-describedby=\"caption-attachment-319051\" style=\"width: 703px\" class=\"wp-caption aligncenter\"><img loading=\"lazy\" decoding=\"async\" class=\" wp-image-319051\" src=\"https:\/\/dailynewshungary.com\/wp-content\/uploads\/2020\/04\/Millenium-Underground-Budapest-Hungary-300x201.jpg\" alt=\"Millenium Underground, Budapest, Ungheria\" width=\"703\" height=\"471\" srcset=\"https:\/\/contentf5.dailynewshungary.com\/wp-content\/uploads\/2020\/04\/Millenium-Underground-Budapest-Hungary-300x201.jpg 300w, https:\/\/contentf5.dailynewshungary.com\/wp-content\/uploads\/2020\/04\/Millenium-Underground-Budapest-Hungary-1024x687.jpg 1024w, https:\/\/contentf5.dailynewshungary.com\/wp-content\/uploads\/2020\/04\/Millenium-Underground-Budapest-Hungary-768x515.jpg 768w, https:\/\/contentf5.dailynewshungary.com\/wp-content\/uploads\/2020\/04\/Millenium-Underground-Budapest-Hungary-800x537.jpg 800w, https:\/\/contentf5.dailynewshungary.com\/wp-content\/uploads\/2020\/04\/Millenium-Underground-Budapest-Hungary.jpg 1052w\" sizes=\"auto, (max-width: 703px) 100vw, 703px\"><figcaption id=\"caption-attachment-319051\" class=\"wp-caption-text\"><em>Foto: Fortepan\/Uvaterv<\/em><\/figcaption><\/figure>\n<blockquote>\n<p>Nonostante lo sviluppo dinamico e rapido, dopo la prima guerra mondiale e dopo la rivoluzione e la rivolta del 1956 il paese e Budapest smisero di svilupparsi; ci volle tempo per riprendersi dalle ceneri Budapest fu distrutta durante la seconda guerra mondiale dai ponti agli edifici.<\/p>\n<\/blockquote>\n<figure id=\"attachment_139031\" aria-describedby=\"caption-attachment-139031\" style=\"width: 670px\" class=\"wp-caption aligncenter\"><img loading=\"lazy\" decoding=\"async\" class=\" wp-image-139031\" src=\"https:\/\/dailynewshungary.com\/wp-content\/uploads\/2017\/08\/chain-bridge-6-300x211.jpg\" alt=\"Chain Bridge X\" width=\"670\" height=\"471\" srcset=\"https:\/\/contentf5.dailynewshungary.com\/wp-content\/uploads\/2017\/08\/chain-bridge-6-300x211.jpg 300w, https:\/\/contentf5.dailynewshungary.com\/wp-content\/uploads\/2017\/08\/chain-bridge-6-768x540.jpg 768w, https:\/\/contentf5.dailynewshungary.com\/wp-content\/uploads\/2017\/08\/chain-bridge-6-1024x720.jpg 1024w, https:\/\/contentf5.dailynewshungary.com\/wp-content\/uploads\/2017\/08\/chain-bridge-6-220x155.jpg 220w, https:\/\/contentf5.dailynewshungary.com\/wp-content\/uploads\/2017\/08\/chain-bridge-6-600x422.jpg 600w, https:\/\/contentf5.dailynewshungary.com\/wp-content\/uploads\/2017\/08\/chain-bridge-6-200x141.jpg 200w, https:\/\/contentf5.dailynewshungary.com\/wp-content\/uploads\/2017\/08\/chain-bridge-6-1080x760.jpg 1080w, https:\/\/contentf5.dailynewshungary.com\/wp-content\/uploads\/2017\/08\/chain-bridge-6.jpg 1500w\" sizes=\"auto, (max-width: 670px) 100vw, 670px\"><figcaption id=\"caption-attachment-139031\" class=\"wp-caption-text\"><em>Il ponte a catena viene ricostruito 100 anni dopo la sua inaugurazione dopo essere stato bombardato durante la seconda guerra mondiale<\/em><\/figcaption><\/figure>\n<figure id=\"attachment_139033\" aria-describedby=\"caption-attachment-139033\" style=\"width: 746px\" class=\"wp-caption aligncenter\"><img loading=\"lazy\" decoding=\"async\" class=\"wp-image-139033\" src=\"https:\/\/dailynewshungary.com\/wp-content\/uploads\/2017\/08\/chain-bridge-8-300x202.jpg\" alt=\"Chain Bridge X\" width=\"746\" height=\"502\" srcset=\"https:\/\/contentf5.dailynewshungary.com\/wp-content\/uploads\/2017\/08\/chain-bridge-8-300x202.jpg 300w, https:\/\/contentf5.dailynewshungary.com\/wp-content\/uploads\/2017\/08\/chain-bridge-8-768x517.jpg 768w, https:\/\/contentf5.dailynewshungary.com\/wp-content\/uploads\/2017\/08\/chain-bridge-8-1024x689.jpg 1024w, https:\/\/contentf5.dailynewshungary.com\/wp-content\/uploads\/2017\/08\/chain-bridge-8-220x148.jpg 220w, https:\/\/contentf5.dailynewshungary.com\/wp-content\/uploads\/2017\/08\/chain-bridge-8-600x404.jpg 600w, https:\/\/contentf5.dailynewshungary.com\/wp-content\/uploads\/2017\/08\/chain-bridge-8-200x135.jpg 200w, https:\/\/contentf5.dailynewshungary.com\/wp-content\/uploads\/2017\/08\/chain-bridge-8-1080x727.jpg 1080w, https:\/\/contentf5.dailynewshungary.com\/wp-content\/uploads\/2017\/08\/chain-bridge-8.jpg 1500w\" sizes=\"auto, (max-width: 746px) 100vw, 746px\"><figcaption id=\"caption-attachment-139033\" class=\"wp-caption-text\"><em>Foto: Fortepan<\/em><\/figcaption><\/figure>\n<p>Negli anni &#8217;70 furono costruite le linee della metropolitana M2 e M3, e nel 1980 la citt\u00e0 raggiunse i 2 milioni di abitanti che da allora sono andati diminuendo Negli anni 2000 e 2010 sono iniziati molti lavori di costruzione (ad esempio la ricostruzione del ponte Margareth) \u00c8 diventata una citt\u00e0 vivida, incantevole e alla moda popolare tra ungheresi e stranieri e da sola.<\/p>\n<p><img loading=\"lazy\" decoding=\"async\" class=\" wp-image-237806 aligncenter\" src=\"https:\/\/dailynewshungary.com\/wp-content\/uploads\/2019\/03\/Budapest-night-Hungary-cheapest-300x199.jpg\" alt=\"Budapest, notte, Ungheria, pi\u00f9 economico\" width=\"782\" height=\"519\" srcset=\"https:\/\/contentf5.dailynewshungary.com\/wp-content\/uploads\/2019\/03\/Budapest-night-Hungary-cheapest-300x199.jpg 300w, https:\/\/contentf5.dailynewshungary.com\/wp-content\/uploads\/2019\/03\/Budapest-night-Hungary-cheapest-768x511.jpg 768w, https:\/\/contentf5.dailynewshungary.com\/wp-content\/uploads\/2019\/03\/Budapest-night-Hungary-cheapest-1024x681.jpg 1024w, https:\/\/contentf5.dailynewshungary.com\/wp-content\/uploads\/2019\/03\/Budapest-night-Hungary-cheapest-220x146.jpg 220w, https:\/\/contentf5.dailynewshungary.com\/wp-content\/uploads\/2019\/03\/Budapest-night-Hungary-cheapest-600x399.jpg 600w, https:\/\/contentf5.dailynewshungary.com\/wp-content\/uploads\/2019\/03\/Budapest-night-Hungary-cheapest-200x133.jpg 200w, https:\/\/contentf5.dailynewshungary.com\/wp-content\/uploads\/2019\/03\/Budapest-night-Hungary-cheapest-1080x718.jpg 1080w, https:\/\/contentf5.dailynewshungary.com\/wp-content\/uploads\/2019\/03\/Budapest-night-Hungary-cheapest.jpg 1280w\" sizes=\"auto, (max-width: 782px) 100vw, 782px\"><\/p>\n<p><em>Immagine in primo piano: www.facebook.com\/spiceofeurope<\/em><\/p>\n<p><a class=\"dnh-embed-link\" href=\"https:\/\/dailynewshungary.com\/it\/questi-sono-i-luoghi-piu-romantici-per-osservare-il-tramonto-a-budapest\/\"><\/p>\n<div class=\"dnh-embed\">\n<div class=\"dnh-embed-thumb\"><img loading=\"lazy\" decoding=\"async\" width=\"3543\" height=\"1856\" src=\"https:\/\/contentf5.dailynewshungary.com\/wp-content\/uploads\/2016\/05\/ThalerIMG_32381.jpg\" class=\"attachment-embed_thumbnail size-embed_thumbnail wp-post-image\" alt=\"ThalerIMG\" srcset=\"https:\/\/contentf5.dailynewshungary.com\/wp-content\/uploads\/2016\/05\/ThalerIMG_32381.jpg 3543w, https:\/\/contentf5.dailynewshungary.com\/wp-content\/uploads\/2016\/05\/ThalerIMG_32381-300x157.jpg 300w, https:\/\/contentf5.dailynewshungary.com\/wp-content\/uploads\/2016\/05\/ThalerIMG_32381-768x402.jpg 768w, https:\/\/contentf5.dailynewshungary.com\/wp-content\/uploads\/2016\/05\/ThalerIMG_32381-1024x536.jpg 1024w, https:\/\/contentf5.dailynewshungary.com\/wp-content\/uploads\/2016\/05\/ThalerIMG_32381-220x115.jpg 220w, https:\/\/contentf5.dailynewshungary.com\/wp-content\/uploads\/2016\/05\/ThalerIMG_32381-610x320.jpg 610w\" sizes=\"auto, (max-width: 3543px) 100vw, 3543px\"><\/div>\n<h5 class=\"dnh-embed-title\"><span>Leggi anche<\/span>Questi sono i luoghi pi\u00f9 romantici per osservare il tramonto a Budapest<\/h5>\n<\/div>\n<p><\/a><\/p>\n","protected":false},"excerpt":{"rendered":"<p>Budapest, la capitale dell&#8217;Ungheria, ha molti luoghi e opportunit\u00e0 uniche da offrire Ma molti non pensano al fatto che la citt\u00e0 abbia mille anni di storia alle spalle Vediamolo nei dettagli. Magyarorsz\u00e1gom ha riferito che la Budapest che conosciamo oggi era due citt\u00e0 individuali Buda e Pest su ciascun lato del fiume Danubio Durante l&#8217;era [&hellip;]<\/p>\n","protected":false},"author":30,"featured_media":766356,"comment_status":"open","ping_status":"open","sticky":false,"template":"","format":"standard","meta":{"_display_image":"","footnotes":""},"categories":[1344],"tags":[1158,1127,1223,1069],"class_list":["post-766354","post","type-post","status-publish","format-standard","has-post-thumbnail","hentry","category-speciale-ungheria","tag-budapest","tag-galleria-fotografica","tag-storia","tag-ungheria"],"blocksy_meta":[],"author_username":"klbgrg","telegram_post":"","public_post_metadata":{"breaking_news":"","important":"","csempe":"","center_tile":"","disable_thumbnail":"","target_lang":"","_featured_image_style":"","telegram_post":"","_xlat_group_id":""},"public_rank_math_data":{"title":"%titolo% %sep% %nomesito%","description":"","focus_keyword":"","canonical_url":"","robots":"","primary_category":"1344","breadcrumb_title":"","facebook_title":"","facebook_description":"","facebook_image":"","facebook_image_id":"","twitter_title":"","twitter_description":"","twitter_image":"","twitter_image_id":"","twitter_card_type":"","twitter_use_facebook":"","advanced_robots":"","pillar_content":"","seo_score":"","contentai_score":"","rich_snippet":""},"_links":{"self":[{"href":"https:\/\/dailynewshungary.com\/it\/wp-json\/wp\/v2\/posts\/766354","targetHints":{"allow":["GET"]}}],"collection":[{"href":"https:\/\/dailynewshungary.com\/it\/wp-json\/wp\/v2\/posts"}],"about":[{"href":"https:\/\/dailynewshungary.com\/it\/wp-json\/wp\/v2\/types\/post"}],"author":[{"embeddable":true,"href":"https:\/\/dailynewshungary.com\/it\/wp-json\/wp\/v2\/users\/30"}],"replies":[{"embeddable":true,"href":"https:\/\/dailynewshungary.com\/it\/wp-json\/wp\/v2\/comments?post=766354"}],"version-history":[{"count":0,"href":"https:\/\/dailynewshungary.com\/it\/wp-json\/wp\/v2\/posts\/766354\/revisions"}],"wp:featuredmedia":[{"embeddable":true,"href":"https:\/\/dailynewshungary.com\/it\/wp-json\/wp\/v2\/media\/766356"}],"wp:attachment":[{"href":"https:\/\/dailynewshungary.com\/it\/wp-json\/wp\/v2\/media?parent=766354"}],"wp:term":[{"taxonomy":"category","embeddable":true,"href":"https:\/\/dailynewshungary.com\/it\/wp-json\/wp\/v2\/categories?post=766354"},{"taxonomy":"post_tag","embeddable":true,"href":"https:\/\/dailynewshungary.com\/it\/wp-json\/wp\/v2\/tags?post=766354"}],"curies":[{"name":"wp","href":"https:\/\/api.w.org\/{rel}","templated":true}]}}