{"id":767251,"date":"2020-08-29T11:00:00","date_gmt":"2020-08-29T09:00:00","guid":{"rendered":"https:\/\/dailynewshungary.com\/it\/i-ministri-degli-esteri-v4-sollecitano-borrell-ad-agire-rapidamente-sulle-sanzioni-bielorusse\/"},"modified":"2020-08-29T11:00:00","modified_gmt":"2020-08-29T09:00:00","slug":"i-ministri-degli-esteri-v4-sollecitano-borrell-ad-agire-rapidamente-sulle-sanzioni-bielorusse","status":"publish","type":"post","link":"https:\/\/dailynewshungary.com\/it\/i-ministri-degli-esteri-v4-sollecitano-borrell-ad-agire-rapidamente-sulle-sanzioni-bielorusse\/","title":{"rendered":"I ministri degli Esteri V4 sollecitano Borrell ad agire rapidamente sulle sanzioni bielorusse"},"content":{"rendered":"<p><strong>Riferendosi alla decisione dell&#8217;Unione europea di imporre ulteriori sanzioni a un gruppo pi\u00f9 ampio di persone in Bielorussia in relazione alle contestate elezioni locali, il ministro degli Esteri P\u00e9ter Szijj\u00e1rt\u00f3 ha dichiarato venerd\u00ec a Berlino che i ministri degli Esteri del Gruppo di Visegrad si sono riuniti separatamente e hanno deciso di chiedere ai vertici dell&#8217;UE il diplomatico Josep Borrell ad agire rapidamente sulla questione.<\/strong><\/p>\n<p>Le sanzioni pi\u00f9 ampie non dovrebbero essere ritardate fino a dopo la prossima riunione formale del Consiglio Affari Esteri tra un mese, hanno convenuto i ministri V4 Piuttosto, le sanzioni dovrebbero essere imposte il prima possibile attraverso un processo decisionale scritto, hanno concordato.<\/p>\n<blockquote>\n<p>Durante una pausa nella riunione informale dei ministri degli Esteri dell&#8217;UE, Szijj\u00e1rt\u00f3 ha aggiunto che qualsiasi incertezza pu\u00f2 mettere fortemente in discussione la seriet\u00e0 dell&#8217;UE.<\/p>\n<\/blockquote>\n<p>Ha osservato in una dichiarazione ai media pubblici che gli Stati membri dell&#8217;UE hanno accettato di ampliare l&#8217;elenco delle sanzioni per coprire i capi della Commissione elettorale bielorussa e i leader della polizia.<\/p>\n<p>Szijj\u00e1rt\u00f3 ha affermato che i ministri degli Esteri degli Stati membri hanno convenuto che il cambiamento in Bielorussia dovrebbe avvenire in linea con la costituzione e nel massimo rispetto della sovranit\u00e0 del paese e della volont\u00e0 popolare. Tuttavia, la soluzione dovrebbe considerare anche fattori geopolitici come la vicina Russia, ha affermato.<\/p>\n<p>La Commissione europea e l&#8217;Organizzazione per la sicurezza e la cooperazione in Europa (OSCE) potrebbero emergere come mediatori accettati da tutte le parti, poich\u00e9 la Bielorussia \u00e8 membro (dell&#8217;OSCE) e anche la Russia collabora con essa, ha affermato.<\/p>\n<blockquote>\n<p>Per quanto riguarda la Russia, Szijj\u00e1rt\u00f3 ha osservato che le sue relazioni con l&#8217;UE sono all&#8217;ordine del giorno della prossima riunione del consiglio.<\/p>\n<\/blockquote>\n<p>Szijj\u00e1rt ha insistito che le sanzioni imposte a Mosca dopo la \u201cLa crisi ucraina\u201d ha colpito alcuni Stati membri pi\u00f9 duramente di altri Mentre i pi\u00f9 grandi stati dell&#8217;Europa occidentale hanno aumentato le loro esportazioni verso la Russia del 25% dal 2015, l&#8217;Ungheria ha visto una battuta d&#8217;arresto, ha detto. \u201cTuttavia, non abbiamo mai rotto i ranghi con l&#8217;UE,\u201d ha aggiunto.<\/p>\n<p>L&#8217;UE dovr\u00e0 anche costruire un consenso riguardo alle forniture energetiche degli Stati membri, ha detto Szijjarto L&#8217;Ungheria sta attualmente acquistando il suo gas naturale dalla Russia, \u201ce respingiamo tutti i tentativi di dettare dove e a quale prezzo dovremmo procurarlo\u201d La libert\u00e0 di decisione sull&#8217;acquisto di risorse energetiche \u00e8 un elemento chiave della sovranit\u00e0 e della sicurezza nazionale, ha detto.<\/p>\n<blockquote>\n<p>Uno dei temi principali dell&#8217;incontro \u00e8 stato il conflitto tra Grecia e Turchia, Turchia e Cipro, sui giacimenti di gas scoperti nel Mediterraneo orientale.<\/p>\n<\/blockquote>\n<p>Sono stati fatti diversi commenti sul pericolo che il conflitto alimenti l&#8217;immigrazione clandestina, ha affermato. Pertanto, l&#8217;UE dovrebbe concentrarsi sulla cooperazione con la Turchia piuttosto che cercare di \u201cstrongarm\u201d, ha affermato Szijj\u00e1rt\u00f3. \u201cDovremmo evitare a tutti i costi che i quattro milioni di migranti attualmente ospitati in Turchia si dirigano verso i confini di Schengen, e cos\u00ec verso l&#8217;Ungheria, ha detto\u201d.<\/p>\n","protected":false},"excerpt":{"rendered":"<p>Riferendosi alla decisione dell&#8217;Unione europea di imporre ulteriori sanzioni a un gruppo pi\u00f9 ampio di persone in Bielorussia in relazione alle contestate elezioni locali, il ministro degli Esteri P\u00e9ter Szijj\u00e1rt\u00f3 ha dichiarato venerd\u00ec a Berlino che i ministri degli Esteri del Gruppo di Visegrad si sono riuniti separatamente e hanno deciso di chiedere ai vertici [&hellip;]<\/p>\n","protected":false},"author":33,"featured_media":767253,"comment_status":"open","ping_status":"open","sticky":false,"template":"","format":"standard","meta":{"_display_image":"","footnotes":""},"categories":[1185],"tags":[1206,1094,1075,1363],"class_list":["post-767251","post","type-post","status-publish","format-standard","has-post-thumbnail","hentry","category-politica-in-ungheria","tag-corte","tag-elezioni","tag-unione-europea","tag-visegrad-quattro"],"blocksy_meta":[],"author_username":"ugyelet","telegram_post":"","public_post_metadata":{"breaking_news":"","important":"","csempe":"","center_tile":"","disable_thumbnail":"","target_lang":"","_featured_image_style":"","telegram_post":"","_xlat_group_id":""},"public_rank_math_data":{"title":"%titolo% %sep% %nomesito%","description":"","focus_keyword":"","canonical_url":"","robots":"","primary_category":"1185","breadcrumb_title":"","facebook_title":"","facebook_description":"","facebook_image":"","facebook_image_id":"","twitter_title":"","twitter_description":"","twitter_image":"","twitter_image_id":"","twitter_card_type":"","twitter_use_facebook":"","advanced_robots":"","pillar_content":"","seo_score":"","contentai_score":"","rich_snippet":""},"_links":{"self":[{"href":"https:\/\/dailynewshungary.com\/it\/wp-json\/wp\/v2\/posts\/767251","targetHints":{"allow":["GET"]}}],"collection":[{"href":"https:\/\/dailynewshungary.com\/it\/wp-json\/wp\/v2\/posts"}],"about":[{"href":"https:\/\/dailynewshungary.com\/it\/wp-json\/wp\/v2\/types\/post"}],"author":[{"embeddable":true,"href":"https:\/\/dailynewshungary.com\/it\/wp-json\/wp\/v2\/users\/33"}],"replies":[{"embeddable":true,"href":"https:\/\/dailynewshungary.com\/it\/wp-json\/wp\/v2\/comments?post=767251"}],"version-history":[{"count":0,"href":"https:\/\/dailynewshungary.com\/it\/wp-json\/wp\/v2\/posts\/767251\/revisions"}],"wp:featuredmedia":[{"embeddable":true,"href":"https:\/\/dailynewshungary.com\/it\/wp-json\/wp\/v2\/media\/767253"}],"wp:attachment":[{"href":"https:\/\/dailynewshungary.com\/it\/wp-json\/wp\/v2\/media?parent=767251"}],"wp:term":[{"taxonomy":"category","embeddable":true,"href":"https:\/\/dailynewshungary.com\/it\/wp-json\/wp\/v2\/categories?post=767251"},{"taxonomy":"post_tag","embeddable":true,"href":"https:\/\/dailynewshungary.com\/it\/wp-json\/wp\/v2\/tags?post=767251"}],"curies":[{"name":"wp","href":"https:\/\/api.w.org\/{rel}","templated":true}]}}