{"id":767359,"date":"2020-08-27T19:15:20","date_gmt":"2020-08-27T17:15:20","guid":{"rendered":"https:\/\/dailynewshungary.com\/it\/il-ponte-margherita-di-budapest-festeggia-il-suo-120-compleanno\/"},"modified":"2020-08-27T19:15:20","modified_gmt":"2020-08-27T17:15:20","slug":"il-ponte-margherita-di-budapest-festeggia-il-suo-120-compleanno","status":"publish","type":"post","link":"https:\/\/dailynewshungary.com\/it\/il-ponte-margherita-di-budapest-festeggia-il-suo-120-compleanno\/","title":{"rendered":"Il Ponte Margherita di Budapest festeggia il suo 120\u00b0 compleanno"},"content":{"rendered":"<p><strong><span data-preserver-spaces=\"true\">La costruzione originale del ponte avvenne nel 1876, ma nel XIX secolo il ponte non era collegato all&#8217;Isola Margherita. Ci sono voluti molti anni per rendersi conto che il ponte ha bisogno di un sentiero che conduca all&#8217;isola per aprirla ai cittadini.<\/span><\/strong><\/p>\n<hr>\n<ul>\n<li><a href=\"https:\/\/dailynewshungary.com\/it\/perche-e-stato-costruito-il-simbolo-di-hortobagy-il-ponte-a-nove-arcate\/\" target=\"_blank\" rel=\"noopener noreferrer\"><strong>Perch\u00e9 \u00e8 stato costruito il simbolo di Hortob\u00e1gy, il Ponte a Nove Arcate?<\/strong><\/a><\/li>\n<\/ul>\n<hr>\n<p><a href=\"http:\/\/pestbuda.hu\/cikk\/20200826_szazhusz_eves_budapest_legregebbi_eredeti_duna_hidja\" target=\"_blank\" rel=\"noopener noreferrer\"><strong><em><span data-preserver-spaces=\"true\">PestBuda<\/span><\/em><\/strong><\/a><span data-preserver-spaces=\"true\"> riferito che il ponte non fu costruito per ordine statale ma per decisione della corte dell&#8217;arciduca austriaco, e decisero di collegare il ponte con l&#8217;isola nel 1898. iniziarono la costruzione nel 1899, con eccellenti materiali ungheresi, e ci volle un anno prima che il sentiero fosse aperto e persino l&#8217;arciduca Giuseppe apparve alla celebrazione di apertura in una calda giornata di agosto di 120 anni fa.<\/span><\/p>\n<figure id=\"attachment_345173\" aria-describedby=\"caption-attachment-345173\" style=\"width: 1100px\" class=\"wp-caption aligncenter\"><img loading=\"lazy\" decoding=\"async\" class=\"size-full wp-image-345173\" src=\"https:\/\/contentf5.dailynewshungary.com\/wp-content\/uploads\/2020\/09\/Margaret-Bridge-Hungary-Budapest-1.jpg\" alt=\"Ponte Margherita, Ungheria, Budapest\" width=\"1100\" height=\"733\" srcset=\"https:\/\/contentf5.dailynewshungary.com\/wp-content\/uploads\/2020\/09\/Margaret-Bridge-Hungary-Budapest-1.jpg 1100w, https:\/\/contentf5.dailynewshungary.com\/wp-content\/uploads\/2020\/09\/Margaret-Bridge-Hungary-Budapest-1-768x512.jpg 768w, https:\/\/contentf5.dailynewshungary.com\/wp-content\/uploads\/2020\/09\/Margaret-Bridge-Hungary-Budapest-1-800x533.jpg 800w\" sizes=\"auto, (max-width: 1100px) 100vw, 1100px\"><figcaption id=\"caption-attachment-345173\" class=\"wp-caption-text\"><em>Foto: www.facebook.com\/KrennImrePhotography<\/em><\/figcaption><\/figure>\n<p><span data-preserver-spaces=\"true\">Il ponte \u00e8 stato progettato dall&#8217;ingegnere francese Ernest Go\u00fcin e costruito dalla societ\u00e0 di costruzioni Maison Ernest Go\u00fcin et Cie. tra il 1872 e il 1876 Il ponte Margherita \u00e8 stato il secondo ponte permanente a Budapest dopo il ponte delle catene di Sz\u00e9chenyi La ragione di questa insolita geometria \u00e8 che la piccola estensione per collegarsi all&#8217;isola Margherita fu inserita nel progetto originale ma non fu costruita fino a due decenni dopo a causa della mancanza di fondi. C&#8217;erano molti per\u00f2 che protestarono e chiesero di non fare il percorso per preservare l&#8217;isola Margherita dalle persone.<\/span><\/p>\n<figure id=\"attachment_345180\" aria-describedby=\"caption-attachment-345180\" style=\"width: 1024px\" class=\"wp-caption aligncenter\"><img loading=\"lazy\" decoding=\"async\" class=\"size-full wp-image-345180\" src=\"https:\/\/contentf5.dailynewshungary.com\/wp-content\/uploads\/2020\/09\/Margaret-Bridge-Budapest-Hungary.jpg\" alt=\"Ponte Margherita, Budapest, Ungheria\" width=\"1024\" height=\"681\" srcset=\"https:\/\/contentf5.dailynewshungary.com\/wp-content\/uploads\/2020\/09\/Margaret-Bridge-Budapest-Hungary.jpg 1024w, https:\/\/contentf5.dailynewshungary.com\/wp-content\/uploads\/2020\/09\/Margaret-Bridge-Budapest-Hungary-768x511.jpg 768w, https:\/\/contentf5.dailynewshungary.com\/wp-content\/uploads\/2020\/09\/Margaret-Bridge-Budapest-Hungary-800x532.jpg 800w\" sizes=\"auto, (max-width: 1024px) 100vw, 1024px\"><figcaption id=\"caption-attachment-345180\" class=\"wp-caption-text\"><em>Foto: Wikimedia Commons di RHerczeg<\/em><\/figcaption><\/figure>\n<p>&nbsp;<\/p>\n<blockquote>\n<p><span data-preserver-spaces=\"true\">Con il percorso costruito, il Ponte Margherita \u00e8 l&#8217;unico a Budapest ad avere una curva nella sua struttura.<\/span><\/p>\n<\/blockquote>\n<p><span data-preserver-spaces=\"true\">Il ponte fu distrutto durante la seconda guerra mondiale dalle truppe tedesche e fu in seguito ricostruito, alla fine degli anni 2000, il ponte divenne pericoloso per le persone e gli autisti, e necessitava di essere ristrutturato interamente il prima possibile I lavori di ricostruzione sono iniziati nel 2009, e dopo un attento lavoro, il ponte \u00e8 stato nuovamente aperto.<\/span><\/p>\n<figure id=\"attachment_345183\" aria-describedby=\"caption-attachment-345183\" style=\"width: 1024px\" class=\"wp-caption aligncenter\"><img loading=\"lazy\" decoding=\"async\" class=\"size-full wp-image-345183\" src=\"https:\/\/contentf5.dailynewshungary.com\/wp-content\/uploads\/2020\/09\/Margaret-Bridge-Budapest-Hungary-1.jpg\" alt=\"Ponte Margherita, Budapest, Ungheria\" width=\"1024\" height=\"681\" srcset=\"https:\/\/contentf5.dailynewshungary.com\/wp-content\/uploads\/2020\/09\/Margaret-Bridge-Budapest-Hungary-1.jpg 1024w, https:\/\/contentf5.dailynewshungary.com\/wp-content\/uploads\/2020\/09\/Margaret-Bridge-Budapest-Hungary-1-768x511.jpg 768w, https:\/\/contentf5.dailynewshungary.com\/wp-content\/uploads\/2020\/09\/Margaret-Bridge-Budapest-Hungary-1-800x532.jpg 800w\" sizes=\"auto, (max-width: 1024px) 100vw, 1024px\"><figcaption id=\"caption-attachment-345183\" class=\"wp-caption-text\"><em>Foto: Wikimedia Commons di Jakub Halun<\/em><\/figcaption><\/figure>\n<p><em>Immagine in primo piano: Wikimedia Commons di Jakub Halun<\/em><\/p>\n<p><a class=\"dnh-embed-link\" href=\"https:\/\/dailynewshungary.com\/it\/immagini-che-evidenziano-il-motivo-per-cui-e-necessario-visitare-lungheria-beautiful-bridges\/\"><\/p>\n<div class=\"dnh-embed\">\n<div class=\"dnh-embed-thumb\"><img loading=\"lazy\" decoding=\"async\" width=\"899\" height=\"599\" src=\"https:\/\/contentf5.dailynewshungary.com\/wp-content\/uploads\/2018\/05\/esti-f\u00e9nyek.jpg\" class=\"attachment-embed_thumbnail size-embed_thumbnail wp-post-image\" alt=\"Turismo delle luci della citt\u00e0 di Budapest\" srcset=\"https:\/\/contentf5.dailynewshungary.com\/wp-content\/uploads\/2018\/05\/esti-f\u00e9nyek.jpg 899w, https:\/\/contentf5.dailynewshungary.com\/wp-content\/uploads\/2018\/05\/esti-f\u00e9nyek-300x200.jpg 300w, https:\/\/contentf5.dailynewshungary.com\/wp-content\/uploads\/2018\/05\/esti-f\u00e9nyek-768x512.jpg 768w, https:\/\/contentf5.dailynewshungary.com\/wp-content\/uploads\/2018\/05\/esti-f\u00e9nyek-220x147.jpg 220w, https:\/\/contentf5.dailynewshungary.com\/wp-content\/uploads\/2018\/05\/esti-f\u00e9nyek-600x400.jpg 600w, https:\/\/contentf5.dailynewshungary.com\/wp-content\/uploads\/2018\/05\/esti-f\u00e9nyek-200x133.jpg 200w\" sizes=\"auto, (max-width: 899px) 100vw, 899px\"><\/div>\n<h5 class=\"dnh-embed-title\"><span>Leggi anche<\/span>Immagini che evidenziano il motivo per cui \u00e8 necessario visitare l&#8217;Ungheria (Beautiful bridges)<\/h5>\n<\/div>\n<p><\/a><\/p>\n","protected":false},"excerpt":{"rendered":"<p>La costruzione originale del ponte avvenne nel 1876, ma nel XIX secolo il ponte non era collegato all&#8217;Isola Margherita. Ci sono voluti molti anni per rendersi conto che il ponte ha bisogno di un sentiero che conduca all&#8217;isola per aprirla ai cittadini. Perch\u00e9 \u00e8 stato costruito il simbolo di Hortob\u00e1gy, il Ponte a Nove Arcate? [&hellip;]<\/p>\n","protected":false},"author":30,"featured_media":767361,"comment_status":"open","ping_status":"open","sticky":false,"template":"","format":"standard","meta":{"_display_image":"","footnotes":""},"categories":[1344],"tags":[1158,1223,1069],"class_list":["post-767359","post","type-post","status-publish","format-standard","has-post-thumbnail","hentry","category-speciale-ungheria","tag-budapest","tag-storia","tag-ungheria"],"blocksy_meta":[],"author_username":"klbgrg","telegram_post":"","public_post_metadata":{"breaking_news":"","important":"","csempe":"","center_tile":"","disable_thumbnail":"","target_lang":"","_featured_image_style":"","telegram_post":"","_xlat_group_id":""},"public_rank_math_data":{"title":"%titolo% %sep% %nomesito%","description":"","focus_keyword":"","canonical_url":"","robots":"","primary_category":"1344","breadcrumb_title":"","facebook_title":"","facebook_description":"","facebook_image":"","facebook_image_id":"","twitter_title":"","twitter_description":"","twitter_image":"","twitter_image_id":"","twitter_card_type":"","twitter_use_facebook":"","advanced_robots":"","pillar_content":"","seo_score":"","contentai_score":"","rich_snippet":""},"_links":{"self":[{"href":"https:\/\/dailynewshungary.com\/it\/wp-json\/wp\/v2\/posts\/767359","targetHints":{"allow":["GET"]}}],"collection":[{"href":"https:\/\/dailynewshungary.com\/it\/wp-json\/wp\/v2\/posts"}],"about":[{"href":"https:\/\/dailynewshungary.com\/it\/wp-json\/wp\/v2\/types\/post"}],"author":[{"embeddable":true,"href":"https:\/\/dailynewshungary.com\/it\/wp-json\/wp\/v2\/users\/30"}],"replies":[{"embeddable":true,"href":"https:\/\/dailynewshungary.com\/it\/wp-json\/wp\/v2\/comments?post=767359"}],"version-history":[{"count":0,"href":"https:\/\/dailynewshungary.com\/it\/wp-json\/wp\/v2\/posts\/767359\/revisions"}],"wp:featuredmedia":[{"embeddable":true,"href":"https:\/\/dailynewshungary.com\/it\/wp-json\/wp\/v2\/media\/767361"}],"wp:attachment":[{"href":"https:\/\/dailynewshungary.com\/it\/wp-json\/wp\/v2\/media?parent=767359"}],"wp:term":[{"taxonomy":"category","embeddable":true,"href":"https:\/\/dailynewshungary.com\/it\/wp-json\/wp\/v2\/categories?post=767359"},{"taxonomy":"post_tag","embeddable":true,"href":"https:\/\/dailynewshungary.com\/it\/wp-json\/wp\/v2\/tags?post=767359"}],"curies":[{"name":"wp","href":"https:\/\/api.w.org\/{rel}","templated":true}]}}