{"id":767700,"date":"2020-08-22T18:30:00","date_gmt":"2020-08-22T16:30:00","guid":{"rendered":"https:\/\/dailynewshungary.com\/it\/il-grafico-come-sarebbero-sisi-o-nefert-oggesi-mostra-la-galleria-gallery\/"},"modified":"2020-08-22T18:30:00","modified_gmt":"2020-08-22T16:30:00","slug":"il-grafico-come-sarebbero-sisi-o-nefert-oggesi-mostra-la-galleria-gallery","status":"publish","type":"post","link":"https:\/\/dailynewshungary.com\/it\/il-grafico-come-sarebbero-sisi-o-nefert-oggesi-mostra-la-galleria-gallery\/","title":{"rendered":"Il grafico come sarebbero Sisi o Nefert oggesi mostra la GALLERIA GALLERY"},"content":{"rendered":"<p><strong><span data-preserver-spaces=\"true\">Becca Saladin, una graphic designer, \u00e8 tornata indietro nel tempo con le sue straordinarie capacit\u00e0 grafiche e ha mostrato come sarebbero oggi le donne e gli uomini pi\u00f9 famosi della storia sul suo profilo Instagram.<\/span><\/strong><\/p>\n<p><a href=\"https:\/\/femina.hu\/szepseg\/tortenelem-hires-noi-ma\/\" target=\"_blank\" rel=\"noopener noreferrer\"><strong><em><span data-preserver-spaces=\"true\">Femina<\/span><\/em><\/strong><\/a><span data-preserver-spaces=\"true\"> riferisce che Saladino \u00e8 sempre stato affascinato dalla storia antica e da quegli oggetti e resti che possono insegnare di pi\u00f9 alle persone il tempo e la storia e avvicinarli all&#8217;umanit\u00e0. Le \u00e8 venuto in mente pi\u00f9 volte il pensiero di vedere le persone pi\u00f9 famose della storia, ed \u00e8 per questo che ha creato immagini straordinarie di come apparirebbero oggi le donne e gli uomini pi\u00f9 famosi dei secoli passati.&nbsp;<\/span><\/p>\n<blockquote>\n<p><span data-preserver-spaces=\"true\">Sui suoi siti Instagram e Facebook, Royalty Now, tutti possono vedere e ammirare come sarebbero Nefertiti, Sisi o Marie Antoniette nel 21\u00b0 secolo.<\/span><\/p>\n<\/blockquote>\n<hr>\n<ul>\n<li><strong>Leggi di Sisi <a href=\"https:\/\/dailynewshungary.com\/?s=Sisi\" target=\"_blank\" rel=\"noopener noreferrer\">QUI<\/a><\/strong><\/li>\n<\/ul>\n<hr>\n<div id=\"gallery-1\" class=\"gallery galleryid-343926 gallery-columns-3 gallery-size-large\">\n<figure class=\"gallery-item\">\n<div class=\"gallery-icon landscape\">\n\t\t\t\t<a href=\"https:\/\/dailynewshungary.com\/it\/il-grafico-come-sarebbero-sisi-o-nefert-oggesi-mostra-la-galleria-gallery\/\"><img loading=\"lazy\" decoding=\"async\" width=\"1280\" height=\"981\" src=\"https:\/\/contentf5.dailynewshungary.com\/wp-content\/uploads\/2020\/08\/Nefretiti-Becca-Saladin.jpg\" class=\"attachment-large size-large\" alt=\"Nefretiti, Becca Saladino\" aria-describedby=\"gallery-1-343928\" srcset=\"https:\/\/contentf5.dailynewshungary.com\/wp-content\/uploads\/2020\/08\/Nefretiti-Becca-Saladin.jpg 1440w, https:\/\/contentf5.dailynewshungary.com\/wp-content\/uploads\/2020\/08\/Nefretiti-Becca-Saladin-768x589.jpg 768w, https:\/\/contentf5.dailynewshungary.com\/wp-content\/uploads\/2020\/08\/Nefretiti-Becca-Saladin-800x613.jpg 800w, https:\/\/contentf5.dailynewshungary.com\/wp-content\/uploads\/2020\/08\/Nefretiti-Becca-Saladin-1160x889.jpg 1160w\" sizes=\"auto, (max-width: 1280px) 100vw, 1280px\"><\/a>\n\t\t\t<\/div><figcaption class=\"wp-caption-text gallery-caption\" id=\"gallery-1-343928\">\n\t\t\t\tNefretiti, regina d&#8217;Egitto, a.C. 1370-1340 (www.facebook.com\/RoyaltyNow)<br \/>\n\t\t\t\t<\/figcaption><\/figure>\n<figure class=\"gallery-item\">\n<div class=\"gallery-icon landscape\">\n\t\t\t\t<a href=\"https:\/\/dailynewshungary.com\/it\/il-grafico-come-sarebbero-sisi-o-nefert-oggesi-mostra-la-galleria-gallery\/\"><img loading=\"lazy\" decoding=\"async\" width=\"1280\" height=\"884\" src=\"https:\/\/contentf5.dailynewshungary.com\/wp-content\/uploads\/2020\/08\/Elizabeth-I-Becca-Saladin.jpg\" class=\"attachment-large size-large\" alt=\"Elisabetta I, Becca Saladino\" aria-describedby=\"gallery-1-343929\" srcset=\"https:\/\/contentf5.dailynewshungary.com\/wp-content\/uploads\/2020\/08\/Elizabeth-I-Becca-Saladin.jpg 1440w, https:\/\/contentf5.dailynewshungary.com\/wp-content\/uploads\/2020\/08\/Elizabeth-I-Becca-Saladin-768x530.jpg 768w, https:\/\/contentf5.dailynewshungary.com\/wp-content\/uploads\/2020\/08\/Elizabeth-I-Becca-Saladin-800x552.jpg 800w, https:\/\/contentf5.dailynewshungary.com\/wp-content\/uploads\/2020\/08\/Elizabeth-I-Becca-Saladin-1160x801.jpg 1160w\" sizes=\"auto, (max-width: 1280px) 100vw, 1280px\"><\/a>\n\t\t\t<\/div><figcaption class=\"wp-caption-text gallery-caption\" id=\"gallery-1-343929\">\n\t\t\t\tRegina Elisabetta I (www.facebook.com\/RoyaltyNow)<br \/>\n\t\t\t\t<\/figcaption><\/figure>\n<figure class=\"gallery-item\">\n<div class=\"gallery-icon landscape\">\n\t\t\t\t<a href=\"https:\/\/dailynewshungary.com\/it\/il-grafico-come-sarebbero-sisi-o-nefert-oggesi-mostra-la-galleria-gallery\/\"><img loading=\"lazy\" decoding=\"async\" width=\"1280\" height=\"884\" src=\"https:\/\/contentf5.dailynewshungary.com\/wp-content\/uploads\/2020\/08\/Julius-Caesar-Becca-Saladin.jpg\" class=\"attachment-large size-large\" alt=\"Giulio Cesare, Becca Saladino\" aria-describedby=\"gallery-1-343931\" srcset=\"https:\/\/contentf5.dailynewshungary.com\/wp-content\/uploads\/2020\/08\/Julius-Caesar-Becca-Saladin.jpg 1440w, https:\/\/contentf5.dailynewshungary.com\/wp-content\/uploads\/2020\/08\/Julius-Caesar-Becca-Saladin-768x530.jpg 768w, https:\/\/contentf5.dailynewshungary.com\/wp-content\/uploads\/2020\/08\/Julius-Caesar-Becca-Saladin-800x552.jpg 800w, https:\/\/contentf5.dailynewshungary.com\/wp-content\/uploads\/2020\/08\/Julius-Caesar-Becca-Saladin-1160x801.jpg 1160w\" sizes=\"auto, (max-width: 1280px) 100vw, 1280px\"><\/a>\n\t\t\t<\/div><figcaption class=\"wp-caption-text gallery-caption\" id=\"gallery-1-343931\">\n\t\t\t\tGiulio Cesare, imperatore romano (www.facebook.com\/RoyaltyNow)<br \/>\n\t\t\t\t<\/figcaption><\/figure>\n<figure class=\"gallery-item\">\n<div class=\"gallery-icon landscape\">\n\t\t\t\t<a href=\"https:\/\/dailynewshungary.com\/it\/il-grafico-come-sarebbero-sisi-o-nefert-oggesi-mostra-la-galleria-gallery\/\"><img loading=\"lazy\" decoding=\"async\" width=\"1280\" height=\"883\" src=\"https:\/\/contentf5.dailynewshungary.com\/wp-content\/uploads\/2020\/08\/Mark-Antony-Becca-Saladin.jpg\" class=\"attachment-large size-large\" alt=\"Marco Antonio, Becca Saladino\" aria-describedby=\"gallery-1-343932\" srcset=\"https:\/\/contentf5.dailynewshungary.com\/wp-content\/uploads\/2020\/08\/Mark-Antony-Becca-Saladin.jpg 1440w, https:\/\/contentf5.dailynewshungary.com\/wp-content\/uploads\/2020\/08\/Mark-Antony-Becca-Saladin-768x530.jpg 768w, https:\/\/contentf5.dailynewshungary.com\/wp-content\/uploads\/2020\/08\/Mark-Antony-Becca-Saladin-800x552.jpg 800w, https:\/\/contentf5.dailynewshungary.com\/wp-content\/uploads\/2020\/08\/Mark-Antony-Becca-Saladin-1160x800.jpg 1160w\" sizes=\"auto, (max-width: 1280px) 100vw, 1280px\"><\/a>\n\t\t\t<\/div><figcaption class=\"wp-caption-text gallery-caption\" id=\"gallery-1-343932\">\n\t\t\t\tMarco Antonio (www.facebook.com\/RoyaltyNow)<br \/>\n\t\t\t\t<\/figcaption><\/figure>\n<figure class=\"gallery-item\">\n<div class=\"gallery-icon landscape\">\n\t\t\t\t<a href=\"https:\/\/dailynewshungary.com\/it\/il-grafico-come-sarebbero-sisi-o-nefert-oggesi-mostra-la-galleria-gallery\/\"><img loading=\"lazy\" decoding=\"async\" width=\"1280\" height=\"883\" src=\"https:\/\/contentf5.dailynewshungary.com\/wp-content\/uploads\/2020\/08\/Cleopatra-VII-Becca-Saladin.jpg\" class=\"attachment-large size-large\" alt=\"Cleopatra VII, Becca Saladino\" aria-describedby=\"gallery-1-343935\" srcset=\"https:\/\/contentf5.dailynewshungary.com\/wp-content\/uploads\/2020\/08\/Cleopatra-VII-Becca-Saladin.jpg 1440w, https:\/\/contentf5.dailynewshungary.com\/wp-content\/uploads\/2020\/08\/Cleopatra-VII-Becca-Saladin-768x530.jpg 768w, https:\/\/contentf5.dailynewshungary.com\/wp-content\/uploads\/2020\/08\/Cleopatra-VII-Becca-Saladin-800x552.jpg 800w, https:\/\/contentf5.dailynewshungary.com\/wp-content\/uploads\/2020\/08\/Cleopatra-VII-Becca-Saladin-1160x800.jpg 1160w\" sizes=\"auto, (max-width: 1280px) 100vw, 1280px\"><\/a>\n\t\t\t<\/div><figcaption class=\"wp-caption-text gallery-caption\" id=\"gallery-1-343935\">\n\t\t\t\tCleopatra VII (www.facebook.com\/RoyaltyNow)<br \/>\n\t\t\t\t<\/figcaption><\/figure>\n<figure class=\"gallery-item\">\n<div class=\"gallery-icon landscape\">\n\t\t\t\t<a href=\"https:\/\/dailynewshungary.com\/it\/il-grafico-come-sarebbero-sisi-o-nefert-oggesi-mostra-la-galleria-gallery\/\"><img loading=\"lazy\" decoding=\"async\" width=\"1280\" height=\"883\" src=\"https:\/\/contentf5.dailynewshungary.com\/wp-content\/uploads\/2020\/08\/Hatshepsut-Becca-Saladin.jpg\" class=\"attachment-large size-large\" alt=\"Hatshepsut, Becca Saladino\" aria-describedby=\"gallery-1-343936\" srcset=\"https:\/\/contentf5.dailynewshungary.com\/wp-content\/uploads\/2020\/08\/Hatshepsut-Becca-Saladin.jpg 1440w, https:\/\/contentf5.dailynewshungary.com\/wp-content\/uploads\/2020\/08\/Hatshepsut-Becca-Saladin-768x530.jpg 768w, https:\/\/contentf5.dailynewshungary.com\/wp-content\/uploads\/2020\/08\/Hatshepsut-Becca-Saladin-800x552.jpg 800w, https:\/\/contentf5.dailynewshungary.com\/wp-content\/uploads\/2020\/08\/Hatshepsut-Becca-Saladin-1160x800.jpg 1160w\" sizes=\"auto, (max-width: 1280px) 100vw, 1280px\"><\/a>\n\t\t\t<\/div><figcaption class=\"wp-caption-text gallery-caption\" id=\"gallery-1-343936\">\n\t\t\t\tHatshepsut, la prima donna faraone d&#8217;Egitto (www.facebook.com\/RoyaltyNow)<br \/>\n\t\t\t\t<\/figcaption><\/figure>\n<\/p><\/div>\n<p><em>Immagine in primo piano: <strong><a href=\"https:\/\/www.facebook.com\/RoyaltyNow\/\" target=\"_blank\" rel=\"noopener noreferrer\">www.facebook.com\/RoyaltyNow<\/a><\/strong><\/em><\/p>\n<p><em>Instagram: <a href=\"https:\/\/www.instagram.com\/royalty_now_\/\" target=\"_blank\" rel=\"noopener noreferrer\"><strong>royalty_now<\/strong><\/a><\/em><\/p>\n<p><a class=\"dnh-embed-link\" href=\"https:\/\/dailynewshungary.com\/it\/forbes-due-ungheresi-tra-i-primi-giovani-imprenditori-nel-2020\/\"><\/p>\n<div class=\"dnh-embed\">\n<div class=\"dnh-embed-thumb\"><img loading=\"lazy\" decoding=\"async\" width=\"2896\" height=\"1448\" src=\"https:\/\/contentf5.dailynewshungary.com\/wp-content\/uploads\/2020\/03\/Fl\u00f3ra-Borsi-photographer-Hungary-Forbes.jpg\" class=\"attachment-embed_thumbnail size-embed_thumbnail wp-post-image\" alt=\"Fl\u00f3ra Borsi, fotografa, Ungheria, Forbes\" srcset=\"https:\/\/contentf5.dailynewshungary.com\/wp-content\/uploads\/2020\/03\/Fl\u00f3ra-Borsi-photographer-Hungary-Forbes.jpg 2896w, https:\/\/contentf5.dailynewshungary.com\/wp-content\/uploads\/2020\/03\/Fl\u00f3ra-Borsi-photographer-Hungary-Forbes-300x150.jpg 300w, https:\/\/contentf5.dailynewshungary.com\/wp-content\/uploads\/2020\/03\/Fl\u00f3ra-Borsi-photographer-Hungary-Forbes-1024x512.jpg 1024w, https:\/\/contentf5.dailynewshungary.com\/wp-content\/uploads\/2020\/03\/Fl\u00f3ra-Borsi-photographer-Hungary-Forbes-768x384.jpg 768w, https:\/\/contentf5.dailynewshungary.com\/wp-content\/uploads\/2020\/03\/Fl\u00f3ra-Borsi-photographer-Hungary-Forbes-1536x768.jpg 1536w, https:\/\/contentf5.dailynewshungary.com\/wp-content\/uploads\/2020\/03\/Fl\u00f3ra-Borsi-photographer-Hungary-Forbes-2048x1024.jpg 2048w, https:\/\/contentf5.dailynewshungary.com\/wp-content\/uploads\/2020\/03\/Fl\u00f3ra-Borsi-photographer-Hungary-Forbes-800x400.jpg 800w, https:\/\/contentf5.dailynewshungary.com\/wp-content\/uploads\/2020\/03\/Fl\u00f3ra-Borsi-photographer-Hungary-Forbes-1160x580.jpg 1160w\" sizes=\"auto, (max-width: 2896px) 100vw, 2896px\"><\/div>\n<h5 class=\"dnh-embed-title\"><span>Leggi anche<\/span>Forbes: Due ungheresi tra i primi giovani imprenditori nel 2020<\/h5>\n<\/div>\n<p><\/a><\/p>\n","protected":false},"excerpt":{"rendered":"<p>Becca Saladin, una graphic designer, \u00e8 tornata indietro nel tempo con le sue straordinarie capacit\u00e0 grafiche e ha mostrato come sarebbero oggi le donne e gli uomini pi\u00f9 famosi della storia sul suo profilo Instagram. Femina riferisce che Saladino \u00e8 sempre stato affascinato dalla storia antica e da quegli oggetti e resti che possono insegnare [&hellip;]<\/p>\n","protected":false},"author":30,"featured_media":767702,"comment_status":"open","ping_status":"open","sticky":false,"template":"","format":"standard","meta":{"_display_image":"","footnotes":""},"categories":[1304],"tags":[1127,1223,1069],"class_list":["post-767700","post","type-post","status-publish","format-standard","has-post-thumbnail","hentry","category-cultura-in-ungheria","tag-galleria-fotografica","tag-storia","tag-ungheria"],"blocksy_meta":[],"author_username":"klbgrg","telegram_post":"","public_post_metadata":{"breaking_news":"","important":"","csempe":"","center_tile":"","disable_thumbnail":"","target_lang":"","_featured_image_style":"","telegram_post":"","_xlat_group_id":""},"public_rank_math_data":{"title":"%titolo% %sep% %nomesito%","description":"","focus_keyword":"","canonical_url":"","robots":"","primary_category":"1304","breadcrumb_title":"","facebook_title":"","facebook_description":"","facebook_image":"","facebook_image_id":"","twitter_title":"","twitter_description":"","twitter_image":"","twitter_image_id":"","twitter_card_type":"","twitter_use_facebook":"","advanced_robots":"","pillar_content":"","seo_score":"","contentai_score":"","rich_snippet":""},"_links":{"self":[{"href":"https:\/\/dailynewshungary.com\/it\/wp-json\/wp\/v2\/posts\/767700","targetHints":{"allow":["GET"]}}],"collection":[{"href":"https:\/\/dailynewshungary.com\/it\/wp-json\/wp\/v2\/posts"}],"about":[{"href":"https:\/\/dailynewshungary.com\/it\/wp-json\/wp\/v2\/types\/post"}],"author":[{"embeddable":true,"href":"https:\/\/dailynewshungary.com\/it\/wp-json\/wp\/v2\/users\/30"}],"replies":[{"embeddable":true,"href":"https:\/\/dailynewshungary.com\/it\/wp-json\/wp\/v2\/comments?post=767700"}],"version-history":[{"count":0,"href":"https:\/\/dailynewshungary.com\/it\/wp-json\/wp\/v2\/posts\/767700\/revisions"}],"wp:featuredmedia":[{"embeddable":true,"href":"https:\/\/dailynewshungary.com\/it\/wp-json\/wp\/v2\/media\/767702"}],"wp:attachment":[{"href":"https:\/\/dailynewshungary.com\/it\/wp-json\/wp\/v2\/media?parent=767700"}],"wp:term":[{"taxonomy":"category","embeddable":true,"href":"https:\/\/dailynewshungary.com\/it\/wp-json\/wp\/v2\/categories?post=767700"},{"taxonomy":"post_tag","embeddable":true,"href":"https:\/\/dailynewshungary.com\/it\/wp-json\/wp\/v2\/tags?post=767700"}],"curies":[{"name":"wp","href":"https:\/\/api.w.org\/{rel}","templated":true}]}}