{"id":768828,"date":"2020-08-06T16:00:00","date_gmt":"2020-08-06T14:00:00","guid":{"rendered":"https:\/\/dailynewshungary.com\/it\/presto-potrai-viaggiare-su-nuovi-vagoni-cuccette-su-questi-treni-ungheresi\/"},"modified":"2020-08-06T16:00:00","modified_gmt":"2020-08-06T14:00:00","slug":"presto-potrai-viaggiare-su-nuovi-vagoni-cuccette-su-questi-treni-ungheresi","status":"publish","type":"post","link":"https:\/\/dailynewshungary.com\/it\/presto-potrai-viaggiare-su-nuovi-vagoni-cuccette-su-questi-treni-ungheresi\/","title":{"rendered":"Presto potrai viaggiare su nuovi vagoni cuccette su questi treni ungheresi"},"content":{"rendered":"<p><strong>Le Ferrovie dello Stato ungheresi sono destinate ad espandere la propria flotta per i servizi ferroviari internazionali con 22 carrozze cuccette climatizzate di nuova acquisto, da utilizzare sulle rotte verso la Transilvania e i paesi V4 da dicembre 2020.<\/strong><\/p>\n<p>Nell&#8217;ambito di un contratto con la societ\u00e0 slovacca Wagon Service Travel, entro la fine di quest&#8217;anno le Ferrovie dello Stato ungheresi (M\u00c1V) amplieranno la loro flotta internazionale con 22 carrozze cuccette con aria condizionata. La societ\u00e0 attualmente gestisce 33 carrozze cuccette, di cui solo 15 con aria condizionata.<\/p>\n<p>Come <em><a href=\"http:\/\/turizmusonline.hu\/kozlekedes\/cikk\/igaz__telre__de_remek_legkondis_halokocsik_erkeznek\" target=\"_blank\" rel=\"noopener noreferrer\">Turizmusonline<\/a><\/em> secondo quanto riferito, l&#8217;acquisto consentir\u00e0 a M\u00c1V di espandere la propria rete di rotte e di aumentare la capacit\u00e0 delle rotte gi\u00e0 esistenti Secondo l&#8217;annuncio pubblicato su M\u00c1V-Start, il contratto vale 8,7 milioni di euro (3 miliardi di HUF), che saranno finanziati attraverso le proprie risorse.<\/p>\n<blockquote>\n<p>Molto probabilmente le vetture saranno utilizzate sui treni notturni Corona per la Transilvania, e le tratte verso i paesi V4 Le prime carrozze entreranno a far parte della flotta nel dicembre di quest&#8217;anno.<\/p>\n<\/blockquote>\n<p>Le nuove vetture couchette si adatteranno al design della flotta esistente della compagnia Avranno una configurazione facilmente regolabile, con letti a castello che possono essere piegati nel caso in cui i passeggeri non ne avessero bisogno Le ampie porte e i corridoi forniranno un facile accesso anche ai passeggeri su sedia a rotelle Le vetture sono dotate di un sistema frenante che garantisce un funzionamento silenzioso e saranno in grado di correre ad una velocit\u00e0 di 200 km\/h.<\/p>\n<p>Come riporta Turizmusonline, c&#8217;\u00e8 stata una crescente domanda di viaggi in treno notturno, poich\u00e9 \u00e8 un&#8217;alternativa pratica e rispettosa dell&#8217;ambiente ad altre forme di viaggio. Oltre alle destinazioni di cui sopra, ci sono anche treni notturni regolari che servono le stazioni centrali di Zurigo e Berlino, che sono altre destinazioni prevalenti tra i viaggiatori provenienti dall&#8217;Ungheria.<\/p>\n<h5>Investimenti nei viaggi ferroviari nazionali<\/h5>\n<p>M\u00c1V sta progettando di apportare miglioramenti anche nel settore dei viaggi ferroviari nazionali. Come <em><a href=\"https:\/\/www.origo.hu\/gazdasag\/20200804-gyorsabb-lesz-a-vasuti-kozlekedes-a-nagyobb-varosok-kozott.html\" target=\"_blank\" rel=\"noopener noreferrer\">Origo<\/a><\/em> secondo quanto riferito, uno dei piani strategici prioritari della compagnia per il periodo 202002030 \u00e8 la riduzione del tempo di viaggio tra alcune grandi citt\u00e0 e quelle pi\u00f9 trafficate del paese, ad esempio sulle rotte DebrecenNy\u00edregyh\u00e1 e Kiskunf\u00e9legyh\u00e1zaSzeged.<\/p>\n<p>In alcune zone sono gi\u00e0 iniziate le ricostruzioni delle linee ferroviarie, come dice R\u00f3bert Homolya, presidente di M\u00c1V, un obiettivo per il 2022 \u00e8 quello di avere almeno 560 km di linee ferroviarie dove i treni possono circolare a 160 km\/h L&#8217;obiettivo pi\u00f9 importante degli investimenti, dice, \u00e8 \u201cper aumentare la competitivit\u00e0 delle ferrovie in relazione agli spostamenti su strada.\u201d<\/p>\n<p>Nel frattempo, M\u00c1V \u00e8 entrato anche nel mondo dei viaggi su strada poich\u00e9 la propriet\u00e0 della compagnia di autobus statale Vol\u00e1n \u00e8 attualmente trasferita alla compagnia ferroviaria. Puoi leggere di pi\u00f9 a riguardo <a href=\"https:\/\/dailynewshungary.com\/it\/la-proprieta-della-compagnia-di-autobus-statale-volanbusz-e-stata-trasferita-a-mav\/\" target=\"_blank\" rel=\"noopener noreferrer\">qui<\/a>.<\/p>\n","protected":false},"excerpt":{"rendered":"<p>Le Ferrovie dello Stato ungheresi sono destinate ad espandere la propria flotta per i servizi ferroviari internazionali con 22 carrozze cuccette climatizzate di nuova acquisto, da utilizzare sulle rotte verso la Transilvania e i paesi V4 da dicembre 2020. Nell&#8217;ambito di un contratto con la societ\u00e0 slovacca Wagon Service Travel, entro la fine di quest&#8217;anno [&hellip;]<\/p>\n","protected":false},"author":46,"featured_media":768830,"comment_status":"open","ping_status":"open","sticky":false,"template":"","format":"standard","meta":{"_display_image":"","footnotes":""},"categories":[1207],"tags":[1445,1188,1480,1069,1174],"class_list":["post-768828","post","type-post","status-publish","format-standard","has-post-thumbnail","hentry","category-societa-in-ungheria","tag-investimento","tag-sviluppo","tag-treno","tag-ungheria","tag-viaggio"],"blocksy_meta":[],"author_username":"barbara.smn","telegram_post":"","public_post_metadata":{"breaking_news":"","important":"","csempe":"","center_tile":"","disable_thumbnail":"","target_lang":"","_featured_image_style":"","telegram_post":"","_xlat_group_id":""},"public_rank_math_data":{"title":"%titolo% %sep% %nomesito%","description":"","focus_keyword":"","canonical_url":"","robots":"","primary_category":"1207","breadcrumb_title":"","facebook_title":"","facebook_description":"","facebook_image":"","facebook_image_id":"","twitter_title":"","twitter_description":"","twitter_image":"","twitter_image_id":"","twitter_card_type":"","twitter_use_facebook":"","advanced_robots":"","pillar_content":"","seo_score":"","contentai_score":"","rich_snippet":""},"_links":{"self":[{"href":"https:\/\/dailynewshungary.com\/it\/wp-json\/wp\/v2\/posts\/768828","targetHints":{"allow":["GET"]}}],"collection":[{"href":"https:\/\/dailynewshungary.com\/it\/wp-json\/wp\/v2\/posts"}],"about":[{"href":"https:\/\/dailynewshungary.com\/it\/wp-json\/wp\/v2\/types\/post"}],"author":[{"embeddable":true,"href":"https:\/\/dailynewshungary.com\/it\/wp-json\/wp\/v2\/users\/46"}],"replies":[{"embeddable":true,"href":"https:\/\/dailynewshungary.com\/it\/wp-json\/wp\/v2\/comments?post=768828"}],"version-history":[{"count":0,"href":"https:\/\/dailynewshungary.com\/it\/wp-json\/wp\/v2\/posts\/768828\/revisions"}],"wp:featuredmedia":[{"embeddable":true,"href":"https:\/\/dailynewshungary.com\/it\/wp-json\/wp\/v2\/media\/768830"}],"wp:attachment":[{"href":"https:\/\/dailynewshungary.com\/it\/wp-json\/wp\/v2\/media?parent=768828"}],"wp:term":[{"taxonomy":"category","embeddable":true,"href":"https:\/\/dailynewshungary.com\/it\/wp-json\/wp\/v2\/categories?post=768828"},{"taxonomy":"post_tag","embeddable":true,"href":"https:\/\/dailynewshungary.com\/it\/wp-json\/wp\/v2\/tags?post=768828"}],"curies":[{"name":"wp","href":"https:\/\/api.w.org\/{rel}","templated":true}]}}