{"id":769560,"date":"2020-07-28T07:00:00","date_gmt":"2020-07-28T05:00:00","guid":{"rendered":"https:\/\/dailynewshungary.com\/it\/repubblica-ceca-per-aggiornare-il-sistema-di-quarantenasmart\/"},"modified":"2020-07-28T07:00:00","modified_gmt":"2020-07-28T05:00:00","slug":"repubblica-ceca-per-aggiornare-il-sistema-di-quarantenasmart","status":"publish","type":"post","link":"https:\/\/dailynewshungary.com\/it\/repubblica-ceca-per-aggiornare-il-sistema-di-quarantenasmart\/","title":{"rendered":"Repubblica Ceca per aggiornare il sistema di quarantena\u201csmart\u201d"},"content":{"rendered":"<p><strong>La Repubblica Ceca sta creando un \u201cHealth Risk Board\u201d per supervisionare il sistema di \u201csmart quarantena\u201d del paese, che intende contattare tracce di infezioni da COVID-19, hanno detto i funzionari dopo una riunione del governo luned\u00ec.<\/strong><\/p>\n<p>Il ministro della Sanit\u00e0 Adam Vojtech, che ha respinto le affermazioni secondo cui il suo ministero avrebbe fallito l&#8217;implementazione del sistema di quarantena\u201d \u201csmart, ha descritto il nuovo consiglio come un organismo di sorveglianza delle \u201cdove saremo tutti allo stesso tavolo.\u201d<\/p>\n<p>Domenica, il ministro dell&#8217;Interno Jan Hamacek ha affermato che il cosiddetto sistema di quarantena di \u201csmart\u201d non funziona correttamente e ha invitato l&#8217;esercito a essere maggiormente coinvolto.<\/p>\n<blockquote class=\"wp-block-quote is-layout-flow wp-block-quote-is-layout-flow\">\n<p>Il nuovo consiglio sar\u00e0 guidato dal primo ministro Andrej Babis, e l&#8217;esercito ceco e il ministero della Salute saranno entrambi fortemente coinvolti, hanno detto i funzionari durante la conferenza stampa.<\/p>\n<\/blockquote>\n<p>Inoltre, il Ministero della Salute sta introducendo un nuovo sistema a quattro livelli per valutare l\u2019entit\u00e0 delle infezioni in regioni specifiche. Dal pi\u00f9 basso al pi\u00f9 alto, i codici colore per i livelli sono bianco, verde, giallo e rosso.<\/p>\n<p>Questo cosiddetto sistema a semaforo informer\u00e0 i cittadini delle misure antiepidemiche che dovrebbero aspettarsi di seguire nella loro routine quotidiana e fornir\u00e0 ai funzionari sanitari regionali raccomandazioni su come gestire la loro situazione epidemiologica locale.<\/p>\n","protected":false},"excerpt":{"rendered":"<p>La Repubblica Ceca sta creando un \u201cHealth Risk Board\u201d per supervisionare il sistema di \u201csmart quarantena\u201d del paese, che intende contattare tracce di infezioni da COVID-19, hanno detto i funzionari dopo una riunione del governo luned\u00ec. Il ministro della Sanit\u00e0 Adam Vojtech, che ha respinto le affermazioni secondo cui il suo ministero avrebbe fallito l&#8217;implementazione [&hellip;]<\/p>\n","protected":false},"author":33,"featured_media":769562,"comment_status":"open","ping_status":"open","sticky":false,"template":"","format":"standard","meta":{"_display_image":"","footnotes":""},"categories":[1197],"tags":[1656,1450,1362,1113,1073],"class_list":["post-769560","post","type-post","status-publish","format-standard","has-post-thumbnail","hentry","category-mondo","tag-coronavirus","tag-diritto","tag-repubblica-ceca","tag-salute","tag-viaggi"],"blocksy_meta":[],"author_username":"ugyelet","telegram_post":"","public_post_metadata":{"breaking_news":"","important":"","csempe":"","center_tile":"","disable_thumbnail":"","target_lang":"","_featured_image_style":"","telegram_post":"","_xlat_group_id":""},"public_rank_math_data":{"title":"%titolo% %sep% %nomesito%","description":"","focus_keyword":"","canonical_url":"","robots":"","primary_category":"1197","breadcrumb_title":"","facebook_title":"","facebook_description":"","facebook_image":"","facebook_image_id":"","twitter_title":"","twitter_description":"","twitter_image":"","twitter_image_id":"","twitter_card_type":"","twitter_use_facebook":"","advanced_robots":"","pillar_content":"","seo_score":"","contentai_score":"","rich_snippet":""},"_links":{"self":[{"href":"https:\/\/dailynewshungary.com\/it\/wp-json\/wp\/v2\/posts\/769560","targetHints":{"allow":["GET"]}}],"collection":[{"href":"https:\/\/dailynewshungary.com\/it\/wp-json\/wp\/v2\/posts"}],"about":[{"href":"https:\/\/dailynewshungary.com\/it\/wp-json\/wp\/v2\/types\/post"}],"author":[{"embeddable":true,"href":"https:\/\/dailynewshungary.com\/it\/wp-json\/wp\/v2\/users\/33"}],"replies":[{"embeddable":true,"href":"https:\/\/dailynewshungary.com\/it\/wp-json\/wp\/v2\/comments?post=769560"}],"version-history":[{"count":0,"href":"https:\/\/dailynewshungary.com\/it\/wp-json\/wp\/v2\/posts\/769560\/revisions"}],"wp:featuredmedia":[{"embeddable":true,"href":"https:\/\/dailynewshungary.com\/it\/wp-json\/wp\/v2\/media\/769562"}],"wp:attachment":[{"href":"https:\/\/dailynewshungary.com\/it\/wp-json\/wp\/v2\/media?parent=769560"}],"wp:term":[{"taxonomy":"category","embeddable":true,"href":"https:\/\/dailynewshungary.com\/it\/wp-json\/wp\/v2\/categories?post=769560"},{"taxonomy":"post_tag","embeddable":true,"href":"https:\/\/dailynewshungary.com\/it\/wp-json\/wp\/v2\/tags?post=769560"}],"curies":[{"name":"wp","href":"https:\/\/api.w.org\/{rel}","templated":true}]}}