{"id":769964,"date":"2020-07-16T19:15:00","date_gmt":"2020-07-16T17:15:00","guid":{"rendered":"https:\/\/dailynewshungary.com\/it\/trump-a-nominare-il-suo-ex-consigliere-di-origini-ungheresi-a-una-carica-importante\/"},"modified":"2020-07-16T19:15:00","modified_gmt":"2020-07-16T17:15:00","slug":"trump-a-nominare-il-suo-ex-consigliere-di-origini-ungheresi-a-una-carica-importante","status":"publish","type":"post","link":"https:\/\/dailynewshungary.com\/it\/trump-a-nominare-il-suo-ex-consigliere-di-origini-ungheresi-a-una-carica-importante\/","title":{"rendered":"Trump a nominare il suo ex consigliere di origini ungheresi a una carica importante"},"content":{"rendered":"<p><strong>Sebastian Gorka \u00e8 un ex consigliere del presidente degli Stati Uniti, che ha lasciato la Casa Bianca nel 2017 Ora, pu\u00f2 tornare in prima linea nella politica diventando membro del National Security Education Board dal momento che Trump pu\u00f2 nominare 6 dei 14 membri.<\/strong><\/p>\n<p>Secondo il <em><a href=\"https:\/\/edition.cnn.com\/2020\/07\/14\/politics\/sebastian-gorka-national-security-education-board-trump\/index.html\" target=\"_blank\" rel=\"noopener\">CNN<\/a><\/em>, il consiglio \u201c<em>supervisiona un programma governativo che assegna borse di studio e borse di studio agli studenti e offre sovvenzioni a college e universit\u00e0 per affrontare &#8220;la necessit\u00e0 nazionale di esperti in lingue e regioni critiche&#8221;<\/em>.\u201d Mirano a mettere insieme un elenco di candidati che possono successivamente lavorare nei dipartimenti e nelle agenzie del governo degli Stati Uniti con responsabilit\u00e0 di sicurezza nazionale Il presidente pu\u00f2 nominare 6 dei 14 membri e diversi altri rappresentanti di tutta l&#8217;amministrazione.<\/p>\n<blockquote>\n<p><span style=\"color: #0000ff;\">Gorka ha dovuto lasciare la Casa Bianca nel 2017 <\/span><\/p>\n<\/blockquote>\n<p>dopo il nuovo capo di stato maggiore, subentr\u00f2 John Kelly che licenzi\u00f2 coloro che non erano suoi ungheresi <em><a href=\"https:\/\/index.hu\/kulfold\/2020\/07\/15\/trump_magyar_szarmazasu_tanacsado_gorka_sebestyen\/\" target=\"_blank\" rel=\"noopener\">Indice<\/a><\/em> dice che l&#8217;ex-consigliere di origini ungheresi se ne and\u00f2 quando l&#8217;ex capo stratega di Trump che gestiva il sito web dell&#8217;alt-right chiamato Breitbart, Steve Bannon, se ne and\u00f2 \u00c8 interessante notare che, a quel tempo, la Casa Bianca ha rilasciato una dichiarazione non attribuita dicendo che Gorka non si \u00e8 dimesso ma non era pi\u00f9 nello staff e non aveva pi\u00f9 accesso ai terreni della Casa Bianca.<\/p>\n<ul>\n<li><a href=\"https:\/\/dailynewshungary.com\/it\/17-stati-degli-stati-uniti-fanno-causa-allamministrazione-trump-per-la-regola-dei-visti-sugli-studenti-stranieri\/\">17 stati degli Stati Uniti fanno causa all\u2019amministrazione Trump per la regola dei visti sugli studenti stranieri<\/a><\/li>\n<li><a href=\"https:\/\/dailynewshungary.com\/it\/presidente-della-camera-le-persone-che-hanno-dato-fuoco-alle-citta-degli-stati-uniti-sono-le-stesse-che-non-possono-tollerare-il-presidente-trump\/\">Presidente della Camera: Le persone che hanno dato fuoco alle citt\u00e0 degli Stati Uniti sono le stesse che non possono tollerare il presidente Trump<\/a><\/li>\n<li><a href=\"https:\/\/dailynewshungary.com\/it\/il-primo-ministro-orban-celebra-il-giorno-dellindipendenza-in-una-lettera-al-presidente-trump\/\">Il Primo Ministro Orb\u00e1n celebra il Giorno dell\u2019Indipendenza in una lettera al presidente Trump<\/a><\/li>\n<\/ul>\n<p><em>CNN<\/em> dice che le conoscenze di Gorka nel campo della sicurezza internazionale e del terrorismo sono limitate, Inoltre, non parla arabo, sa molto poco dei paesi musulmani e non ha mai avuto alcun ruolo ufficiale di leadership o di gestione nella politica estera, nell&#8217;intelligence o nell&#8217;esercito.<\/p>\n<p>Anche cos\u00ec, Gorka era e rimase<\/p>\n<blockquote>\n<p><span style=\"color: #0000ff;\">uno dei maggiori sostenitori delle controverse azioni presidenziali<\/span><\/p>\n<\/blockquote>\n<p>e ha difeso le politiche e le dichiarazioni pubbliche di Trump molte volte negli ultimi anni. Ma nessuno sa cosa abbia fatto poich\u00e9 non ha avuto un ruolo nel processo decisionale e non era membro del Consiglio di sicurezza nazionale.<\/p>\n<p>\u00c8 interessante notare che nel 2015, Gorka ha pagato 8.000 dollari per diventare consulente politico per la campagna di Trump, \u00c8 stato allora che \u00e8 iniziata la loro storia condivisa Gorka \u00e8 nato in Gran Bretagna da genitori ungheresi ed era noto per i suoi terribili avvertimenti sul terrorismo islamico mentre lavorava a Breitbart.<\/p>\n<p>Nel 2018, \u00e8 venuto alla luce che<\/p>\n<blockquote>\n<p><span style=\"color: #0000ff;\">era ancora ricercato dalla polizia ungherese <\/span><\/p>\n<\/blockquote>\n<p>a causa del sospetto di reati legati alle armi da fuoco, <em><a href=\"https:\/\/index.hu\/kulfold\/2020\/07\/15\/trump_magyar_szarmazasu_tanacsado_gorka_sebestyen\/\" target=\"_blank\" rel=\"noopener\">Indice<\/a><\/em>&nbsp;detto. \u00c8 interessante notare che, mentre era un membro attivo dello staff della Casa Bianca, ha incontrato il ministro degli Esteri ungherese P\u00e9ter Szijj\u00e1rt\u00f3, ma il ministro non lo sapeva. A Gorka piacciono le armi da fuoco e ha detto molte volte che non esce di casa senza un arsenale pi\u00f9 piccolo. Un paio di giorni dopo lo scoppio dello scandalo, la polizia ungherese ha annullato la perquisizione dicendo che non pu\u00f2 aspettarsi alcun risultato riguardo alla questione.<\/p>\n","protected":false},"excerpt":{"rendered":"<p>Sebastian Gorka \u00e8 un ex consigliere del presidente degli Stati Uniti, che ha lasciato la Casa Bianca nel 2017 Ora, pu\u00f2 tornare in prima linea nella politica diventando membro del National Security Education Board dal momento che Trump pu\u00f2 nominare 6 dei 14 membri. Secondo il CNN, il consiglio \u201csupervisiona un programma governativo che assegna [&hellip;]<\/p>\n","protected":false},"author":18,"featured_media":769965,"comment_status":"open","ping_status":"open","sticky":false,"template":"","format":"standard","meta":{"_display_image":"","footnotes":""},"categories":[1207],"tags":[1111,1214,1069],"class_list":["post-769964","post","type-post","status-publish","format-standard","has-post-thumbnail","hentry","category-societa-in-ungheria","tag-stati-uniti","tag-ungheresi-allestero","tag-ungheria"],"blocksy_meta":[],"author_username":"johnwoods","telegram_post":"","public_post_metadata":{"breaking_news":"","important":"","csempe":"","center_tile":"","disable_thumbnail":"","target_lang":"","_featured_image_style":"","telegram_post":"","_xlat_group_id":""},"public_rank_math_data":{"title":"%titolo% %sep% %nomesito%","description":"","focus_keyword":"","canonical_url":"","robots":"","primary_category":"1207","breadcrumb_title":"","facebook_title":"","facebook_description":"","facebook_image":"","facebook_image_id":"","twitter_title":"","twitter_description":"","twitter_image":"","twitter_image_id":"","twitter_card_type":"","twitter_use_facebook":"","advanced_robots":"","pillar_content":"","seo_score":"","contentai_score":"","rich_snippet":""},"_links":{"self":[{"href":"https:\/\/dailynewshungary.com\/it\/wp-json\/wp\/v2\/posts\/769964","targetHints":{"allow":["GET"]}}],"collection":[{"href":"https:\/\/dailynewshungary.com\/it\/wp-json\/wp\/v2\/posts"}],"about":[{"href":"https:\/\/dailynewshungary.com\/it\/wp-json\/wp\/v2\/types\/post"}],"author":[{"embeddable":true,"href":"https:\/\/dailynewshungary.com\/it\/wp-json\/wp\/v2\/users\/18"}],"replies":[{"embeddable":true,"href":"https:\/\/dailynewshungary.com\/it\/wp-json\/wp\/v2\/comments?post=769964"}],"version-history":[{"count":0,"href":"https:\/\/dailynewshungary.com\/it\/wp-json\/wp\/v2\/posts\/769964\/revisions"}],"wp:featuredmedia":[{"embeddable":true,"href":"https:\/\/dailynewshungary.com\/it\/wp-json\/wp\/v2\/media\/769965"}],"wp:attachment":[{"href":"https:\/\/dailynewshungary.com\/it\/wp-json\/wp\/v2\/media?parent=769964"}],"wp:term":[{"taxonomy":"category","embeddable":true,"href":"https:\/\/dailynewshungary.com\/it\/wp-json\/wp\/v2\/categories?post=769964"},{"taxonomy":"post_tag","embeddable":true,"href":"https:\/\/dailynewshungary.com\/it\/wp-json\/wp\/v2\/tags?post=769964"}],"curies":[{"name":"wp","href":"https:\/\/api.w.org\/{rel}","templated":true}]}}