{"id":770237,"date":"2020-07-08T14:02:00","date_gmt":"2020-07-08T12:02:00","guid":{"rendered":"https:\/\/dailynewshungary.com\/it\/pm-orban-leuropa-ha-bisogno-di-strategie-e-non-di-risposte-tattiche\/"},"modified":"2020-07-08T14:02:00","modified_gmt":"2020-07-08T12:02:00","slug":"pm-orban-leuropa-ha-bisogno-di-strategie-e-non-di-risposte-tattiche","status":"publish","type":"post","link":"https:\/\/dailynewshungary.com\/it\/pm-orban-leuropa-ha-bisogno-di-strategie-e-non-di-risposte-tattiche\/","title":{"rendered":"PM Orb\u00e1n: L\u2019Europa ha bisogno di strategie e non di risposte tattiche"},"content":{"rendered":"<p><strong>L&#8217;Unione europea ha bisogno di una strategia per affrontare i problemi emergenti, ha detto mercoled\u00ec il primo ministro Viktor Orb\u00e1n in una conferenza internazionale online.<\/strong><\/p>\n<p>Orb\u00e1n ha dichiarato alla conferenza Uncensored Europe che in tempi di crisi l&#8217;UE ha reagito tatticamente allo svolgersi degli eventi piuttosto che seguire un approccio strategico. \u00c8 necessario un pensiero proattivo e strategico, ha affermato, aggiungendo che le sfide includono il rafforzamento della performance economica e della competitivit\u00e0 del blocco.<\/p>\n<p>Il primo ministro ha affermato che, si spera, il Partito popolare europeo guider\u00e0 lo sviluppo e l&#8217;attuazione di una nuova strategia europea.<\/p>\n<p>Orb\u00e1n ha detto<\/p>\n<blockquote class=\"wp-block-quote is-layout-flow wp-block-quote-is-layout-flow\">\n<p>L\u2019Europa era in ritirata, sostenendo che il continente aveva prestazioni inferiori in termini di tasso di riproduzione, spesa per la difesa e peso nell\u2019economia globale.<\/p>\n<\/blockquote>\n<p>Inoltre, ha detto, gli equilibri di potere in Europa si erano spostati, sottolineando che 30 anni fa l&#8217;asse franco-tedesco era stato la forza dominante, mentre la Gran Bretagna aveva rappresentato l&#8217;Europa delle nazioni Questo ha fornito un equilibrio che \u00e8 rimasto intatto anche quando i paesi dell&#8217;Europa centrale hanno aderito all&#8217;UE, ha detto.<\/p>\n<blockquote class=\"wp-block-quote is-layout-flow wp-block-quote-is-layout-flow\">\n<p>Ma oggi la Francia \u00e8 in grave debito, il Regno Unito ha lasciato il blocco e la Germania \u00e8 ancora una volta lo stato membro forte a cui tutti cercano soluzioni \u201cogni volta che le cose si fanno difficili\u201d, ha detto Orb\u00e1n.<\/p>\n<\/blockquote>\n<p>\u201cQuesta \u00e8 la nuova realt\u00e0 del potere in Europa.\u201d<\/p>\n<p>Il primo ministro ha detto che l&#8217;Europa ha vissuto tre grandi crisi nel periodo recente, che secondo lui sono la crisi finanziaria, la crisi migratoria e ora la crisi del coronavirus. Tutte e tre sono state gestite in modo diverso sulle due sponde del continente, ha aggiunto.<\/p>\n<p>Durante la crisi finanziaria, l\u2019Europa occidentale mirava a salvare lo stato sociale, soprattutto l\u2019Europa centrale <a href=\"https:\/\/dailynewshungary.com\/it\/la-grande-rapina-al-treno-britannico-come-una-banda-di-15-uomini-rubo-26-milioni-di-sterline-nel-1963\/\" target=\"_blank\" rel=\"noreferrer noopener\" aria-label=\"Hungary (opens in a new tab)\">Ungheria<\/a>, \u201crispondeva a una societ\u00e0 basata sul lavoro\u201d, ha detto. Quando si trattava della crisi migratoria, l\u2019Occidente vedeva l\u2019immigrazione come la soluzione ai suoi problemi demografici mentre gli europei centrali non volevano affrontare i problemi di altre civilt\u00e0, ha spiegato Orb\u00e1n.<\/p>\n<p>Un altro problema, ha detto, \u00e8 che, sebbene l\u2019Europa sia incapace di risolvere i propri problemi, vuole risolvere i problemi del mondo e dire ai suoi partner internazionali come gestire i propri paesi.<\/p>\n<p>\u201cQuesta pratica deve finire e dobbiamo tornare all&#8217;approccio dell&#8217;Europa concentrandosi principalmente sulla risoluzione dei propri problemi interni prima di dare consigli agli altri, ha detto\u201d Orb\u00e1n.<\/p>\n<p>Il premier ha detto<\/p>\n<blockquote class=\"wp-block-quote is-layout-flow wp-block-quote-is-layout-flow\">\n<p>i dibattiti in corso in Europa hanno comportato lo scontro di due visioni contrastanti.<\/p>\n<\/blockquote>\n<p>Uno, ha detto, \u00e8 stato l\u2019approccio liberale, di sinistra, progressista e semi-marxista che sostiene il multiculturalismo e la migrazione.\u201d Questa visione, ha aggiunto, era&#8230;<\/p>\n<p><!--nextpage--><\/p>\n<p>Uno, ha detto, \u00e8 stato l\u2019approccio liberale, di sinistra, progressista, semi-marxista che sostiene il multiculturalismo e la migrazione.\u201d Questa visione, ha aggiunto, era \u201canti-famiglia e contro nazioni e stati nazionali, e considera irrilevanti gli insegnamenti sociali cristiani.\u201d Descrisse la visione opposta come fondata sulla nostra cultura cristiana ereditata dall&#8217;\u201c\u201d. Questo, disse, era anticomunista, impegnato nel concetto di famiglia e vedeva l&#8217;identit\u00e0 nazionale come una risorsa.<\/p>\n<p>Il primo ministro ha affermato di ritenere che l\u2019unico modo per mantenere l\u2019Europa unita accanto a queste differenze sia che l\u2019Europa occidentale accetti e rispetti le diverse opinioni dell\u2019Europa centrale senza cercare di imporre le proprie opinioni alla regione. La condizione fondamentale per mantenere l\u2019Europa unita \u00e8 che agli europei centrali\u201c non si possa dire come vivere la propria vita\u201d, ha detto.<\/p>\n<p>Per quanto riguarda il prossimo bilancio settennale del blocco, Orb\u00e1n ha affermato che<\/p>\n<blockquote class=\"wp-block-quote is-layout-flow wp-block-quote-is-layout-flow\">\n<p>Il bilancio dell\u2019UE \u00e8 stato una storia di successo negli ultimi 30 anni, sottolineando che, sebbene ci siano sempre stati disaccordi, gli Stati membri alla fine hanno sempre trovato una soluzione che funzionasse per tutti.<\/p>\n<\/blockquote>\n<p>\u201cLo stesso tipo di compromesso deve avvenire anche questa volta.\u201d<\/p>\n<p>Per quanto riguarda il previsto fondo Next Generation EU, il primo ministro ha detto che il nome della proposta dovrebbe essere preso alla lettera, sostenendo che il prestito che costituisce il fondo dovrebbe essere rimborsato dalla prossima generazione del blocco.<\/p>\n<p>L&#8217;Ungheria non ama gestire le crisi prendendo in prestito, ha detto Orb\u00e1n, aggiungendo, tuttavia, che questo approccio dovrebbe essere accettato nell&#8217;interesse di aiutare gli Stati membri che affrontano difficolt\u00e0 finanziarie I fondi dovrebbero essere distribuiti in modo equo e flessibile, ha detto, aggiungendo che si aspetta che i negoziati in materia siano \u201ctough\u201d.<\/p>\n<p>Orb\u00e1n ha elogiato gli altri due relatori della conferenza, il presidente serbo Aleksandar Vucic e il primo ministro sloveno Janez Jansa, definendoli \u201cgrandi patrioti\u201d che hanno \u201cdedicato molta energia alle lotte per la libert\u00e0 e la sovranit\u00e0 delle loro nazioni\u201d. Ha detto che mentre c&#8217;erano molti politici in posizioni di leadership nell&#8217;Europa centrale che avevano svolto un ruolo attivo nel rimodellare l&#8217;Europa e nello smantellare il comunismo, l&#8217;unico leader di questo tipo nell&#8217;Europa occidentale era la cancelliera tedesca Angela Merkel.<\/p>\n","protected":false},"excerpt":{"rendered":"<p>L&#8217;Unione europea ha bisogno di una strategia per affrontare i problemi emergenti, ha detto mercoled\u00ec il primo ministro Viktor Orb\u00e1n in una conferenza internazionale online. Orb\u00e1n ha dichiarato alla conferenza Uncensored Europe che in tempi di crisi l&#8217;UE ha reagito tatticamente allo svolgersi degli eventi piuttosto che seguire un approccio strategico. \u00c8 necessario un pensiero [&hellip;]<\/p>\n","protected":false},"author":2,"featured_media":770238,"comment_status":"open","ping_status":"open","sticky":false,"template":"","format":"standard","meta":{"_display_image":"","footnotes":""},"categories":[1185],"tags":[1069,1075,1083],"class_list":["post-770237","post","type-post","status-publish","format-standard","has-post-thumbnail","hentry","category-politica-in-ungheria","tag-ungheria","tag-unione-europea","tag-viktor-orban"],"blocksy_meta":[],"author_username":"alk","telegram_post":"","public_post_metadata":{"breaking_news":"no","important":"no","csempe":"no","center_tile":"no","disable_thumbnail":"","target_lang":"","_featured_image_style":"","telegram_post":"","_xlat_group_id":""},"public_rank_math_data":{"title":"%titolo% %sep% %nomesito%","description":"","focus_keyword":"","canonical_url":"","robots":"","primary_category":"1185","breadcrumb_title":"","facebook_title":"","facebook_description":"","facebook_image":"","facebook_image_id":"","twitter_title":"","twitter_description":"","twitter_image":"","twitter_image_id":"","twitter_card_type":"","twitter_use_facebook":"","advanced_robots":"","pillar_content":"","seo_score":"","contentai_score":"","rich_snippet":""},"_links":{"self":[{"href":"https:\/\/dailynewshungary.com\/it\/wp-json\/wp\/v2\/posts\/770237","targetHints":{"allow":["GET"]}}],"collection":[{"href":"https:\/\/dailynewshungary.com\/it\/wp-json\/wp\/v2\/posts"}],"about":[{"href":"https:\/\/dailynewshungary.com\/it\/wp-json\/wp\/v2\/types\/post"}],"author":[{"embeddable":true,"href":"https:\/\/dailynewshungary.com\/it\/wp-json\/wp\/v2\/users\/2"}],"replies":[{"embeddable":true,"href":"https:\/\/dailynewshungary.com\/it\/wp-json\/wp\/v2\/comments?post=770237"}],"version-history":[{"count":0,"href":"https:\/\/dailynewshungary.com\/it\/wp-json\/wp\/v2\/posts\/770237\/revisions"}],"wp:featuredmedia":[{"embeddable":true,"href":"https:\/\/dailynewshungary.com\/it\/wp-json\/wp\/v2\/media\/770238"}],"wp:attachment":[{"href":"https:\/\/dailynewshungary.com\/it\/wp-json\/wp\/v2\/media?parent=770237"}],"wp:term":[{"taxonomy":"category","embeddable":true,"href":"https:\/\/dailynewshungary.com\/it\/wp-json\/wp\/v2\/categories?post=770237"},{"taxonomy":"post_tag","embeddable":true,"href":"https:\/\/dailynewshungary.com\/it\/wp-json\/wp\/v2\/tags?post=770237"}],"curies":[{"name":"wp","href":"https:\/\/api.w.org\/{rel}","templated":true}]}}