{"id":770356,"date":"2020-07-04T21:00:00","date_gmt":"2020-07-04T19:00:00","guid":{"rendered":"https:\/\/dailynewshungary.com\/it\/il-primo-ministro-orban-celebra-il-giorno-dellindipendenza-in-una-lettera-al-presidente-trump\/"},"modified":"2020-07-04T21:00:00","modified_gmt":"2020-07-04T19:00:00","slug":"il-primo-ministro-orban-celebra-il-giorno-dellindipendenza-in-una-lettera-al-presidente-trump","status":"publish","type":"post","link":"https:\/\/dailynewshungary.com\/it\/il-primo-ministro-orban-celebra-il-giorno-dellindipendenza-in-una-lettera-al-presidente-trump\/","title":{"rendered":"Il Primo Ministro Orb\u00e1n celebra il Giorno dell\u2019Indipendenza in una lettera al presidente Trump"},"content":{"rendered":"<p><strong>Il primo ministro Viktor Orb\u00e1n ha salutato il presidente degli Stati Uniti Donald Trump in occasione del Giorno dell&#8217;Indipendenza americana, sabato, ha riferito l&#8217;ufficio stampa del primo ministro.<\/strong><\/p>\n<p>Ungheresi e americani sono impegnati a favore di valori condivisi dai loro paesi, come la libert\u00e0, la sovranit\u00e0 e l&#8217;indipendenza, ha scritto il primo ministro nella sua lettera Gli sforzi per preservare un&#8217;identit\u00e0 cristiana, sostenere le famiglie e fornire assistenza congiunta a Israele sono fattori dominanti nelle politiche di entrambi i paesi, ha aggiunto.<\/p>\n<blockquote class=\"wp-block-quote is-layout-flow wp-block-quote-is-layout-flow\">\n<p>Orb\u00e1n ha sottolineato che gli Stati Uniti stanno dando rifugio a molti ungheresi che hanno dovuto fuggire dalla loro patria e ha affermato che gli ungherese-americani sono un forte legame tra le due nazioni.<\/p>\n<\/blockquote>\n<p>Ha detto che il suo governo \u00e8 impegnato a proteggere la libert\u00e0 e la sovranit\u00e0 anche in tempi difficili, aggiungendo che l&#8217;Ungheria \u00e8 pronta a dare un giusto contributo alle spese della NATO.<\/p>\n<p>Orb\u00e1n ha anche assicurato a Trump che il governo ungherese continuer\u00e0 a lavorare per proteggere i confini dell\u2019Ungheria e combattere l\u2019immigrazione clandestina.<\/p>\n<p>Il governo ungherese vuole rafforzare i legami bilaterali e rimanere un alleato impegnato degli Stati Uniti, ha detto Orban, aggiungendo che non vede l\u2019ora di continuare gli sforzi congiunti.<\/p>\n","protected":false},"excerpt":{"rendered":"<p>Il primo ministro Viktor Orb\u00e1n ha salutato il presidente degli Stati Uniti Donald Trump in occasione del Giorno dell&#8217;Indipendenza americana, sabato, ha riferito l&#8217;ufficio stampa del primo ministro. Ungheresi e americani sono impegnati a favore di valori condivisi dai loro paesi, come la libert\u00e0, la sovranit\u00e0 e l&#8217;indipendenza, ha scritto il primo ministro nella sua [&hellip;]<\/p>\n","protected":false},"author":33,"featured_media":770357,"comment_status":"open","ping_status":"open","sticky":false,"template":"","format":"standard","meta":{"_display_image":"","footnotes":""},"categories":[1185],"tags":[1327,1111,1223,1069,1083],"class_list":["post-770356","post","type-post","status-publish","format-standard","has-post-thumbnail","hentry","category-politica-in-ungheria","tag-commemorazione","tag-stati-uniti","tag-storia","tag-ungheria","tag-viktor-orban"],"blocksy_meta":[],"author_username":"ugyelet","telegram_post":"","public_post_metadata":{"breaking_news":"no","important":"no","csempe":"no","center_tile":"no","disable_thumbnail":"","target_lang":"","_featured_image_style":"","telegram_post":"","_xlat_group_id":""},"public_rank_math_data":{"title":"%titolo% %sep% %nomesito%","description":"","focus_keyword":"","canonical_url":"","robots":"","primary_category":"1185","breadcrumb_title":"","facebook_title":"","facebook_description":"","facebook_image":"","facebook_image_id":"","twitter_title":"","twitter_description":"","twitter_image":"","twitter_image_id":"","twitter_card_type":"","twitter_use_facebook":"","advanced_robots":"","pillar_content":"","seo_score":"","contentai_score":"","rich_snippet":""},"_links":{"self":[{"href":"https:\/\/dailynewshungary.com\/it\/wp-json\/wp\/v2\/posts\/770356","targetHints":{"allow":["GET"]}}],"collection":[{"href":"https:\/\/dailynewshungary.com\/it\/wp-json\/wp\/v2\/posts"}],"about":[{"href":"https:\/\/dailynewshungary.com\/it\/wp-json\/wp\/v2\/types\/post"}],"author":[{"embeddable":true,"href":"https:\/\/dailynewshungary.com\/it\/wp-json\/wp\/v2\/users\/33"}],"replies":[{"embeddable":true,"href":"https:\/\/dailynewshungary.com\/it\/wp-json\/wp\/v2\/comments?post=770356"}],"version-history":[{"count":0,"href":"https:\/\/dailynewshungary.com\/it\/wp-json\/wp\/v2\/posts\/770356\/revisions"}],"wp:featuredmedia":[{"embeddable":true,"href":"https:\/\/dailynewshungary.com\/it\/wp-json\/wp\/v2\/media\/770357"}],"wp:attachment":[{"href":"https:\/\/dailynewshungary.com\/it\/wp-json\/wp\/v2\/media?parent=770356"}],"wp:term":[{"taxonomy":"category","embeddable":true,"href":"https:\/\/dailynewshungary.com\/it\/wp-json\/wp\/v2\/categories?post=770356"},{"taxonomy":"post_tag","embeddable":true,"href":"https:\/\/dailynewshungary.com\/it\/wp-json\/wp\/v2\/tags?post=770356"}],"curies":[{"name":"wp","href":"https:\/\/api.w.org\/{rel}","templated":true}]}}