{"id":772228,"date":"2020-06-08T20:00:00","date_gmt":"2020-06-08T18:00:00","guid":{"rendered":"https:\/\/dailynewshungary.com\/it\/la-cittadella-collinare-di-gellert-di-budapest-sara-rinnovata\/"},"modified":"2020-06-08T20:00:00","modified_gmt":"2020-06-08T18:00:00","slug":"la-cittadella-collinare-di-gellert-di-budapest-sara-rinnovata","status":"publish","type":"post","link":"https:\/\/dailynewshungary.com\/it\/la-cittadella-collinare-di-gellert-di-budapest-sara-rinnovata\/","title":{"rendered":"La cittadella collinare di Gell\u00e9rt di Budapest sar\u00e0 rinnovata"},"content":{"rendered":"<p><strong>La Cittadella di Budapest, costruita come fortezza militare sulla collina di Gell\u00e9rt, il punto pi\u00f9 alto del centro della citt\u00e0, subir\u00e0 una ricostruzione di tre anni, ha detto luned\u00ec il commissario del progetto in una conferenza stampa.<\/strong><\/p>\n<p>I piani per un&#8217;antica fortezza costruita dall&#8217;Austria asburgica in seguito alla rivoluzione del 1848-49 includono la creazione di un parco al posto di un bunker della Seconda Guerra Mondiale e di un museo che commemora le \u201cLotte ungheresi per la libert\u00e0\u201d, ha detto Gergely Fodor.<\/p>\n<blockquote>\n<p>In stato di rovina per decenni, la Cittadella aprir\u00e0 al pubblico nel 2022,<\/p>\n<\/blockquote>\n<p>Fodor ha detto. Lo spazio espositivo aprir\u00e0 nella torre del cannone ricostruita nel 2023, ha detto.<\/p>\n<blockquote>\n<p>L&#8217;inizio dei lavori \u00e8 previsto per l&#8217;autunno 2020 con una valutazione completa dell&#8217;area, che mostrer\u00e0 anche se anche la Statua della Libert\u00e0 vicino alla cittadella necessita di ricostruzione, ha aggiunto.<\/p>\n<\/blockquote>\n<p><a href=\"https:\/\/dailynewshungary.com\/it\/grandi-notizie-cittadella-sulla-collina-di-gellert-budapest-da-ristrutturare-foto\/\" target=\"_blank\" rel=\"noopener noreferrer\">Grandi notizie! Cittadella sulla collina di Gell\u00e9rt, Budapest da ristrutturare FOTO<\/a><\/p>\n","protected":false},"excerpt":{"rendered":"<p>La Cittadella di Budapest, costruita come fortezza militare sulla collina di Gell\u00e9rt, il punto pi\u00f9 alto del centro della citt\u00e0, subir\u00e0 una ricostruzione di tre anni, ha detto luned\u00ec il commissario del progetto in una conferenza stampa. I piani per un&#8217;antica fortezza costruita dall&#8217;Austria asburgica in seguito alla rivoluzione del 1848-49 includono la creazione di [&hellip;]<\/p>\n","protected":false},"author":2,"featured_media":772230,"comment_status":"open","ping_status":"open","sticky":false,"template":"","format":"standard","meta":{"_display_image":"","footnotes":""},"categories":[1207],"tags":[1158,1072,1069],"class_list":["post-772228","post","type-post","status-publish","format-standard","has-post-thumbnail","hentry","category-societa-in-ungheria","tag-budapest","tag-turismo","tag-ungheria"],"blocksy_meta":[],"author_username":"alk","telegram_post":"","public_post_metadata":{"breaking_news":"","important":"","csempe":"","center_tile":"","disable_thumbnail":"","target_lang":"","_featured_image_style":"","telegram_post":"","_xlat_group_id":""},"public_rank_math_data":{"title":"%titolo% %sep% %nomesito%","description":"","focus_keyword":"","canonical_url":"","robots":"","primary_category":"1207","breadcrumb_title":"","facebook_title":"","facebook_description":"","facebook_image":"","facebook_image_id":"","twitter_title":"","twitter_description":"","twitter_image":"","twitter_image_id":"","twitter_card_type":"","twitter_use_facebook":"","advanced_robots":"","pillar_content":"","seo_score":"","contentai_score":"","rich_snippet":""},"_links":{"self":[{"href":"https:\/\/dailynewshungary.com\/it\/wp-json\/wp\/v2\/posts\/772228","targetHints":{"allow":["GET"]}}],"collection":[{"href":"https:\/\/dailynewshungary.com\/it\/wp-json\/wp\/v2\/posts"}],"about":[{"href":"https:\/\/dailynewshungary.com\/it\/wp-json\/wp\/v2\/types\/post"}],"author":[{"embeddable":true,"href":"https:\/\/dailynewshungary.com\/it\/wp-json\/wp\/v2\/users\/2"}],"replies":[{"embeddable":true,"href":"https:\/\/dailynewshungary.com\/it\/wp-json\/wp\/v2\/comments?post=772228"}],"version-history":[{"count":0,"href":"https:\/\/dailynewshungary.com\/it\/wp-json\/wp\/v2\/posts\/772228\/revisions"}],"wp:featuredmedia":[{"embeddable":true,"href":"https:\/\/dailynewshungary.com\/it\/wp-json\/wp\/v2\/media\/772230"}],"wp:attachment":[{"href":"https:\/\/dailynewshungary.com\/it\/wp-json\/wp\/v2\/media?parent=772228"}],"wp:term":[{"taxonomy":"category","embeddable":true,"href":"https:\/\/dailynewshungary.com\/it\/wp-json\/wp\/v2\/categories?post=772228"},{"taxonomy":"post_tag","embeddable":true,"href":"https:\/\/dailynewshungary.com\/it\/wp-json\/wp\/v2\/tags?post=772228"}],"curies":[{"name":"wp","href":"https:\/\/api.w.org\/{rel}","templated":true}]}}