{"id":772781,"date":"2020-06-01T18:00:00","date_gmt":"2020-06-01T16:00:00","guid":{"rendered":"https:\/\/dailynewshungary.com\/it\/una-nuova-era-in-ungheria-10-anni-viktor-orban-e-stato-il-primo-ministro-10-anni-10-anni-video\/"},"modified":"2020-06-01T18:00:00","modified_gmt":"2020-06-01T16:00:00","slug":"una-nuova-era-in-ungheria-10-anni-viktor-orban-e-stato-il-primo-ministro-10-anni-10-anni-video","status":"publish","type":"post","link":"https:\/\/dailynewshungary.com\/it\/una-nuova-era-in-ungheria-10-anni-viktor-orban-e-stato-il-primo-ministro-10-anni-10-anni-video\/","title":{"rendered":"Una nuova era in Ungheria? 10 anni Viktor Orb\u00e1n \u00e8 stato il Primo Ministro 10 anni 10 anni video"},"content":{"rendered":"<p><strong>Alcuni ungheresi dicono che dovrebbe rimanere nella presidenza del PM per molti altri decenni da quando il suo governo ha portato una nuova et\u00e0 dell&#8217;oro per il paese Nel frattempo, altri dicono che la sua amministrazione segna una dittatura morbida o addirittura dura in Ungheria durante la quale il suo partito, Fidesz, cerca di dominare non solo la politica con la sua maggioranza di 2\/3 ma anche quasi tutti i segmenti della vita come i media o l&#8217;economia Gli storici probabilmente discuteranno mai sulla valutazione dell'&#8221;era di Orb\u00e1n&#8221; ma, inevitabilmente, ne discuteranno anche decenni dopo.<\/strong><\/p>\n<p>Anche i suoi oppositori riconoscono che Viktor Orb\u00e1n non \u00e8 il primo ministro ungherese per caso e le sue capacit\u00e0 politiche sono uniche. In Europa, Viktor Orb\u00e1n \u00e8 il primo ministro pi\u00f9 longevo e democraticamente eletto dopo Angela Merkel, il che \u00e8 speciale gi\u00e0 di per s\u00e9 poich\u00e9, in Ungheria, ogni governo ha perso le elezioni dopo il 1990, ad eccezione di Ferenc Gyurcs\u00e1ny nel 2006. Inoltre, Viktor Orb\u00e1n e il suo partito Fidesz insieme ai cristiano-democratici<\/p>\n<blockquote>\n<p><span style=\"color: #0000ff;\">ha ottenuto tre vittorie schiaccianti consecutive alle elezioni democratiche <\/span><\/p>\n<\/blockquote>\n<p>risultando in una maggioranza di 2\/3 nel 2010, 2014 e 2018 Pertanto, molti pensano che il periodo che inizia il 29 maggio 2010, segni l&#8217;inizio dell&#8217;era Orb\u00e1n invece di un semplice cambiamento nei governi che guidano il paese.<\/p>\n<ul>\n<li><a href=\"https:\/\/dailynewshungary.com\/news_to_go\/orban-football-consolation-gratification-for-hungarians\/\">Orb\u00e1n: Calcio &#8216;consolazione, gratificazione&#8217; per gli ungheresi<\/a><\/li>\n<li><a href=\"https:\/\/dailynewshungary.com\/it\/coronavirus-o-il-governo-sta-discutendo-la-proposta-di-ritirare-i-poteri-di-emergenza\/\">Coronavirus O il governo sta discutendo la proposta di ritirare i poteri di emergenza<\/a><\/li>\n<li><a href=\"https:\/\/dailynewshungary.com\/it\/orban-gli-ungheresi-si-sono-riuniti-per-combattere-il-nuovo-coronavirus-esclusa-lepidemia-di-sinistra-intervista\/\">Orb\u00e1n: Gli ungheresi si sono riuniti per combattere il nuovo coronavirus, esclusa l&#8217;epidemia di sinistra. INTERVISTA<\/a><\/li>\n<\/ul>\n<p>Viktor Orb\u00e1n era gi\u00e0 Primo Ministro una volta tra il 1998 e il 2002, ma poi ha dovuto lavorare insieme ad altri due partiti che gli hanno legato le mani su molte questioni e non hanno potuto agire cos\u00ec liberamente come voleva. Dopo il 2010; \u00e8 stato per\u00f2 il Primo Ministro con il sostegno dei Fidesz e dei Democratici Cristiani<\/p>\n<blockquote>\n<p><span style=\"color: #0000ff;\">ma questi partiti non si oppongono alla sua volont\u00e0<\/span><\/p>\n<\/blockquote>\n<p>in qualsiasi questione ma votato come \u00e8 stato detto loro.<\/p>\n<p>Secondo Viktor Orb\u00e1n, nel 2010, il paese si trovava in un pessimo stato economico, sociale ecc. che sfuggiva a malapena alla bancarotta dopo la crisi finanziaria del 2008, in base alla loro comunicazione, il Primo Ministro non solo \u00e8 riuscito ad affrontare i gravi problemi economici ma, tra il 2010 e il 2020, ha potuto avviare l&#8217;Ungheria su un percorso di crescita \u00c8 un fatto innegabile che dal 2010 in poi l&#8217;economia ungherese \u00e8 cresciuta ma i critici affermano che la ragione dietro di essa non \u00e8 il lavoro del governo ma l&#8217;aumento dell&#8217;economia mondiale Inoltre, dicono che il Primo Ministro Orb\u00e1n e la sua amministrazione hanno attratto molti investitori stranieri; tuttavia, hanno creato posti di lavoro per lo pi\u00f9 a basso valore aggiunto con cattivi salari Pertanto,<\/p>\n<blockquote>\n<p><span style=\"color: #0000ff;\">centinaia di migliaia di ungheresi hanno scelto di lasciare il Paese <\/span><\/p>\n<\/blockquote>\n<p>e <a href=\"https:\/\/dailynewshungary.com\/it\/ungheresi-che-si-trasferiscono-allestero-quali-sono-i-paesi-piu-attraenti\/\">lavorare nell&#8217;Europa occidentale per salari pi\u00f9 alti<\/a>. Nel frattempo, il signor Orb\u00e1n dice che stanno solo cercando avventure all&#8217;estero.<\/p>\n<p>I governi di Orb\u00e1n hanno sempre combattuto contro le persone e le istituzioni negli ultimi 10 anni. Nel 2010, hanno iniziato a combattere contro il Fondo monetario internazionale e il debito statale. Successivamente \u00e8 stato modificato in burocrati dell\u2019Unione Europea (\u201cBruxelles\u201d) e, nel 2015, la migrazione \u00e8 diventata il principale avversario del governo insieme al loro ex sostenitore, George Soros, che \u00e8 stato descritto dai media di prossimit\u00e0 del governo come il principale organizzatore dell\u2019afflusso. Questo \u00e8 rimasto il principale percorso di comunicazione negli ultimi cinque anni dicendo questo<\/p>\n<blockquote>\n<p><span style=\"color: #0000ff;\">i partiti di opposizione ungheresi vorrebbero sistemare i migranti provenienti dall\u2019Africa e dall\u2019Asia in Ungheria.<\/span><\/p>\n<\/blockquote>\n<p>\u00c8 interessante notare che, anche se Orb\u00e1n ha sempre lottato contro \u201cBruxelles\u201d, la sua amministrazione ha guadagnato pi\u00f9 soldi dall&#8217;Unione Europea (il Fondo di coesione) per diversi progetti grazie a un sistema molto efficace che hanno creato per non perdere alcun centesimo L&#8217;opposizione dice che i soldi che l&#8217;UE ha dato sono andati agli oligarchi vicini al governo negli ultimi dieci anni Nel frattempo, il governo sottolinea che, in primo luogo, non \u00e8 qualcosa di cui devono essere grati ma i soldi del popolo ungherese che meritano Inoltre, dicono di averlo speso in importanti progetti infrastrutturali che aiutano l&#8217;Ungheria a diventare attraente agli occhi degli investitori stranieri Al contrario, i critici dicono che<\/p>\n<blockquote>\n<p><span style=\"color: #0000ff;\">il governo spende troppi soldi in progetti di prestigio (ad esempio stadi)<\/span><\/p>\n<\/blockquote>\n<p>invece dello sviluppo dell&#8217;istruzione o del sistema sanitario.<\/p>\n<p>Gli storici probabilmente discuteranno mai sulla valutazione dell'&#8221;era di Orb\u00e1n&#8221; ma, inevitabilmente, ne discuteranno anche decenni dopo. Inoltre, Viktor Orb\u00e1n rimarr\u00e0 primo ministro almeno fino al 2022, e prima aveva detto che intende restare sulla sua sedia fino al 2030. Oggi i sondaggi mostrano che i suoi partiti sono molto pi\u00f9 avanti dei loro avversari, quindi ci sono buone probabilit\u00e0 che vinca di nuovo nel 2022.<\/p>\n<p>Infine, questo \u00e8 il video che il PM ha postato questo 29 maggio nel 10\u00b0 anniversario della nuova \u2018era\u2019:<\/p>\n<p>https:\/\/www.facebook.com\/298090296092\/videos\/310808379921262\/<\/p>\n","protected":false},"excerpt":{"rendered":"<p>Alcuni ungheresi dicono che dovrebbe rimanere nella presidenza del PM per molti altri decenni da quando il suo governo ha portato una nuova et\u00e0 dell&#8217;oro per il paese Nel frattempo, altri dicono che la sua amministrazione segna una dittatura morbida o addirittura dura in Ungheria durante la quale il suo partito, Fidesz, cerca di dominare [&hellip;]<\/p>\n","protected":false},"author":18,"featured_media":772784,"comment_status":"open","ping_status":"open","sticky":false,"template":"","format":"standard","meta":{"_display_image":"","footnotes":""},"categories":[1207],"tags":[1069,1083],"class_list":["post-772781","post","type-post","status-publish","format-standard","has-post-thumbnail","hentry","category-societa-in-ungheria","tag-ungheria","tag-viktor-orban"],"blocksy_meta":[],"author_username":"johnwoods","telegram_post":"","public_post_metadata":{"breaking_news":"","important":"","csempe":"","center_tile":"","disable_thumbnail":"","target_lang":"","_featured_image_style":"","telegram_post":"","_xlat_group_id":""},"public_rank_math_data":{"title":"%titolo% %sep% %nomesito%","description":"","focus_keyword":"","canonical_url":"","robots":"","primary_category":"1207","breadcrumb_title":"","facebook_title":"","facebook_description":"","facebook_image":"","facebook_image_id":"","twitter_title":"","twitter_description":"","twitter_image":"","twitter_image_id":"","twitter_card_type":"","twitter_use_facebook":"","advanced_robots":"","pillar_content":"","seo_score":"","contentai_score":"","rich_snippet":""},"_links":{"self":[{"href":"https:\/\/dailynewshungary.com\/it\/wp-json\/wp\/v2\/posts\/772781","targetHints":{"allow":["GET"]}}],"collection":[{"href":"https:\/\/dailynewshungary.com\/it\/wp-json\/wp\/v2\/posts"}],"about":[{"href":"https:\/\/dailynewshungary.com\/it\/wp-json\/wp\/v2\/types\/post"}],"author":[{"embeddable":true,"href":"https:\/\/dailynewshungary.com\/it\/wp-json\/wp\/v2\/users\/18"}],"replies":[{"embeddable":true,"href":"https:\/\/dailynewshungary.com\/it\/wp-json\/wp\/v2\/comments?post=772781"}],"version-history":[{"count":0,"href":"https:\/\/dailynewshungary.com\/it\/wp-json\/wp\/v2\/posts\/772781\/revisions"}],"wp:featuredmedia":[{"embeddable":true,"href":"https:\/\/dailynewshungary.com\/it\/wp-json\/wp\/v2\/media\/772784"}],"wp:attachment":[{"href":"https:\/\/dailynewshungary.com\/it\/wp-json\/wp\/v2\/media?parent=772781"}],"wp:term":[{"taxonomy":"category","embeddable":true,"href":"https:\/\/dailynewshungary.com\/it\/wp-json\/wp\/v2\/categories?post=772781"},{"taxonomy":"post_tag","embeddable":true,"href":"https:\/\/dailynewshungary.com\/it\/wp-json\/wp\/v2\/tags?post=772781"}],"curies":[{"name":"wp","href":"https:\/\/api.w.org\/{rel}","templated":true}]}}