{"id":773083,"date":"2020-05-23T10:00:00","date_gmt":"2020-05-23T08:00:00","guid":{"rendered":"https:\/\/dailynewshungary.com\/it\/eurodeputato-fidesz-stato-di-diritto-funziona-molto-bene-in-ungheria\/"},"modified":"2020-05-23T10:00:00","modified_gmt":"2020-05-23T08:00:00","slug":"eurodeputato-fidesz-stato-di-diritto-funziona-molto-bene-in-ungheria","status":"publish","type":"post","link":"https:\/\/dailynewshungary.com\/it\/eurodeputato-fidesz-stato-di-diritto-funziona-molto-bene-in-ungheria\/","title":{"rendered":"Eurodeputato Fidesz: Stato di diritto \u201cfunziona molto bene\u201d in Ungheria"},"content":{"rendered":"<p><strong>Lo stato di diritto funziona molto bene in Ungheria, e il discorso politico ungherese \u00e8 uno dei pi\u00f9 liberi dell&#8217;Unione Europea, ha detto all&#8217;emittente pubblica tedesca Deutsche Welle il deputato europeo Bal\u00e1zs Hidv\u00e9ghi del partito ungherese Fidesz.<\/strong><\/p>\n<p>In un&#8217;intervista pubblicata nella trasmissione Conflict Zone di DW venerd\u00ec, Hidv\u00e9ghi ha denunciato le accuse secondo cui le misure del governo ungherese durante la pandemia di coronavirus sarebbero servite ad espandere i suoi poteri.<\/p>\n<blockquote class=\"wp-block-quote is-layout-flow wp-block-quote-is-layout-flow\">\n<p>Il governo ha un mandato politico \u201cmolto forte grazie alla popolazione ungherese\u201d, e non ha bisogno di prese di potere, ha insistito Hidv\u00e9ghi.<\/p>\n<\/blockquote>\n<p>Le leggi sono state messe in atto per reprimere coloro che diffondono notizie false, e non i critici del governo, ha detto Hidveghi. Durante una pandemia, bisogna assicurarsi che solo la realt\u00e0 e i fatti reali siano trasmessi alla gente, ha detto il\u201d.<\/p>\n<p>Il discorso pubblico e la politica ungherese hanno \u201cuno dei dibattiti pi\u00f9 vivaci qui in tutta l&#8217;Unione europea, con tutta una serie di opinioni diverse e punti di vista diversi, ha detto\u201d Hidv\u00e9ghi.<\/p>\n<p>Per accedere all&#8217;intervista completa, clicca <strong><a href=\"https:\/\/www.dw.com\/en\/is-the-hungarian-response-to-the-covid-19-pandemic-a-move-to-cement-authoritarianism-in-europe\/av-53514162\" target=\"_blank\" rel=\"noopener\">QUI<\/a><\/strong>.<\/p>\n","protected":false},"excerpt":{"rendered":"<p>Lo stato di diritto funziona molto bene in Ungheria, e il discorso politico ungherese \u00e8 uno dei pi\u00f9 liberi dell&#8217;Unione Europea, ha detto all&#8217;emittente pubblica tedesca Deutsche Welle il deputato europeo Bal\u00e1zs Hidv\u00e9ghi del partito ungherese Fidesz. In un&#8217;intervista pubblicata nella trasmissione Conflict Zone di DW venerd\u00ec, Hidv\u00e9ghi ha denunciato le accuse secondo cui le [&hellip;]<\/p>\n","protected":false},"author":46,"featured_media":0,"comment_status":"open","ping_status":"open","sticky":false,"template":"","format":"standard","meta":{"_display_image":"","footnotes":""},"categories":[1190],"tags":[1450,1078,1069,1075],"class_list":["post-773083","post","type-post","status-publish","format-standard","hentry","category-notizie-flash","tag-diritto","tag-fidesz","tag-ungheria","tag-unione-europea"],"blocksy_meta":[],"author_username":"barbara.smn","telegram_post":"","public_post_metadata":{"breaking_news":"","important":"","csempe":"","center_tile":"","disable_thumbnail":"","target_lang":"","_featured_image_style":"","telegram_post":"","_xlat_group_id":""},"public_rank_math_data":{"title":"%titolo% %sep% %nomesito%","description":"","focus_keyword":"","canonical_url":"","robots":"","primary_category":"1190","breadcrumb_title":"","facebook_title":"","facebook_description":"","facebook_image":"","facebook_image_id":"","twitter_title":"","twitter_description":"","twitter_image":"","twitter_image_id":"","twitter_card_type":"","twitter_use_facebook":"","advanced_robots":"","pillar_content":"","seo_score":"","contentai_score":"","rich_snippet":""},"_links":{"self":[{"href":"https:\/\/dailynewshungary.com\/it\/wp-json\/wp\/v2\/posts\/773083","targetHints":{"allow":["GET"]}}],"collection":[{"href":"https:\/\/dailynewshungary.com\/it\/wp-json\/wp\/v2\/posts"}],"about":[{"href":"https:\/\/dailynewshungary.com\/it\/wp-json\/wp\/v2\/types\/post"}],"author":[{"embeddable":true,"href":"https:\/\/dailynewshungary.com\/it\/wp-json\/wp\/v2\/users\/46"}],"replies":[{"embeddable":true,"href":"https:\/\/dailynewshungary.com\/it\/wp-json\/wp\/v2\/comments?post=773083"}],"version-history":[{"count":0,"href":"https:\/\/dailynewshungary.com\/it\/wp-json\/wp\/v2\/posts\/773083\/revisions"}],"wp:attachment":[{"href":"https:\/\/dailynewshungary.com\/it\/wp-json\/wp\/v2\/media?parent=773083"}],"wp:term":[{"taxonomy":"category","embeddable":true,"href":"https:\/\/dailynewshungary.com\/it\/wp-json\/wp\/v2\/categories?post=773083"},{"taxonomy":"post_tag","embeddable":true,"href":"https:\/\/dailynewshungary.com\/it\/wp-json\/wp\/v2\/tags?post=773083"}],"curies":[{"name":"wp","href":"https:\/\/api.w.org\/{rel}","templated":true}]}}