{"id":773160,"date":"2020-05-20T14:15:00","date_gmt":"2020-05-20T12:15:00","guid":{"rendered":"https:\/\/dailynewshungary.com\/it\/dobbiamo-riconsiderare-la-struttura-dellassistenza-sanitaria-ungherese-afferma-il-ministro-kasler\/"},"modified":"2020-05-20T14:15:00","modified_gmt":"2020-05-20T12:15:00","slug":"dobbiamo-riconsiderare-la-struttura-dellassistenza-sanitaria-ungherese-afferma-il-ministro-kasler","status":"publish","type":"post","link":"https:\/\/dailynewshungary.com\/it\/dobbiamo-riconsiderare-la-struttura-dellassistenza-sanitaria-ungherese-afferma-il-ministro-kasler\/","title":{"rendered":"Dobbiamo riconsiderare la struttura dell\u2019assistenza sanitaria ungherese, afferma il ministro K\u00e1sler"},"content":{"rendered":"<p><strong>Il ministro delle Risorse umane Mikl\u00f3s K\u00e1sler ha dichiarato luned\u00ec che l\u2019Ungheria ha completato con successo la prima fase dei suoi sforzi contro la nuova epidemia di coronavirus.<\/strong><\/p>\n<p>Il sistema sanitario del paese pu\u00f2 ora ritornare gradualmente e attentamente alla sua routine pre-epidemia, ha detto K\u00e1sler ai giornalisti.<\/p>\n<blockquote>\n<p>Gli operatori sanitari ungheresi hanno acquisito molta esperienza durante l&#8217;epidemia<\/p>\n<\/blockquote>\n<p>K\u00e1sler ha detto, ma ha aggiunto che \u201cdobbiamo riconsiderare il nostro approccio alle varie malattie, la struttura dell&#8217;assistenza sanitaria ungherese, nonch\u00e9 il ruolo degli istituti nazionali, delle universit\u00e0 mediche e dei centri sanitari regionali\u201d. Ha sottolineato il programma sanitario nazionale del governo, che \u201c fornisce un nuovo approccio che sar\u00e0 seguito da (cambiamenti nella) struttura\u201d.<\/p>\n<p>K\u00e1sler lo ha detto<\/p>\n<blockquote>\n<p>il trattamento dei pazienti affetti da Covid-19 \u00e8 in fase di centralizzazione, prima in otto grandi ospedali di Budapest e poi presso l\u2019Ospedale St. L\u00e1szl\u00f3 e l\u2019Istituto di Pneumologia Kor\u00e1nyi\u201d.<\/p>\n<\/blockquote>\n<p>Ha aggiunto che i pazienti affetti da coronavirus sono ora in cura in 41 ospedali a livello nazionale, ma 15 di loro avevano solo pochi pazienti ciascuno. La centralizzazione ha lo scopo di prevenire la formazione di cluster di infezioni, nonch\u00e9 di fornire ai pazienti affetti da Covid-19 le migliori cure, ha aggiunto.<\/p>\n<p>Il ministro ha parlato dopo una visita all&#8217;Istituto Kor\u00e1nyi, dove attualmente vengono curati 52 pazienti affetti da coronavirus.<\/p>\n<ul>\n<li>Ultima oggi: <a href=\"https:\/\/dailynewshungary.com\/it\/coronavirus-in-ungheria-3-pazienti-muoiono-i-casi-registrati-aumentano-da-42-a-3-598\/\" target=\"_blank\" rel=\"noopener noreferrer\">Muoiono tre pazienti, i casi registrati salgono da 42 a 3.598<\/a><\/li>\n<\/ul>\n","protected":false},"excerpt":{"rendered":"<p>Il ministro delle Risorse umane Mikl\u00f3s K\u00e1sler ha dichiarato luned\u00ec che l\u2019Ungheria ha completato con successo la prima fase dei suoi sforzi contro la nuova epidemia di coronavirus. Il sistema sanitario del paese pu\u00f2 ora ritornare gradualmente e attentamente alla sua routine pre-epidemia, ha detto K\u00e1sler ai giornalisti. Gli operatori sanitari ungheresi hanno acquisito molta [&hellip;]<\/p>\n","protected":false},"author":2,"featured_media":773161,"comment_status":"open","ping_status":"open","sticky":false,"template":"","format":"standard","meta":{"_display_image":"","footnotes":""},"categories":[1185],"tags":[1656,1590,1198,1069],"class_list":["post-773160","post","type-post","status-publish","format-standard","has-post-thumbnail","hentry","category-politica-in-ungheria","tag-coronavirus","tag-coronavirus-in-ungheria","tag-sistema-sanitario","tag-ungheria"],"blocksy_meta":[],"author_username":"alk","telegram_post":"","public_post_metadata":{"breaking_news":"","important":"","csempe":"","center_tile":"","disable_thumbnail":"","target_lang":"","_featured_image_style":"","telegram_post":"","_xlat_group_id":""},"public_rank_math_data":{"title":"%titolo% %sep% %nomesito%","description":"","focus_keyword":"","canonical_url":"","robots":"","primary_category":"1185","breadcrumb_title":"","facebook_title":"","facebook_description":"","facebook_image":"","facebook_image_id":"","twitter_title":"","twitter_description":"","twitter_image":"","twitter_image_id":"","twitter_card_type":"","twitter_use_facebook":"","advanced_robots":"","pillar_content":"","seo_score":"","contentai_score":"","rich_snippet":""},"_links":{"self":[{"href":"https:\/\/dailynewshungary.com\/it\/wp-json\/wp\/v2\/posts\/773160","targetHints":{"allow":["GET"]}}],"collection":[{"href":"https:\/\/dailynewshungary.com\/it\/wp-json\/wp\/v2\/posts"}],"about":[{"href":"https:\/\/dailynewshungary.com\/it\/wp-json\/wp\/v2\/types\/post"}],"author":[{"embeddable":true,"href":"https:\/\/dailynewshungary.com\/it\/wp-json\/wp\/v2\/users\/2"}],"replies":[{"embeddable":true,"href":"https:\/\/dailynewshungary.com\/it\/wp-json\/wp\/v2\/comments?post=773160"}],"version-history":[{"count":0,"href":"https:\/\/dailynewshungary.com\/it\/wp-json\/wp\/v2\/posts\/773160\/revisions"}],"wp:featuredmedia":[{"embeddable":true,"href":"https:\/\/dailynewshungary.com\/it\/wp-json\/wp\/v2\/media\/773161"}],"wp:attachment":[{"href":"https:\/\/dailynewshungary.com\/it\/wp-json\/wp\/v2\/media?parent=773160"}],"wp:term":[{"taxonomy":"category","embeddable":true,"href":"https:\/\/dailynewshungary.com\/it\/wp-json\/wp\/v2\/categories?post=773160"},{"taxonomy":"post_tag","embeddable":true,"href":"https:\/\/dailynewshungary.com\/it\/wp-json\/wp\/v2\/tags?post=773160"}],"curies":[{"name":"wp","href":"https:\/\/api.w.org\/{rel}","templated":true}]}}