{"id":773440,"date":"2020-05-12T16:31:48","date_gmt":"2020-05-12T14:31:48","guid":{"rendered":"https:\/\/dailynewshungary.com\/it\/coronavirus-in-ungheria-lo-screening-rappresentativo-mostra-finora-solo-due-aspetti-positivi\/"},"modified":"2020-05-12T16:31:48","modified_gmt":"2020-05-12T14:31:48","slug":"coronavirus-in-ungheria-lo-screening-rappresentativo-mostra-finora-solo-due-aspetti-positivi","status":"publish","type":"post","link":"https:\/\/dailynewshungary.com\/it\/coronavirus-in-ungheria-lo-screening-rappresentativo-mostra-finora-solo-due-aspetti-positivi\/","title":{"rendered":"Coronavirus in Ungheria Lo screening rappresentativo mostra finora solo due aspetti positivi"},"content":{"rendered":"<p><strong>Uno screening rappresentativo a livello nazionale per l\u2019infezione da parte del nuovo coronavirus ha prodotto solo due aspetti positivi degli 8.276 test finora, ha detto marted\u00ec B\u00e9la Merkely, rettore dell\u2019Universit\u00e0 Semmelweis, che \u00e8 a capo del progetto.<\/strong><\/p>\n<p>L&#8217;Universit\u00e0 Semmelweis, le altre tre scuole di medicina ungheresi e l&#8217;Ufficio centrale di statistica (KSH) hanno avviato lo screening di quasi 18.000 persone il 1\u00b0 maggio con il sostegno del ministero dell&#8217;innovazione e della tecnologia.<\/p>\n<p>Merkely ha detto<\/p>\n<blockquote>\n<p>i numeri finora suggeriscono che in Ungheria ci sono tra le 243 e le 7.230 persone affette da Covid-19 di et\u00e0 superiore ai 14 anni.<\/p>\n<\/blockquote>\n<p>Lo screening sta anche testando gli anticorpi del coronavirus nelle persone che sono state infettate e guarite.<\/p>\n<p>Il numero di persone che mostrano segni di precedente infezione e recupero sono nove da un campione di 1.524, ha detto Merkely.<\/p>\n<blockquote>\n<p>Ci\u00f2 collocherebbe il numero totale di questi ungheresi di et\u00e0 superiore ai 14 anni tra 22.399 e 92.624, ovvero tra lo 0,27% e l\u20191,1% della popolazione.<\/p>\n<\/blockquote>\n<p>Merkely ha detto che<\/p>\n<blockquote>\n<p>i risultati completi dello screening saranno annunciati alla fine di maggio.<\/p>\n<\/blockquote>\n<p>Ha detto che seguiranno pi\u00f9 proiezioni, distanziate di almeno un mese l&#8217;una dall&#8217;altra. Se non ci sar\u00e0 un grande cambiamento nei numeri giornalieri, la prossima proiezione potrebbe avvenire a settembre, ha aggiunto.<\/p>\n<ul>\n<li><a href=\"https:\/\/dailynewshungary.com\/it\/tutti-i-casi-gravi-di-covid-19-da-trasportare-a-budapest\/\" target=\"_blank\" rel=\"noopener noreferrer\">Tutti i casi gravi di COVID-19 da trasportare a Budapest<\/a><\/li>\n<li><a href=\"https:\/\/dailynewshungary.com\/it\/casi-registrati-di-coronavirus-3-313-in-ungheria\/\" target=\"_blank\" rel=\"noopener noreferrer\">Casi registrati di coronavirus 3.313 in Ungheria<\/a><\/li>\n<\/ul>\n<p>Un totale di 17.787 persone sono state invitate a partecipare allo screening Il test \u00e8 stato condotto su 8.744 di quelle persone, e altre 2.113 hanno dichiarato che si recheranno nei siti di test per lo screening, mentre 354 hanno chiesto di essere testati a casa Non \u00e8 stata ricevuta alcuna risposta da 1.589 persone che hanno ricevuto inviti, 505 sono all&#8217;estero o sono morte e 1.875 non sono state raggiunte.<\/p>\n<p>Lo screening viene effettuato con l&#8217;aiuto di 1.500 medici, infermieri, studenti di facolt\u00e0 di medicina e dottorandi.<\/p>\n","protected":false},"excerpt":{"rendered":"<p>Uno screening rappresentativo a livello nazionale per l\u2019infezione da parte del nuovo coronavirus ha prodotto solo due aspetti positivi degli 8.276 test finora, ha detto marted\u00ec B\u00e9la Merkely, rettore dell\u2019Universit\u00e0 Semmelweis, che \u00e8 a capo del progetto. L&#8217;Universit\u00e0 Semmelweis, le altre tre scuole di medicina ungheresi e l&#8217;Ufficio centrale di statistica (KSH) hanno avviato lo [&hellip;]<\/p>\n","protected":false},"author":2,"featured_media":773441,"comment_status":"open","ping_status":"open","sticky":false,"template":"","format":"standard","meta":{"_display_image":"","footnotes":""},"categories":[1207],"tags":[1656,1590,1198,1069],"class_list":["post-773440","post","type-post","status-publish","format-standard","has-post-thumbnail","hentry","category-societa-in-ungheria","tag-coronavirus","tag-coronavirus-in-ungheria","tag-sistema-sanitario","tag-ungheria"],"blocksy_meta":[],"author_username":"alk","telegram_post":"","public_post_metadata":{"breaking_news":"","important":"","csempe":"","center_tile":"","disable_thumbnail":"","target_lang":"","_featured_image_style":"","telegram_post":"","_xlat_group_id":""},"public_rank_math_data":{"title":"%titolo% %sep% %nomesito%","description":"","focus_keyword":"","canonical_url":"","robots":"","primary_category":"1207","breadcrumb_title":"","facebook_title":"","facebook_description":"","facebook_image":"","facebook_image_id":"","twitter_title":"","twitter_description":"","twitter_image":"","twitter_image_id":"","twitter_card_type":"","twitter_use_facebook":"","advanced_robots":"","pillar_content":"","seo_score":"","contentai_score":"","rich_snippet":""},"_links":{"self":[{"href":"https:\/\/dailynewshungary.com\/it\/wp-json\/wp\/v2\/posts\/773440","targetHints":{"allow":["GET"]}}],"collection":[{"href":"https:\/\/dailynewshungary.com\/it\/wp-json\/wp\/v2\/posts"}],"about":[{"href":"https:\/\/dailynewshungary.com\/it\/wp-json\/wp\/v2\/types\/post"}],"author":[{"embeddable":true,"href":"https:\/\/dailynewshungary.com\/it\/wp-json\/wp\/v2\/users\/2"}],"replies":[{"embeddable":true,"href":"https:\/\/dailynewshungary.com\/it\/wp-json\/wp\/v2\/comments?post=773440"}],"version-history":[{"count":0,"href":"https:\/\/dailynewshungary.com\/it\/wp-json\/wp\/v2\/posts\/773440\/revisions"}],"wp:featuredmedia":[{"embeddable":true,"href":"https:\/\/dailynewshungary.com\/it\/wp-json\/wp\/v2\/media\/773441"}],"wp:attachment":[{"href":"https:\/\/dailynewshungary.com\/it\/wp-json\/wp\/v2\/media?parent=773440"}],"wp:term":[{"taxonomy":"category","embeddable":true,"href":"https:\/\/dailynewshungary.com\/it\/wp-json\/wp\/v2\/categories?post=773440"},{"taxonomy":"post_tag","embeddable":true,"href":"https:\/\/dailynewshungary.com\/it\/wp-json\/wp\/v2\/tags?post=773440"}],"curies":[{"name":"wp","href":"https:\/\/api.w.org\/{rel}","templated":true}]}}