{"id":773468,"date":"2020-05-11T20:00:00","date_gmt":"2020-05-11T18:00:00","guid":{"rendered":"https:\/\/dailynewshungary.com\/it\/il-governo-orban-critica-soros-per-profitto-politico\/"},"modified":"2020-05-11T20:00:00","modified_gmt":"2020-05-11T18:00:00","slug":"il-governo-orban-critica-soros-per-profitto-politico","status":"publish","type":"post","link":"https:\/\/dailynewshungary.com\/it\/il-governo-orban-critica-soros-per-profitto-politico\/","title":{"rendered":"Il governo Orb\u00e1n critica Soros per \u201cprofitto politico\u201d"},"content":{"rendered":"<p><strong>Luned\u00ec il segretario di Stato ungherese per le comunicazioni e le relazioni internazionali ha criticato il finanziere George Soros per aver individuato il profitto politico.<\/strong><\/p>\n<p>Commentando un&#8217;intervista a Soros pubblicata dal blog di Project Syndicate, cos\u00ec come un articolo di Guy Verhofstadt che definisce il primo ministro Viktor Orb\u00e1n un populista e un dittatore, Kov\u00e1cs ha scritto su Facebook:<\/p>\n<blockquote>\n<p>\u201c\u00c8 interessante chiamare qualcuno dittatore per aver messo nelle mani del parlamento la decisione sulla fine dello stato di emergenza Che la maggioranza in quel parlamento sia detenuta da partiti non di gusto [degli autori] \u00e8 una decisione democratica del popolo ungherese.\u201d<\/p>\n<\/blockquote>\n<p>Verhofstadt, capogruppo dell&#8217;Alleanza dei Democratici e dei Liberali per l&#8217;Europa (ALDE) al Parlamento europeo, ha paragonato la legge ungherese sugli sforzi di protezione contro il nuovo coronavirus alla legge di abilitazione di Hitler del 1933.<\/p>\n<p><a href=\"https:\/\/www.project-syndicate.org\/commentary\/covid19-democracy-violations-by-guy-verhofstadt\" target=\"_blank\" rel=\"noopener noreferrer\">Ha detto<\/a>:&nbsp;<\/p>\n<blockquote>\n<p>Molto pi\u00f9 preoccupanti, tuttavia, sono gli sforzi populisti per utilizzare la crisi per minare la democrazia. Il primo ministro ungherese Viktor Orb\u00e1n ne \u00e8 un esempio calzante. Avendo trascorso l\u2019ultimo decennio attaccando la stampa libera, le ONG e gli oppositori politici, Orb\u00e1n ha utilizzato la crisi del COVID-19 come pretesto per far approvare una legislazione che gli consenta di governare per decreto a tempo indeterminato. Questo \u00e8 il primo dittatoriale d\u2019Europa&nbsp;<em>d\u00e9marche<\/em>&nbsp;dalla legge delega di Adolf Hitler del 1933.<\/p>\n<\/blockquote>\n<p>\u201cCi\u00f2 che chiamano populismo pu\u00f2 essere definito con le parole di Abraham Lincoln: del popolo, del popolo, del popolo, per il popolo, ha detto\u201d Kov\u00e1cs.<\/p>\n<p>Nel frattempo, Soros propone obbligazioni perpetue per gestire le ricadute economiche dopo la pandemia di coronavirus, uno strumento che farebbe precipitare la sua patria professata, l\u2019Europa, in profondit\u00e0 nella recessione del debito, ha detto Kov\u00e1cs.<\/p>\n<ul>\n<li><a href=\"https:\/\/dailynewshungary.com\/it\/freedom-house-lungheria-non-e-piu-una-democrazia-ma-un-regime-ibrido\/\" target=\"_blank\" rel=\"noopener noreferrer\">Freedom House: l&#8217;Ungheria non \u00e8 pi\u00f9 una democrazia ma un \u2018regime ibrido\u2019<\/a><\/li>\n<\/ul>\n","protected":false},"excerpt":{"rendered":"<p>Luned\u00ec il segretario di Stato ungherese per le comunicazioni e le relazioni internazionali ha criticato il finanziere George Soros per aver individuato il profitto politico. Commentando un&#8217;intervista a Soros pubblicata dal blog di Project Syndicate, cos\u00ec come un articolo di Guy Verhofstadt che definisce il primo ministro Viktor Orb\u00e1n un populista e un dittatore, Kov\u00e1cs [&hellip;]<\/p>\n","protected":false},"author":2,"featured_media":773469,"comment_status":"open","ping_status":"open","sticky":false,"template":"","format":"standard","meta":{"_display_image":"","footnotes":""},"categories":[1185],"tags":[1656,1590,1473,1551,1069,1083],"class_list":["post-773468","post","type-post","status-publish","format-standard","has-post-thumbnail","hentry","category-politica-in-ungheria","tag-coronavirus","tag-coronavirus-in-ungheria","tag-legge","tag-soros","tag-ungheria","tag-viktor-orban"],"blocksy_meta":[],"author_username":"alk","telegram_post":"","public_post_metadata":{"breaking_news":"","important":"","csempe":"","center_tile":"","disable_thumbnail":"","target_lang":"","_featured_image_style":"","telegram_post":"","_xlat_group_id":""},"public_rank_math_data":{"title":"%titolo% %sep% %nomesito%","description":"","focus_keyword":"","canonical_url":"","robots":"","primary_category":"1185","breadcrumb_title":"","facebook_title":"","facebook_description":"","facebook_image":"","facebook_image_id":"","twitter_title":"","twitter_description":"","twitter_image":"","twitter_image_id":"","twitter_card_type":"","twitter_use_facebook":"","advanced_robots":"","pillar_content":"","seo_score":"","contentai_score":"","rich_snippet":""},"_links":{"self":[{"href":"https:\/\/dailynewshungary.com\/it\/wp-json\/wp\/v2\/posts\/773468","targetHints":{"allow":["GET"]}}],"collection":[{"href":"https:\/\/dailynewshungary.com\/it\/wp-json\/wp\/v2\/posts"}],"about":[{"href":"https:\/\/dailynewshungary.com\/it\/wp-json\/wp\/v2\/types\/post"}],"author":[{"embeddable":true,"href":"https:\/\/dailynewshungary.com\/it\/wp-json\/wp\/v2\/users\/2"}],"replies":[{"embeddable":true,"href":"https:\/\/dailynewshungary.com\/it\/wp-json\/wp\/v2\/comments?post=773468"}],"version-history":[{"count":0,"href":"https:\/\/dailynewshungary.com\/it\/wp-json\/wp\/v2\/posts\/773468\/revisions"}],"wp:featuredmedia":[{"embeddable":true,"href":"https:\/\/dailynewshungary.com\/it\/wp-json\/wp\/v2\/media\/773469"}],"wp:attachment":[{"href":"https:\/\/dailynewshungary.com\/it\/wp-json\/wp\/v2\/media?parent=773468"}],"wp:term":[{"taxonomy":"category","embeddable":true,"href":"https:\/\/dailynewshungary.com\/it\/wp-json\/wp\/v2\/categories?post=773468"},{"taxonomy":"post_tag","embeddable":true,"href":"https:\/\/dailynewshungary.com\/it\/wp-json\/wp\/v2\/tags?post=773468"}],"curies":[{"name":"wp","href":"https:\/\/api.w.org\/{rel}","templated":true}]}}