{"id":773860,"date":"2020-04-29T15:45:00","date_gmt":"2020-04-29T13:45:00","guid":{"rendered":"https:\/\/dailynewshungary.com\/it\/il-governo-presenta-un-disegno-di-legge-sullimposta-speciale-al-dettaglio-per-le-grandi-aziende-in-ungheria\/"},"modified":"2020-04-29T15:45:00","modified_gmt":"2020-04-29T13:45:00","slug":"il-governo-presenta-un-disegno-di-legge-sullimposta-speciale-al-dettaglio-per-le-grandi-aziende-in-ungheria","status":"publish","type":"post","link":"https:\/\/dailynewshungary.com\/it\/il-governo-presenta-un-disegno-di-legge-sullimposta-speciale-al-dettaglio-per-le-grandi-aziende-in-ungheria\/","title":{"rendered":"Il governo presenta un disegno di legge sull\u2019imposta speciale al dettaglio per le grandi aziende in Ungheria"},"content":{"rendered":"<p><strong>Il governo ha presentato al parlamento un disegno di legge sull\u2019introduzione di una tassa speciale al dettaglio sulle grandi aziende per compensare l\u2019impatto della nuova epidemia di coronavirus, ha affermato il ministero delle Finanze.<\/strong><\/p>\n<p>La tassa non interesser\u00e0 i piccoli rivenditori, ha detto il ministero.<\/p>\n<blockquote>\n<p>Le imprese con ricavi annui compresi tra 500 milioni di fiorini (1,4 milioni di EUR) e 30 miliardi pagherebbero lo 0,1 per cento sulle vendite nette, mentre i ricavi compresi tra 30 miliardi e 100 miliardi sarebbero tassati allo 0,4 per cento.<\/p>\n<\/blockquote>\n<p>I ricavi superiori sarebbero tassati al 2,5%.<\/p>\n<p>Il governo ha deciso di tassare i grandi rivenditori come contributo agli sforzi di protezione dall&#8217;epidemia, si legge nella dichiarazione, La speciale tassa al dettaglio aiuter\u00e0 l&#8217;Ungheria a proteggere i risultati economici raggiunti prima dell&#8217;epidemia, ha affermato.<\/p>\n<p>La misura mira a scaricare l\u2019onere della ripresa economica sulle imprese che hanno ottenuto profitti eccezionali e si sono assicurate un sostanziale vantaggio di mercato prima della crisi, si legge nella nota.<\/p>\n<blockquote>\n<p>Le societ\u00e0 multinazionali online come Amazon, Wish e AliExpress non sono esenti dall&#8217;imposta,<\/p>\n<\/blockquote>\n<p>il ministero ha affermato, aggiungendo che l&#8217;autorit\u00e0 fiscale nazionale ne monitorer\u00e0 regolarmente la conformit\u00e0.<\/p>\n<ul>\n<li><a href=\"https:\/\/dailynewshungary.com\/it\/banca-speciale-tassa-al-dettaglio-per-aggiungere-259-milioni-di-euro-ai-fondi-anti-virus\/\" target=\"_blank\" rel=\"noopener noreferrer\">Banca speciale, tassa al dettaglio per aggiungere 259 milioni di euro ai fondi anti-virus<\/a><\/li>\n<\/ul>\n","protected":false},"excerpt":{"rendered":"<p>Il governo ha presentato al parlamento un disegno di legge sull\u2019introduzione di una tassa speciale al dettaglio sulle grandi aziende per compensare l\u2019impatto della nuova epidemia di coronavirus, ha affermato il ministero delle Finanze. La tassa non interesser\u00e0 i piccoli rivenditori, ha detto il ministero. Le imprese con ricavi annui compresi tra 500 milioni di [&hellip;]<\/p>\n","protected":false},"author":2,"featured_media":773861,"comment_status":"open","ping_status":"open","sticky":false,"template":"","format":"standard","meta":{"_display_image":"","footnotes":""},"categories":[1314],"tags":[1590,1132,1318],"class_list":["post-773860","post","type-post","status-publish","format-standard","has-post-thumbnail","hentry","category-economia-in-ungheria","tag-coronavirus-in-ungheria","tag-economia","tag-tasse"],"blocksy_meta":[],"author_username":"alk","telegram_post":"","public_post_metadata":{"breaking_news":"no","important":"no","csempe":"no","center_tile":"no","disable_thumbnail":"","target_lang":"","_featured_image_style":"","telegram_post":"","_xlat_group_id":""},"public_rank_math_data":{"title":"%titolo% %sep% %nomesito%","description":"","focus_keyword":"","canonical_url":"","robots":"","primary_category":"1314","breadcrumb_title":"","facebook_title":"","facebook_description":"","facebook_image":"","facebook_image_id":"","twitter_title":"","twitter_description":"","twitter_image":"","twitter_image_id":"","twitter_card_type":"","twitter_use_facebook":"","advanced_robots":"","pillar_content":"","seo_score":"","contentai_score":"","rich_snippet":""},"_links":{"self":[{"href":"https:\/\/dailynewshungary.com\/it\/wp-json\/wp\/v2\/posts\/773860","targetHints":{"allow":["GET"]}}],"collection":[{"href":"https:\/\/dailynewshungary.com\/it\/wp-json\/wp\/v2\/posts"}],"about":[{"href":"https:\/\/dailynewshungary.com\/it\/wp-json\/wp\/v2\/types\/post"}],"author":[{"embeddable":true,"href":"https:\/\/dailynewshungary.com\/it\/wp-json\/wp\/v2\/users\/2"}],"replies":[{"embeddable":true,"href":"https:\/\/dailynewshungary.com\/it\/wp-json\/wp\/v2\/comments?post=773860"}],"version-history":[{"count":0,"href":"https:\/\/dailynewshungary.com\/it\/wp-json\/wp\/v2\/posts\/773860\/revisions"}],"wp:featuredmedia":[{"embeddable":true,"href":"https:\/\/dailynewshungary.com\/it\/wp-json\/wp\/v2\/media\/773861"}],"wp:attachment":[{"href":"https:\/\/dailynewshungary.com\/it\/wp-json\/wp\/v2\/media?parent=773860"}],"wp:term":[{"taxonomy":"category","embeddable":true,"href":"https:\/\/dailynewshungary.com\/it\/wp-json\/wp\/v2\/categories?post=773860"},{"taxonomy":"post_tag","embeddable":true,"href":"https:\/\/dailynewshungary.com\/it\/wp-json\/wp\/v2\/tags?post=773860"}],"curies":[{"name":"wp","href":"https:\/\/api.w.org\/{rel}","templated":true}]}}