{"id":774551,"date":"2020-04-09T09:35:00","date_gmt":"2020-04-09T07:35:00","guid":{"rendered":"https:\/\/dailynewshungary.com\/it\/coronavirus-capi-delloms-onu-ha-risposto-alla-minaccia-di-trump\/"},"modified":"2020-04-09T09:35:00","modified_gmt":"2020-04-09T07:35:00","slug":"coronavirus-capi-delloms-onu-ha-risposto-alla-minaccia-di-trump","status":"publish","type":"post","link":"https:\/\/dailynewshungary.com\/it\/coronavirus-capi-delloms-onu-ha-risposto-alla-minaccia-di-trump\/","title":{"rendered":"Coronavirus (Capi dell\u2019OMS, ONU) ha risposto alla minaccia di Trump"},"content":{"rendered":"<p><strong>\u201cPer favore, metti in quarantena la politicizzazione del COVID. Se vogliamo vincere, non dovremmo perdere tempo a puntare il dito&#8230;L&#8217;unit\u00e0 \u00e8 l&#8217;unica opzione per sconfiggere questo virus, ha detto mercoled\u00ec il direttore generale dell&#8217;Organizzazione Mondiale della Sanit\u00e0 (OMS) Tedros Adhanom Ghebreyesus.<\/strong><\/p>\n<p>\u201cI suggerir\u00e0 due cose al mondo,\u201d ha detto in una conferenza stampa virtuale da Ginevra rispondendo a una domanda sulla minaccia del presidente degli Stati Uniti Donald Trump di trattenere i fondi per l&#8217;agenzia delle Nazioni Unite. \u201cIl primo \u00e8 l&#8217;unit\u00e0 nazionale, e il secondo \u00e8 la solidariet\u00e0 globale.\u201d<\/p>\n<blockquote>\n<p>Marted\u00ec Trump ha criticato la risposta dell\u2019OMS al COVID-19 e ha minacciato di congelare i finanziamenti statunitensi per questo.<\/p>\n<\/blockquote>\n<p>Tedros ha sottolineato che a livello nazionale i leader dovrebbero lavorare oltre le linee del partito.<\/p>\n<ul>\n<li><a href=\"https:\/\/dailynewshungary.com\/it\/il-bilancio-globale-delle-vittime-del-coronavirus-supera-le-82-000\/\"><strong>Il bilancio globale delle vittime del coronavirus supera le 82.000<\/strong><\/a><\/li>\n<li><a href=\"https:\/\/dailynewshungary.com\/it\/il-regno-unito-potrebbe-finire-con-il-peggior-bilancio-delle-vittime-di-covid-19-in-europa-avverte-lo-studio-sul-bilancio-delle-vittime-di-covid-19\/\"><strong>Il Regno Unito potrebbe finire con il peggior bilancio delle vittime di COVID-19 in Europa (avverte lo studio sul bilancio delle vittime di COVID-19)<\/strong><\/a><\/li>\n<\/ul>\n<p>\u201cIl mio messaggio ai partiti politici: non politicizzare questo virus Se ti prendi cura della tua gente, lavora oltre le linee di partito e le ideologie&#8230; Senza unit\u00e0, te lo assicuriamo, anche qualsiasi paese che possa avere un sistema migliore sar\u00e0 nei guai, e ancora crisi, ha osservato la\u201d Tedros.<\/p>\n<p>\u201cNon c&#8217;\u00e8 bisogno di usare il COVID per segnare punti politici Avete molti altri modi per dimostrarvi Questo non \u00e8 quello da usare per la politica, \u00e8 come giocare con il fuoco, ha aggiunto il\u201d Tedros.<\/p>\n<p>\u201cOra, gli Stati Uniti e la Cina, tutto il resto del G20 e il resto del mondo dovrebbero unirsi per combattere il virus,\u201d ha detto, aggiungendo che il virus ha successo quando ci sono crepe a livello nazionale e globale.<\/p>\n<blockquote>\n<p>All\u2019inizio della giornata, il segretario generale delle Nazioni Unite Antonio Guterres ha chiesto di sostenere l\u2019OMS durante la crisi del COVID-19 di fronte alla minaccia di Trump.<\/p>\n<\/blockquote>\n<p>L&#8217;OMS, con migliaia di dipendenti, \u00e8 in prima linea, sostenendo gli Stati membri e le loro societ\u00e0, soprattutto i pi\u00f9 vulnerabili tra loro, ha affermato Guterres in una nota. \u201c\u00c8 mia convinzione che l&#8217;OMS debba essere sostenuta, poich\u00e9 \u00e8 assolutamente fondamentale per gli sforzi del mondo per vincere la guerra contro il COVID-19.\u201d<\/p>\n<p>Ora \u00e8 il momento dell\u2019unit\u00e0, affinch\u00e9 la comunit\u00e0 internazionale lavori insieme in solidariet\u00e0 per fermare questo virus e le sue conseguenze sconvolgenti, piuttosto che per valutare le prestazioni di tutti i soggetti coinvolti, ha affermato.<\/p>\n<p><!--nextpage--><\/p>\n<p>La situazione sul campo sembra sostenere l&#8217;appello di Guterres per il sostegno all&#8217;OMS.<\/p>\n<p>Il numero di casi confermati di COVID-19 in Africa \u00e8 salito a oltre 10.000 con oltre 500 decessi registrati, poich\u00e9 le infezioni nel continente sono cresciute esponenzialmente nelle ultime settimane e continuano a diffondersi, secondo l\u2019OMS.<\/p>\n<blockquote>\n<p>Il primo caso africano di COVID-19 \u00e8 stato registrato in Egitto il 14 febbraio e da allora il numero di paesi africani che hanno segnalato casi \u00e8 salito a 52 su un totale di 54.<\/p>\n<\/blockquote>\n<p>L\u2019OMS ha affermato che le comunit\u00e0 devono essere responsabilizzate e che i livelli di governo provinciale e distrettuale devono garantire di avere le risorse e le competenze per rispondere alle epidemie a livello locale.<\/p>\n<p>L\u2019agenzia delle Nazioni Unite sta lavorando con i governi di tutta l\u2019Africa per aumentare le loro capacit\u00e0 in aree critiche di risposta come il coordinamento, la sorveglianza, l\u2019isolamento, la gestione dei casi e il tracciamento dei contatti, la prevenzione e il controllo delle infezioni, la comunicazione del rischio e l\u2019impegno della comunit\u00e0.<\/p>\n<blockquote>\n<p>Ad esempio, le Nazioni Unite sostengono il governo nigeriano negli sforzi per frenare la diffusione del virus.<\/p>\n<\/blockquote>\n<p>Tre ambulanze sono state donate mercoled\u00ec al popoloso Stato di Lagos Altre attrezzature essenziali di prevenzione, test e trattamento procurate dalle Nazioni Unite dovrebbero arrivare nel paese nei prossimi giorni, ha detto Stephane Dujarric, portavoce principale del segretario generale.<\/p>\n<p>In Venezuela, mercoled\u00ec era previsto l\u2019arrivo della prima spedizione di 90 tonnellate di forniture salvavita delle Nazioni Unite, tra cui 28.000 kit di dispositivi di protezione individuale per gli operatori sanitari in prima linea, nonch\u00e9 concentratori di ossigeno, letti pediatrici, prodotti per il controllo della qualit\u00e0 dell\u2019acqua e kit igienici. per sostenere la risposta al COVID-19, ha affermato Peter Grohmann, coordinatore residente delle Nazioni Unite e coordinatore umanitario per il paese.<\/p>\n<p>Luned\u00ec, in un discorso televisivo, anche il vicepresidente venezuelano Delcy Rodriguez ha espresso sostegno all\u2019OMS, affermando che l\u2019organismo delle Nazioni Unite ha inviato avvertimenti in una fase iniziale dell\u2019epidemia di COVID-19 e ha fatto piani specifici per contenere il virus.<\/p>\n<blockquote>\n<p>Washington non dovrebbe scaricare la colpa sull\u2019OMC per il proprio fallimento nella gestione della situazione COVID-19, ha aggiunto.<\/p>\n<\/blockquote>\n<p>Il Fondo delle Nazioni Unite per l&#8217;infanzia (UNICEF) in Spagna ha anche consegnato il primo lotto di forniture mediche alle autorit\u00e0 sanitarie per sostenere la lotta contro la pandemia, ha affermato Dujarric.<\/p>\n<p>Il direttore esecutivo dell\u2019UNICEF Henrietta Fore ha affermato marted\u00ec che il COVID-19 sta generando una crisi economica globale senza precedenti, con la distruzione economica distribuita in modo crudele e ineguale.<\/p>\n<p>Per i paesi pi\u00f9 poveri del mondo, le ricadute finanziarie causate dalla pandemia, combinate con obblighi debilitanti di servizio del debito, stanno ostacolando la loro capacit\u00e0 di prevenire ulteriori trasmissioni e proteggere i cittadini, ha affermato.<\/p>\n<p>Un rapporto dell\u2019Organizzazione Internazionale del Lavoro afferma che si prevede che la pandemia spazzer\u00e0 via il 6,7% dell\u2019orario di lavoro a livello globale nel secondo trimestre del 2020, equivalenti a 195 milioni di lavoratori a tempo pieno.<\/p>\n","protected":false},"excerpt":{"rendered":"<p>\u201cPer favore, metti in quarantena la politicizzazione del COVID. Se vogliamo vincere, non dovremmo perdere tempo a puntare il dito&#8230;L&#8217;unit\u00e0 \u00e8 l&#8217;unica opzione per sconfiggere questo virus, ha detto mercoled\u00ec il direttore generale dell&#8217;Organizzazione Mondiale della Sanit\u00e0 (OMS) Tedros Adhanom Ghebreyesus. \u201cI suggerir\u00e0 due cose al mondo,\u201d ha detto in una conferenza stampa virtuale da [&hellip;]<\/p>\n","protected":false},"author":33,"featured_media":774552,"comment_status":"open","ping_status":"open","sticky":false,"template":"","format":"standard","meta":{"_display_image":"","footnotes":""},"categories":[1197],"tags":[1565,1656,1417,1113,1111,1333],"class_list":["post-774551","post","type-post","status-publish","format-standard","has-post-thumbnail","hentry","category-mondo","tag-chi","tag-coronavirus","tag-nazioni-unite","tag-salute","tag-stati-uniti","tag-statistica"],"blocksy_meta":[],"author_username":"ugyelet","telegram_post":"","public_post_metadata":{"breaking_news":"","important":"","csempe":"","center_tile":"","disable_thumbnail":"","target_lang":"","_featured_image_style":"","telegram_post":"","_xlat_group_id":""},"public_rank_math_data":{"title":"%titolo% %sep% %nomesito%","description":"","focus_keyword":"","canonical_url":"","robots":"","primary_category":"1197","breadcrumb_title":"","facebook_title":"","facebook_description":"","facebook_image":"","facebook_image_id":"","twitter_title":"","twitter_description":"","twitter_image":"","twitter_image_id":"","twitter_card_type":"","twitter_use_facebook":"","advanced_robots":"","pillar_content":"","seo_score":"","contentai_score":"","rich_snippet":""},"_links":{"self":[{"href":"https:\/\/dailynewshungary.com\/it\/wp-json\/wp\/v2\/posts\/774551","targetHints":{"allow":["GET"]}}],"collection":[{"href":"https:\/\/dailynewshungary.com\/it\/wp-json\/wp\/v2\/posts"}],"about":[{"href":"https:\/\/dailynewshungary.com\/it\/wp-json\/wp\/v2\/types\/post"}],"author":[{"embeddable":true,"href":"https:\/\/dailynewshungary.com\/it\/wp-json\/wp\/v2\/users\/33"}],"replies":[{"embeddable":true,"href":"https:\/\/dailynewshungary.com\/it\/wp-json\/wp\/v2\/comments?post=774551"}],"version-history":[{"count":0,"href":"https:\/\/dailynewshungary.com\/it\/wp-json\/wp\/v2\/posts\/774551\/revisions"}],"wp:featuredmedia":[{"embeddable":true,"href":"https:\/\/dailynewshungary.com\/it\/wp-json\/wp\/v2\/media\/774552"}],"wp:attachment":[{"href":"https:\/\/dailynewshungary.com\/it\/wp-json\/wp\/v2\/media?parent=774551"}],"wp:term":[{"taxonomy":"category","embeddable":true,"href":"https:\/\/dailynewshungary.com\/it\/wp-json\/wp\/v2\/categories?post=774551"},{"taxonomy":"post_tag","embeddable":true,"href":"https:\/\/dailynewshungary.com\/it\/wp-json\/wp\/v2\/tags?post=774551"}],"curies":[{"name":"wp","href":"https:\/\/api.w.org\/{rel}","templated":true}]}}