{"id":774671,"date":"2020-04-06T16:37:39","date_gmt":"2020-04-06T14:37:39","guid":{"rendered":"https:\/\/dailynewshungary.com\/it\/governo-gli-ospedali-ungheresi-non-presentano-carenze-di-capacita\/"},"modified":"2020-04-06T16:37:39","modified_gmt":"2020-04-06T14:37:39","slug":"governo-gli-ospedali-ungheresi-non-presentano-carenze-di-capacita","status":"publish","type":"post","link":"https:\/\/dailynewshungary.com\/it\/governo-gli-ospedali-ungheresi-non-presentano-carenze-di-capacita\/","title":{"rendered":"Governo: gli ospedali ungheresi non presentano carenze di capacit\u00e0"},"content":{"rendered":"<p><strong>Gergely Guly\u00e1s, capo dell\u2019ufficio del Primo Ministro, ha affermato che potrebbero essere necessarie misure protettive nei prossimi mesi e ha invitato le persone e i politici a cooperare pienamente nella lotta contro la nuova epidemia di coronavirus.<\/strong><\/p>\n<p>Guly\u00e1s ha detto al parlamento che il numero dei contagi \u00e8 in crescita, ma rispetto ad altri paesi europei l&#8217;Ungheria sta andando bene e le misure protettive delle ultime settimane sono state all&#8217;altezza delle aspettative.<\/p>\n<blockquote>\n<p>La diffusione dell&#8217;epidemia \u00e8 rallentata e gli ospedali non stanno riscontrando alcuna carenza di capacit\u00e0, ha aggiunto.<\/p>\n<\/blockquote>\n<p>Guly\u00e1s ha osservato che il governo ha stanziato 378 miliardi di fiorini (1,04 miliardi di euro) allo scopo di coprire il costo delle misure di protezione, ma questo potrebbe essere aumentato a seconda delle necessit\u00e0. Ha aggiunto che met\u00e0 dei finanziamenti statali ai partiti politici saranno reindirizzati a questa riserva, cos\u00ec come le entrate dei trasporti dei consigli locali per un totale di 34 miliardi di fiorini. Alle banche viene chiesto di contribuire con 55 miliardi di fiorini, mentre una tassa speciale sulle multinazionali frutter\u00e0 altri 36 miliardi di fiorini, ha aggiunto.<\/p>\n<blockquote>\n<p>Guly\u00e1s ha elogiato le iniziative del governo volte a generare la maggior parte dei finanziamenti speciali dalle risorse proprie dello Stato.<\/p>\n<\/blockquote>\n<p>Ha detto che le critiche dell&#8217;opposizione alla misura del governo di dirottare alcune entrate dei consigli locali al fondo centrale, che ammonta al 3-4% delle loro entrate totali, riflettono la loro incapacit\u00e0 di comprendere la gravit\u00e0 della situazione.<\/p>\n<ul>\n<li><a href=\"https:\/\/dailynewshungary.com\/it\/coronavirus-qui-il-piano-di-protezione-economica-in-cinque-punti-di-orban\/\" target=\"_blank\" rel=\"noopener noreferrer\">Coronavirus Qui il piano di protezione economica in cinque punti di Orb\u00e1n<\/a><\/li>\n<\/ul>\n<p>Nel 2010, l&#8217;ultimo anno in cui i socialisti erano al governo, il budget per i consigli locali era di circa 1.800 miliardi di fiorini Attualmente hanno un budget simile, tranne per il fatto che il governo si \u00e8 assunto la responsabilit\u00e0 dell&#8217;assistenza sanitaria e dell&#8217;istruzione, e ha rilevato debiti per un totale di 1.400 miliardi di fiorini, ha aggiunto.<\/p>\n<p>Guly\u00e1s ha affermato che il governo continuer\u00e0 a informare regolarmente il parlamento sulle misure legate all\u2019epidemia.<\/p>\n<p>Arrivare qui <a href=\"https:\/\/dailynewshungary.com\/it\/la-grande-rapina-al-treno-britannico-come-una-banda-di-15-uomini-rubo-26-milioni-di-sterline-nel-1963\/\" target=\"_blank\" rel=\"noopener noreferrer\">le ultime notizie su CORONAVIRUS IN UNGHERIA<\/a><\/p>\n","protected":false},"excerpt":{"rendered":"<p>Gergely Guly\u00e1s, capo dell\u2019ufficio del Primo Ministro, ha affermato che potrebbero essere necessarie misure protettive nei prossimi mesi e ha invitato le persone e i politici a cooperare pienamente nella lotta contro la nuova epidemia di coronavirus. Guly\u00e1s ha detto al parlamento che il numero dei contagi \u00e8 in crescita, ma rispetto ad altri paesi [&hellip;]<\/p>\n","protected":false},"author":2,"featured_media":774672,"comment_status":"open","ping_status":"open","sticky":false,"template":"","format":"standard","meta":{"_display_image":"","footnotes":""},"categories":[1185],"tags":[1656,1590,1198,1069],"class_list":["post-774671","post","type-post","status-publish","format-standard","has-post-thumbnail","hentry","category-politica-in-ungheria","tag-coronavirus","tag-coronavirus-in-ungheria","tag-sistema-sanitario","tag-ungheria"],"blocksy_meta":[],"author_username":"alk","telegram_post":"","public_post_metadata":{"breaking_news":"","important":"","csempe":"","center_tile":"","disable_thumbnail":"","target_lang":"","_featured_image_style":"","telegram_post":"","_xlat_group_id":""},"public_rank_math_data":{"title":"%titolo% %sep% %nomesito%","description":"","focus_keyword":"","canonical_url":"","robots":"","primary_category":"1185","breadcrumb_title":"","facebook_title":"","facebook_description":"","facebook_image":"","facebook_image_id":"","twitter_title":"","twitter_description":"","twitter_image":"","twitter_image_id":"","twitter_card_type":"","twitter_use_facebook":"","advanced_robots":"","pillar_content":"","seo_score":"","contentai_score":"","rich_snippet":""},"_links":{"self":[{"href":"https:\/\/dailynewshungary.com\/it\/wp-json\/wp\/v2\/posts\/774671","targetHints":{"allow":["GET"]}}],"collection":[{"href":"https:\/\/dailynewshungary.com\/it\/wp-json\/wp\/v2\/posts"}],"about":[{"href":"https:\/\/dailynewshungary.com\/it\/wp-json\/wp\/v2\/types\/post"}],"author":[{"embeddable":true,"href":"https:\/\/dailynewshungary.com\/it\/wp-json\/wp\/v2\/users\/2"}],"replies":[{"embeddable":true,"href":"https:\/\/dailynewshungary.com\/it\/wp-json\/wp\/v2\/comments?post=774671"}],"version-history":[{"count":0,"href":"https:\/\/dailynewshungary.com\/it\/wp-json\/wp\/v2\/posts\/774671\/revisions"}],"wp:featuredmedia":[{"embeddable":true,"href":"https:\/\/dailynewshungary.com\/it\/wp-json\/wp\/v2\/media\/774672"}],"wp:attachment":[{"href":"https:\/\/dailynewshungary.com\/it\/wp-json\/wp\/v2\/media?parent=774671"}],"wp:term":[{"taxonomy":"category","embeddable":true,"href":"https:\/\/dailynewshungary.com\/it\/wp-json\/wp\/v2\/categories?post=774671"},{"taxonomy":"post_tag","embeddable":true,"href":"https:\/\/dailynewshungary.com\/it\/wp-json\/wp\/v2\/tags?post=774671"}],"curies":[{"name":"wp","href":"https:\/\/api.w.org\/{rel}","templated":true}]}}