{"id":774824,"date":"2020-04-01T19:40:00","date_gmt":"2020-04-01T17:40:00","guid":{"rendered":"https:\/\/dailynewshungary.com\/it\/coronavirus-gulyas-i-poteri-di-emergenza-di-maggio-rimangono-intatti-durante-lo-stato\/"},"modified":"2020-04-01T19:40:00","modified_gmt":"2020-04-01T17:40:00","slug":"coronavirus-gulyas-i-poteri-di-emergenza-di-maggio-rimangono-intatti-durante-lo-stato","status":"publish","type":"post","link":"https:\/\/dailynewshungary.com\/it\/coronavirus-gulyas-i-poteri-di-emergenza-di-maggio-rimangono-intatti-durante-lo-stato\/","title":{"rendered":"Coronavirus (Guly\u00e1s): i poteri di emergenza di maggio rimangono intatti durante lo stato"},"content":{"rendered":"<p><strong>Il governo ha deciso di abbandonare una proposta di emendamento che avrebbe privato alcuni poteri dei sindaci locali in stato di emergenza, ha detto mercoled\u00ec il capo dell&#8217;ufficio del primo ministro, aggiungendo che i sindaci continueranno a poter esercitare i loro poteri come prima.<\/strong><\/p>\n<p>Parlando all&#8217;MTI, Gergely Guly\u00e1s ha affermato che nelle ultime settimane i partiti di opposizione hanno criticato la pratica di dare ai sindaci il potere di governare senza convocare l&#8217;assemblea municipale in stato di emergenza.<\/p>\n<blockquote>\n<p>Il disegno di legge presentato marted\u00ec dal governo avrebbe posto rimedio a questa situazione, ha detto.<\/p>\n<\/blockquote>\n<p>\u201cMa poich\u00e9 coloro che finora sono stati critici nei confronti di questo regolamento non sono pi\u00f9 favorevoli a modificarlo e poich\u00e9 il governo ungherese mira a garantire la pi\u00f9 ampia cooperazione possibile indipendentemente dall&#8217;appartenenza partigiana, \u00e8 disposto a fare marcia indietro rispetto all&#8217;emendamento, ha affermato\u201d Guly\u00e1s. \u201cI sindaci continueranno a poter esercitare i loro poteri nello stato di emergenza come prima.\u201d<\/p>\n<blockquote>\n<p>Secondo la legge ungherese sulla gestione delle catastrofi, i poteri delle assemblee municipali sono assunti dal sindaco locale o dal presidente dell&#8217;assemblea di contea in uno stato di emergenza.<\/p>\n<\/blockquote>\n<p>Tuttavia, una proposta di emendamento presentata marted\u00ec al parlamento dal governo avrebbe subordinato tutte le decisioni del sindaco e del presidente dell&#8217;assemblea di contea all&#8217;approvazione di un comitato di difesa locale.<\/p>\n","protected":false},"excerpt":{"rendered":"<p>Il governo ha deciso di abbandonare una proposta di emendamento che avrebbe privato alcuni poteri dei sindaci locali in stato di emergenza, ha detto mercoled\u00ec il capo dell&#8217;ufficio del primo ministro, aggiungendo che i sindaci continueranno a poter esercitare i loro poteri come prima. Parlando all&#8217;MTI, Gergely Guly\u00e1s ha affermato che nelle ultime settimane i [&hellip;]<\/p>\n","protected":false},"author":2,"featured_media":774825,"comment_status":"open","ping_status":"open","sticky":false,"template":"","format":"standard","meta":{"_display_image":"","footnotes":""},"categories":[1185],"tags":[1590,1069,1083],"class_list":["post-774824","post","type-post","status-publish","format-standard","has-post-thumbnail","hentry","category-politica-in-ungheria","tag-coronavirus-in-ungheria","tag-ungheria","tag-viktor-orban"],"blocksy_meta":[],"author_username":"alk","telegram_post":"","public_post_metadata":{"breaking_news":"","important":"","csempe":"","center_tile":"","disable_thumbnail":"","target_lang":"","_featured_image_style":"","telegram_post":"","_xlat_group_id":""},"public_rank_math_data":{"title":"%titolo% %sep% %nomesito%","description":"","focus_keyword":"","canonical_url":"","robots":"","primary_category":"1185","breadcrumb_title":"","facebook_title":"","facebook_description":"","facebook_image":"","facebook_image_id":"","twitter_title":"","twitter_description":"","twitter_image":"","twitter_image_id":"","twitter_card_type":"","twitter_use_facebook":"","advanced_robots":"","pillar_content":"","seo_score":"","contentai_score":"","rich_snippet":""},"_links":{"self":[{"href":"https:\/\/dailynewshungary.com\/it\/wp-json\/wp\/v2\/posts\/774824","targetHints":{"allow":["GET"]}}],"collection":[{"href":"https:\/\/dailynewshungary.com\/it\/wp-json\/wp\/v2\/posts"}],"about":[{"href":"https:\/\/dailynewshungary.com\/it\/wp-json\/wp\/v2\/types\/post"}],"author":[{"embeddable":true,"href":"https:\/\/dailynewshungary.com\/it\/wp-json\/wp\/v2\/users\/2"}],"replies":[{"embeddable":true,"href":"https:\/\/dailynewshungary.com\/it\/wp-json\/wp\/v2\/comments?post=774824"}],"version-history":[{"count":0,"href":"https:\/\/dailynewshungary.com\/it\/wp-json\/wp\/v2\/posts\/774824\/revisions"}],"wp:featuredmedia":[{"embeddable":true,"href":"https:\/\/dailynewshungary.com\/it\/wp-json\/wp\/v2\/media\/774825"}],"wp:attachment":[{"href":"https:\/\/dailynewshungary.com\/it\/wp-json\/wp\/v2\/media?parent=774824"}],"wp:term":[{"taxonomy":"category","embeddable":true,"href":"https:\/\/dailynewshungary.com\/it\/wp-json\/wp\/v2\/categories?post=774824"},{"taxonomy":"post_tag","embeddable":true,"href":"https:\/\/dailynewshungary.com\/it\/wp-json\/wp\/v2\/tags?post=774824"}],"curies":[{"name":"wp","href":"https:\/\/api.w.org\/{rel}","templated":true}]}}