{"id":774854,"date":"2020-04-01T09:45:44","date_gmt":"2020-04-01T07:45:44","guid":{"rendered":"https:\/\/dailynewshungary.com\/it\/coronavirus-525-casi-confermati-in-ungheria\/"},"modified":"2020-04-01T09:45:44","modified_gmt":"2020-04-01T07:45:44","slug":"coronavirus-525-casi-confermati-in-ungheria","status":"publish","type":"post","link":"https:\/\/dailynewshungary.com\/it\/coronavirus-525-casi-confermati-in-ungheria\/","title":{"rendered":"Coronavirus 525 Casi confermati in Ungheria"},"content":{"rendered":"<p><strong>Mercoled\u00ec in Ungheria il numero di pazienti confermati per aver contratto il nuovo coronavirus \u00e8 stato di 525, con altri quattro decessi segnalati, afferma il sito web informativo governativo sull\u2019epidemia.<\/strong><\/p>\n<blockquote>\n<p>Finora, 20 persone sono morte e 40 sono guarite dal Covid-19, ha detto koronavirus.gov.hu.<\/p>\n<\/blockquote>\n<p>Attualmente, 61 persone sono in quarantena e le autorit\u00e0 hanno prelevato 15.208 campioni.<\/p>\n<p>Tutte le contee ungheresi hanno segnalato casi, ha detto il sito web, La maggior parte \u00e8 stata segnalata da Budapest (232) e dalla contea di Pest (98). Il minor numero \u00e8 stato diagnosticato nelle contee di Heves e Bekes, ciascuna con tre pazienti. <a href=\"https:\/\/koronavirus.gov.hu\/terkepek\/fertozottek\" target=\"_blank\" rel=\"noopener noreferrer\">Coronavirus in Ungheria MAPPA QUI<\/a>.&nbsp;<\/p>\n<h4>Orb\u00e1n: Governo pronto a portare avanti le misure di risposta<\/h4>\n<p>Le misure di risposta del governo ungherese alla nuova epidemia di coronavirus sono tornate in vigore e aiuteranno a combattere l\u2019epidemia, ha detto marted\u00ec sera il primo ministro, prima di un incontro con i leader delle task force incaricate di gestire la risposta al virus.<\/p>\n<p>In un videomessaggio pubblicato sulla sua pagina Facebook, Viktor Orb\u00e1n ha affermato che con l&#8217;entrata in vigore della legge sulla risposta all&#8217;epidemia, il governo \u00e8 riuscito a \u201cpatchare la fuga di notizie nelle sue misure di emergenza che, secondo lui, era stata creata dal rifiuto dell&#8217;opposizione di sostenere il disegno di legge la scorsa settimana. Orb\u00e1n ha detto che l&#8217;incontro con i leader della task force sar\u00e0 lungo e coprir\u00e0 questioni importanti.<\/p>\n<blockquote>\n<p>\u201cHo firmato i decreti scaduti nella loro forma originale e sono tornati in vigore, funzionano e aiuteranno la nostra difesa, ha detto\u201d Orb\u00e1n.<\/p>\n<\/blockquote>\n<ul>\n<li><a href=\"https:\/\/dailynewshungary.com\/it\/il-coronavirus-in-ungheria-estende-le-misure-di-emergenza-del-governo-orban\/\" target=\"_blank\" rel=\"noopener noreferrer\">Il coronavirus in Ungheria estende le misure di emergenza del governo Orb\u00e1n<\/a><\/li>\n<li><a href=\"https:\/\/dailynewshungary.com\/it\/il-primo-ministro-orban-puo-governare-con-decreti-e-senza-il-consenso-del-parlamento-internazionale\/\" target=\"_blank\" rel=\"noopener noreferrer\">Il Primo Ministro Orb\u00e1n pu\u00f2 governare con decreti e senza il consenso del Parlamento internazionale<\/a><\/li>\n<\/ul>\n<h4>Confine Ungheria-Slovacchia<\/h4>\n<p>Il valico di frontiera Ungheria-Slovacchia a Balassagyarmat \u00e8 stato riaperto ai pendolari con posti di lavoro su entrambi i lati del confine.<\/p>\n<p>\u201cQuando \u00e8 apparso evidente che c&#8217;era un problema su entrambi i lati del confine, abbiamo rapidamente concordato con i nostri colleghi slovacchi di garantire il passaggio ai pendolari, ha detto mercoled\u00ec su Facebook\u201d FM Szijj\u00e1rt\u00f3, riferendosi alle difficolt\u00e0 che la gente del posto stava incontrando a causa delle restrizioni legate con le misure contro il coronavirus.<\/p>\n","protected":false},"excerpt":{"rendered":"<p>Mercoled\u00ec in Ungheria il numero di pazienti confermati per aver contratto il nuovo coronavirus \u00e8 stato di 525, con altri quattro decessi segnalati, afferma il sito web informativo governativo sull\u2019epidemia. Finora, 20 persone sono morte e 40 sono guarite dal Covid-19, ha detto koronavirus.gov.hu. Attualmente, 61 persone sono in quarantena e le autorit\u00e0 hanno prelevato [&hellip;]<\/p>\n","protected":false},"author":2,"featured_media":774855,"comment_status":"open","ping_status":"open","sticky":false,"template":"","format":"standard","meta":{"_display_image":"","footnotes":""},"categories":[1207],"tags":[1656,1590,1069],"class_list":["post-774854","post","type-post","status-publish","format-standard","has-post-thumbnail","hentry","category-societa-in-ungheria","tag-coronavirus","tag-coronavirus-in-ungheria","tag-ungheria"],"blocksy_meta":[],"author_username":"alk","telegram_post":"","public_post_metadata":{"breaking_news":"","important":"","csempe":"","center_tile":"","disable_thumbnail":"","target_lang":"","_featured_image_style":"","telegram_post":"","_xlat_group_id":""},"public_rank_math_data":{"title":"%titolo% %sep% %nomesito%","description":"","focus_keyword":"","canonical_url":"","robots":"","primary_category":"1207","breadcrumb_title":"","facebook_title":"","facebook_description":"","facebook_image":"","facebook_image_id":"","twitter_title":"","twitter_description":"","twitter_image":"","twitter_image_id":"","twitter_card_type":"","twitter_use_facebook":"","advanced_robots":"","pillar_content":"","seo_score":"","contentai_score":"","rich_snippet":""},"_links":{"self":[{"href":"https:\/\/dailynewshungary.com\/it\/wp-json\/wp\/v2\/posts\/774854","targetHints":{"allow":["GET"]}}],"collection":[{"href":"https:\/\/dailynewshungary.com\/it\/wp-json\/wp\/v2\/posts"}],"about":[{"href":"https:\/\/dailynewshungary.com\/it\/wp-json\/wp\/v2\/types\/post"}],"author":[{"embeddable":true,"href":"https:\/\/dailynewshungary.com\/it\/wp-json\/wp\/v2\/users\/2"}],"replies":[{"embeddable":true,"href":"https:\/\/dailynewshungary.com\/it\/wp-json\/wp\/v2\/comments?post=774854"}],"version-history":[{"count":0,"href":"https:\/\/dailynewshungary.com\/it\/wp-json\/wp\/v2\/posts\/774854\/revisions"}],"wp:featuredmedia":[{"embeddable":true,"href":"https:\/\/dailynewshungary.com\/it\/wp-json\/wp\/v2\/media\/774855"}],"wp:attachment":[{"href":"https:\/\/dailynewshungary.com\/it\/wp-json\/wp\/v2\/media?parent=774854"}],"wp:term":[{"taxonomy":"category","embeddable":true,"href":"https:\/\/dailynewshungary.com\/it\/wp-json\/wp\/v2\/categories?post=774854"},{"taxonomy":"post_tag","embeddable":true,"href":"https:\/\/dailynewshungary.com\/it\/wp-json\/wp\/v2\/tags?post=774854"}],"curies":[{"name":"wp","href":"https:\/\/api.w.org\/{rel}","templated":true}]}}