{"id":775126,"date":"2020-03-25T09:59:00","date_gmt":"2020-03-25T08:59:00","guid":{"rendered":"https:\/\/dailynewshungary.com\/it\/i-casi-di-coronavirus-in-austria-superano-i-5-000\/"},"modified":"2020-03-25T09:59:00","modified_gmt":"2020-03-25T08:59:00","slug":"i-casi-di-coronavirus-in-austria-superano-i-5-000","status":"publish","type":"post","link":"https:\/\/dailynewshungary.com\/it\/i-casi-di-coronavirus-in-austria-superano-i-5-000\/","title":{"rendered":"I casi di coronavirus in Austria superano i 5.000"},"content":{"rendered":"<p><strong>Marted\u00ec il numero di casi confermati di infezione da coronavirus in Austria ha superato i 5.000 con 28 decessi segnalati, secondo le autorit\u00e0 sanitarie locali.<\/strong><\/p>\n<blockquote>\n<p>Quasi 1.000 persone in pi\u00f9 sono risultate positive al coronavirus, portando il numero totale di casi nel Paese a 5.182 alle 20 di marted\u00ec.<\/p>\n<\/blockquote>\n<p>La maggior parte dei casi nel paese alpino sono lievi, mentre 211 pazienti sono ricoverati in ospedale, con 24 che richiedono cure intensive, secondo il Ministero della Salute.<\/p>\n<p>Il ministro della Sanit\u00e0 Rudolf Anschober ha annunciato luned\u00ec che nell&#8217;ultima settimana la capacit\u00e0 di test del suo paese \u00e8 raddoppiata da 1.000 a 1.500 test al giorno in dieci laboratori fino ad arrivare attualmente a circa 2.000-4.000 test al giorno in 20 laboratori.<\/p>\n<p>\u00c8 previsto un ulteriore aumento, con il cancelliere Sebastian Kurz che marted\u00ec sostiene che con risorse sufficienti si potrebbero eseguire fino a 15.000 test al giorno.<\/p>\n<p>Il cancelliere ha sottolineato che gli appalti ad alta intensit\u00e0 di scorte e la logistica vengono effettuati in termini di dispositivi di protezione e kit di test per il coronavirus.<\/p>\n<p>Gli aiuti sono in arrivo da Germania, Malesia e Cina, ha dichiarato Kurz, Dei 20 milioni di maschere protettive provenienti dalla Cina, i primi cinque milioni sono attesi questa settimana.<\/p>\n<blockquote>\n<p>\u201cSiamo convinti di fare la cosa giusta, ma ci vuole tempo perch\u00e9 le misure abbiano effetto, ha twittato\u201d Kurz.<\/p>\n<\/blockquote>\n<p>\u201cVenerd\u00ec avremo cifre valide e informazioni su quanto siano efficaci le misure e quale scenario possiamo aspettarci.\u201d<\/p>\n<p>Poich\u00e9 le restrizioni all&#8217;uscita sono state imposte il 16 marzo a causa del <a href=\"https:\/\/dailynewshungary.com\/it\/la-grande-rapina-al-treno-britannico-come-una-banda-di-15-uomini-rubo-26-milioni-di-sterline-nel-1963\/\" target=\"_blank\" rel=\"noopener noreferrer\">pandemia coronavirus<\/a>, ci sono stati un totale di 138.000 persone in pi\u00f9 registrate disoccupate, ha detto Johannes Kopf, capo del servizio pubblico austriaco per l&#8217;impiego (AMS), marted\u00ec pomeriggio.<\/p>\n<p>A tutte le aziende viene chiesto di utilizzare il modello di lavoro a orario ridotto per assicurarsi posti di lavoro Il governo ha deciso un pacchetto per i casi di disagio e gli aiuti di emergenza, che sono attualmente in fase di finalizzazione e saranno disponibili a breve, ha dichiarato Kurz su Twitter.<\/p>\n<p>Come abbiamo scritto prima, Complessivamente 218 ungheresi sono in quarantena in altri paesi a causa dell&#8217;epidemia di coronavirus, ha detto luned\u00ec in una conferenza stampa Tibor Lakatos, capo del centro di emergenza del comitato operativo responsabile degli sforzi dell&#8217;Ungheria contro l&#8217;epidemia. La maggioranza, <a href=\"https:\/\/dailynewshungary.com\/it\/coronavirus-1-lak-8-ungheresi-in-quarantena-in-tutto-il-mondo\/\" target=\"_blank\" rel=\"noopener noreferrer\">187 ungheresi, sono stati isolati in Austria Dettagli QUI<\/a>.<\/p>\n","protected":false},"excerpt":{"rendered":"<p>Marted\u00ec il numero di casi confermati di infezione da coronavirus in Austria ha superato i 5.000 con 28 decessi segnalati, secondo le autorit\u00e0 sanitarie locali. Quasi 1.000 persone in pi\u00f9 sono risultate positive al coronavirus, portando il numero totale di casi nel Paese a 5.182 alle 20 di marted\u00ec. La maggior parte dei casi nel [&hellip;]<\/p>\n","protected":false},"author":2,"featured_media":775127,"comment_status":"open","ping_status":"open","sticky":false,"template":"","format":"standard","meta":{"_display_image":"","footnotes":""},"categories":[1197],"tags":[1137,1656],"class_list":["post-775126","post","type-post","status-publish","format-standard","has-post-thumbnail","hentry","category-mondo","tag-austria","tag-coronavirus"],"blocksy_meta":[],"author_username":"alk","telegram_post":"","public_post_metadata":{"breaking_news":"","important":"","csempe":"","center_tile":"","disable_thumbnail":"","target_lang":"","_featured_image_style":"","telegram_post":"","_xlat_group_id":""},"public_rank_math_data":{"title":"%titolo% %sep% %nomesito%","description":"","focus_keyword":"","canonical_url":"","robots":"","primary_category":"1197","breadcrumb_title":"","facebook_title":"","facebook_description":"","facebook_image":"","facebook_image_id":"","twitter_title":"","twitter_description":"","twitter_image":"","twitter_image_id":"","twitter_card_type":"","twitter_use_facebook":"","advanced_robots":"","pillar_content":"","seo_score":"","contentai_score":"","rich_snippet":""},"_links":{"self":[{"href":"https:\/\/dailynewshungary.com\/it\/wp-json\/wp\/v2\/posts\/775126","targetHints":{"allow":["GET"]}}],"collection":[{"href":"https:\/\/dailynewshungary.com\/it\/wp-json\/wp\/v2\/posts"}],"about":[{"href":"https:\/\/dailynewshungary.com\/it\/wp-json\/wp\/v2\/types\/post"}],"author":[{"embeddable":true,"href":"https:\/\/dailynewshungary.com\/it\/wp-json\/wp\/v2\/users\/2"}],"replies":[{"embeddable":true,"href":"https:\/\/dailynewshungary.com\/it\/wp-json\/wp\/v2\/comments?post=775126"}],"version-history":[{"count":0,"href":"https:\/\/dailynewshungary.com\/it\/wp-json\/wp\/v2\/posts\/775126\/revisions"}],"wp:featuredmedia":[{"embeddable":true,"href":"https:\/\/dailynewshungary.com\/it\/wp-json\/wp\/v2\/media\/775127"}],"wp:attachment":[{"href":"https:\/\/dailynewshungary.com\/it\/wp-json\/wp\/v2\/media?parent=775126"}],"wp:term":[{"taxonomy":"category","embeddable":true,"href":"https:\/\/dailynewshungary.com\/it\/wp-json\/wp\/v2\/categories?post=775126"},{"taxonomy":"post_tag","embeddable":true,"href":"https:\/\/dailynewshungary.com\/it\/wp-json\/wp\/v2\/tags?post=775126"}],"curies":[{"name":"wp","href":"https:\/\/api.w.org\/{rel}","templated":true}]}}