{"id":775145,"date":"2020-03-24T20:30:00","date_gmt":"2020-03-24T19:30:00","guid":{"rendered":"https:\/\/dailynewshungary.com\/it\/il-governo-orban-trova-una-soluzione-alle-misure-in-scadenza-afferma-il-ministro\/"},"modified":"2020-03-24T20:30:00","modified_gmt":"2020-03-24T19:30:00","slug":"il-governo-orban-trova-una-soluzione-alle-misure-in-scadenza-afferma-il-ministro","status":"publish","type":"post","link":"https:\/\/dailynewshungary.com\/it\/il-governo-orban-trova-una-soluzione-alle-misure-in-scadenza-afferma-il-ministro\/","title":{"rendered":"Il governo Orb\u00e1n \u201ctrova una soluzione\u201d alle misure in scadenza, afferma il ministro"},"content":{"rendered":"<p><strong>Mercoled\u00ec il governo si riunir\u00e0 per risolvere i problemi di\u201d derivanti dalle misure in scadenza emanate in base allo stato di emergenza introdotto a causa dell&#8217;epidemia di nuovo coronavirus, ha detto marted\u00ec in conferenza stampa Gergely Guly\u00e1s, capo dell&#8217;ufficio del primo ministro.<\/strong><\/p>\n<p>Poich\u00e9 luned\u00ec l&#8217;opposizione ha rifiutato di discutere sull&#8217;estensione delle misure speciali in una sessione straordinaria del parlamento, questo potr\u00e0 essere discusso solo marted\u00ec prossimo al pi\u00f9 presto, ha detto Guly\u00e1s. Il governo ora deve mitigare i danni causati dall&#8217;opposizione, ha detto il\u201d.<\/p>\n<ul>\n<li><a href=\"https:\/\/dailynewshungary.com\/it\/lopposizione-vota-contro-la-deviazione-dalle-regole-della-camera\/\" target=\"_blank\" rel=\"noopener noreferrer\">L&#8217;opposizione vota contro la deviazione dalle regole della Camera<\/a><\/li>\n<\/ul>\n<blockquote>\n<p>Tra le misure in scadenza questo venerd\u00ec c&#8217;\u00e8 la decisione di chiudere le frontiere dell&#8217;Ungheria ai veicoli in arrivo da alcuni paesi, ha detto Guly\u00e1s. Venerd\u00ec scadono anche la chiusura delle universit\u00e0 e il divieto per operatori sanitari, soldati e funzionari governativi di lasciare l&#8217;Ungheria, ha aggiunto. Nel frattempo, luned\u00ec scadono la decisione di sospendere i processi giudiziari e l&#8217;autorizzazione dei sindaci a ordinare la chiusura degli asili nido e degli asili nido, ha aggiunto.<\/p>\n<\/blockquote>\n<p>Ha detto che luned\u00ec, seguendo la \u201cbehavior\u201d dell&#8217;opposizione in parlamento, c&#8217;era motivo di credere che ci fosse una spinta da parte dell&#8217;opposizione a diffondere bugie sulla legge governativa sulla risposta all&#8217;epidemia sulla scena internazionale.<\/p>\n<blockquote>\n<p>Guly\u00e1s ha criticato come \u201cfalsehood\u201d l&#8217;affermazione secondo cui la decisione del governo di non fissare un limite temporale per il mantenimento dello stato di emergenza porterebbe a un ritardo nello svolgimento delle elezioni, sottolineando che il calendario per lo svolgimento delle elezioni generali e locali \u00e8 regolato dalla costituzione.<\/p>\n<\/blockquote>\n<p>Spetta al governo determinare la durata dello stato di emergenza, ha detto Guly\u00e1s, aggiungendo, allo stesso tempo, che i sostenitori del disegno di legge avevano proposto che fosse il parlamento a decidere per quanto tempo dovrebbe essere mantenuto. Questo, ha detto, limitava, piuttosto che ampliare, i poteri del gabinetto.<\/p>\n<p>In risposta a una domanda, ha detto che il governo non ha modo di estendere le precedenti risoluzioni online. Ma se lo facesse, ha detto, allora Anett B\u0151sz, membro del gruppo di opposizione Coalizione Democratica, che era stato il primo a suggerire una tale soluzione, \u201c sarebbe quello che urla la\u201d pi\u00f9 forte.<\/p>\n<ul>\n<li><a href=\"https:\/\/dailynewshungary.com\/it\/coronavirus-opposizione-per-negare-poteri-illimitati-al-governo-orban\/\" target=\"_blank\" rel=\"noopener noreferrer\">Coronavirus Opposizione per negare poteri illimitati al governo Orb\u00e1n<\/a><\/li>\n<\/ul>\n<p>Alla richiesta di commentare le voci sul disegno di legge di risposta che circola nei media, Guly\u00e1s ha insistito sul fatto che nessuno sarebbe stato penalizzato per aver criticato il governo o la sua gestione dell&#8217;epidemia. Solo le false affermazioni intese a incitare alla paura sarebbero punibili, ha detto.<\/p>\n<p>M\u00e1t\u00e9 Kocsis, capogruppo del governo Fidesz, ha dichiarato nella stessa conferenza stampa che luned\u00ec si rifiuter\u00e0 di sostenere qualsiasi proposta del governo<\/p>\n<blockquote>\n<p>l&#8217;opposizione aveva cominciato a giocare un gioco politico molto meschino, molto ipocrita e molto fasullo\u201d.<\/p>\n<\/blockquote>\n<p>Kocsis ha affermato che i partiti di opposizione hanno cambiato idea all\u2019improvviso sul disegno di legge di risposta all\u2019epidemia dopo aver partecipato a numerosi incontri a sette senza sollevare alcuna preoccupazione.<\/p>\n<p>Il capogruppo ha detto che Fidesz ha approvato una serie di proposte dell&#8217;opposizione riguardo al disegno di legge, come lo spostamento delle sessioni del parlamento nella camera alta o l&#8217;inclusione di una clausola di necessit\u00e0 e proporzionalit\u00e0.<\/p>\n<blockquote>\n<p>Per quanto riguarda la richiesta di aggiungere un limite temporale allo stato di emergenza, ha affermato che \u00e8 impossibile dire se il Parlamento si riunir\u00e0 prossimamente tra 60 o 90 giorni.<\/p>\n<\/blockquote>\n<p>Kocsis ha definito una\u201d estremamente ipocrita il fatto che mentre il parlamento aveva respinto il disegno di legge del governo, il sindaco di Budapest Gergely Kar\u00e1csony avrebbe dovuto gestire la capitale attraverso l&#8217;uso degli ordini esecutivi\u201d senza convocare l&#8217;assemblea metropolitana.<\/p>\n","protected":false},"excerpt":{"rendered":"<p>Mercoled\u00ec il governo si riunir\u00e0 per risolvere i problemi di\u201d derivanti dalle misure in scadenza emanate in base allo stato di emergenza introdotto a causa dell&#8217;epidemia di nuovo coronavirus, ha detto marted\u00ec in conferenza stampa Gergely Guly\u00e1s, capo dell&#8217;ufficio del primo ministro. Poich\u00e9 luned\u00ec l&#8217;opposizione ha rifiutato di discutere sull&#8217;estensione delle misure speciali in una [&hellip;]<\/p>\n","protected":false},"author":2,"featured_media":775146,"comment_status":"open","ping_status":"open","sticky":false,"template":"","format":"standard","meta":{"_display_image":"","footnotes":""},"categories":[1185],"tags":[1656,1590,1078],"class_list":["post-775145","post","type-post","status-publish","format-standard","has-post-thumbnail","hentry","category-politica-in-ungheria","tag-coronavirus","tag-coronavirus-in-ungheria","tag-fidesz"],"blocksy_meta":[],"author_username":"alk","telegram_post":"","public_post_metadata":{"breaking_news":"no","important":"no","csempe":"no","center_tile":"no","disable_thumbnail":"","target_lang":"","_featured_image_style":"","telegram_post":"","_xlat_group_id":""},"public_rank_math_data":{"title":"%titolo% %sep% %nomesito%","description":"","focus_keyword":"","canonical_url":"","robots":"","primary_category":"1185","breadcrumb_title":"","facebook_title":"","facebook_description":"","facebook_image":"","facebook_image_id":"","twitter_title":"","twitter_description":"","twitter_image":"","twitter_image_id":"","twitter_card_type":"","twitter_use_facebook":"","advanced_robots":"","pillar_content":"","seo_score":"","contentai_score":"","rich_snippet":""},"_links":{"self":[{"href":"https:\/\/dailynewshungary.com\/it\/wp-json\/wp\/v2\/posts\/775145","targetHints":{"allow":["GET"]}}],"collection":[{"href":"https:\/\/dailynewshungary.com\/it\/wp-json\/wp\/v2\/posts"}],"about":[{"href":"https:\/\/dailynewshungary.com\/it\/wp-json\/wp\/v2\/types\/post"}],"author":[{"embeddable":true,"href":"https:\/\/dailynewshungary.com\/it\/wp-json\/wp\/v2\/users\/2"}],"replies":[{"embeddable":true,"href":"https:\/\/dailynewshungary.com\/it\/wp-json\/wp\/v2\/comments?post=775145"}],"version-history":[{"count":0,"href":"https:\/\/dailynewshungary.com\/it\/wp-json\/wp\/v2\/posts\/775145\/revisions"}],"wp:featuredmedia":[{"embeddable":true,"href":"https:\/\/dailynewshungary.com\/it\/wp-json\/wp\/v2\/media\/775146"}],"wp:attachment":[{"href":"https:\/\/dailynewshungary.com\/it\/wp-json\/wp\/v2\/media?parent=775145"}],"wp:term":[{"taxonomy":"category","embeddable":true,"href":"https:\/\/dailynewshungary.com\/it\/wp-json\/wp\/v2\/categories?post=775145"},{"taxonomy":"post_tag","embeddable":true,"href":"https:\/\/dailynewshungary.com\/it\/wp-json\/wp\/v2\/tags?post=775145"}],"curies":[{"name":"wp","href":"https:\/\/api.w.org\/{rel}","templated":true}]}}