{"id":775514,"date":"2020-03-14T10:00:00","date_gmt":"2020-03-14T09:00:00","guid":{"rendered":"https:\/\/dailynewshungary.com\/it\/coronavirus-0-orban-il-governo-istituisce-10-gruppi-dazione\/"},"modified":"2020-03-14T10:00:00","modified_gmt":"2020-03-14T09:00:00","slug":"coronavirus-0-orban-il-governo-istituisce-10-gruppi-dazione","status":"publish","type":"post","link":"https:\/\/dailynewshungary.com\/it\/coronavirus-0-orban-il-governo-istituisce-10-gruppi-dazione\/","title":{"rendered":"Coronavirus 0 Orb\u00e1n: il governo istituisce 10 gruppi d\u2019azione"},"content":{"rendered":"<p><strong>Il governo ha creato dieci gruppi d\u2019azione per combattere il nuovo coronavirus, ha detto il primo ministro Viktor Orb\u00e1n in un videomessaggio pubblicato su Facebook venerd\u00ec sera.<\/strong><\/p>\n<p>Un gruppo d&#8217;azione per l&#8217;istruzione \u00e8 guidato da Zolt\u00e1n Maruzsa, segretario di Stato per la pubblica istruzione, un altro per la costruzione di un ospedale mobile per container da Tam\u00e1s T\u00f3th, un terzo responsabile della sicurezza delle aziende strategiche da Tibor Benk the, ministro della Difesa, un quarto gruppo per il coordinamento internazionale \u00e8 guidato da Tam\u00e1s Menczer, segretario di Stato per le comunicazioni, e Zolt\u00e1n Kov\u00e1cs, segretario di Stato per le comunicazioni internazionali, guida il gruppo responsabile delle comunicazioni, ha detto il primo ministro.<\/p>\n<ul>\n<li><a href=\"https:\/\/dailynewshungary.com\/it\/coronavirus-altri-tre-casi-diagnosticati-in-ungheria\/\"><strong>Coronavirus! Altri tre casi diagnosticati in Ungheria<\/strong><\/a><\/li>\n<li><a href=\"https:\/\/dailynewshungary.com\/news_to_go\/coronavirus-orban-hungarys-schools-closed-from-monday\/\"><strong>Coronavirus Orb\u00e1n: le scuole ungheresi chiudono da luned\u00ec!<\/strong><\/a><\/li>\n<\/ul>\n<p>Il capo dell&#8217;ufficio del primo ministro Gergely Guly\u00e1s \u00e8 il capo del gruppo responsabile dello stato di emergenza, il ministro delle Finanze Mih\u00e1ly Varga \u00e8 a capo del gruppo di azione finanziaria e Andrea B\u00e1rtfai-Mager, ministro senza portafoglio, \u00e8 il leader di un gruppo incaricato di rivitalizzare l&#8217;economia, ha detto Orb\u00e1n, aggiungendo che l\u2019economia potrebbe presto fermarsi e necessitare di una ripresa.<\/p>\n<p>Il governo ha anche istituito un gruppo di ricerca sui farmaci e sui vaccini contro il coronavirus guidato da Ferenc Jakab e un gruppo di controllo delle frontiere guidato da J\u00e1nos Balogh, il capo della polizia nazionale, ha detto Orb\u00e1n.<\/p>\n","protected":false},"excerpt":{"rendered":"<p>Il governo ha creato dieci gruppi d\u2019azione per combattere il nuovo coronavirus, ha detto il primo ministro Viktor Orb\u00e1n in un videomessaggio pubblicato su Facebook venerd\u00ec sera. Un gruppo d&#8217;azione per l&#8217;istruzione \u00e8 guidato da Zolt\u00e1n Maruzsa, segretario di Stato per la pubblica istruzione, un altro per la costruzione di un ospedale mobile per container [&hellip;]<\/p>\n","protected":false},"author":46,"featured_media":0,"comment_status":"open","ping_status":"open","sticky":false,"template":"","format":"standard","meta":{"_display_image":"","footnotes":""},"categories":[1190],"tags":[1656,1255,1198,1069],"class_list":["post-775514","post","type-post","status-publish","format-standard","hentry","category-notizie-flash","tag-coronavirus","tag-sanita","tag-sistema-sanitario","tag-ungheria"],"blocksy_meta":[],"author_username":"barbara.smn","telegram_post":"","public_post_metadata":{"breaking_news":"","important":"","csempe":"","center_tile":"","disable_thumbnail":"","target_lang":"","_featured_image_style":"","telegram_post":"","_xlat_group_id":""},"public_rank_math_data":{"title":"%titolo% %sep% %nomesito%","description":"","focus_keyword":"","canonical_url":"","robots":"","primary_category":"1190","breadcrumb_title":"","facebook_title":"","facebook_description":"","facebook_image":"","facebook_image_id":"","twitter_title":"","twitter_description":"","twitter_image":"","twitter_image_id":"","twitter_card_type":"","twitter_use_facebook":"","advanced_robots":"","pillar_content":"","seo_score":"","contentai_score":"","rich_snippet":""},"_links":{"self":[{"href":"https:\/\/dailynewshungary.com\/it\/wp-json\/wp\/v2\/posts\/775514","targetHints":{"allow":["GET"]}}],"collection":[{"href":"https:\/\/dailynewshungary.com\/it\/wp-json\/wp\/v2\/posts"}],"about":[{"href":"https:\/\/dailynewshungary.com\/it\/wp-json\/wp\/v2\/types\/post"}],"author":[{"embeddable":true,"href":"https:\/\/dailynewshungary.com\/it\/wp-json\/wp\/v2\/users\/46"}],"replies":[{"embeddable":true,"href":"https:\/\/dailynewshungary.com\/it\/wp-json\/wp\/v2\/comments?post=775514"}],"version-history":[{"count":0,"href":"https:\/\/dailynewshungary.com\/it\/wp-json\/wp\/v2\/posts\/775514\/revisions"}],"wp:attachment":[{"href":"https:\/\/dailynewshungary.com\/it\/wp-json\/wp\/v2\/media?parent=775514"}],"wp:term":[{"taxonomy":"category","embeddable":true,"href":"https:\/\/dailynewshungary.com\/it\/wp-json\/wp\/v2\/categories?post=775514"},{"taxonomy":"post_tag","embeddable":true,"href":"https:\/\/dailynewshungary.com\/it\/wp-json\/wp\/v2\/tags?post=775514"}],"curies":[{"name":"wp","href":"https:\/\/api.w.org\/{rel}","templated":true}]}}