{"id":776038,"date":"2020-02-27T13:40:00","date_gmt":"2020-02-27T12:40:00","guid":{"rendered":"https:\/\/dailynewshungary.com\/it\/ufficiale-nessun-caso-confermato-di-coronavirus-in-ungheria\/"},"modified":"2020-02-27T13:40:00","modified_gmt":"2020-02-27T12:40:00","slug":"ufficiale-nessun-caso-confermato-di-coronavirus-in-ungheria","status":"publish","type":"post","link":"https:\/\/dailynewshungary.com\/it\/ufficiale-nessun-caso-confermato-di-coronavirus-in-ungheria\/","title":{"rendered":"Ufficiale: nessun caso confermato di coronavirus in Ungheria"},"content":{"rendered":"<p><strong>Finora non ci sono casi confermati di coronavirus in Ungheria, ha detto gioved\u00ec il capo dell\u2019ufficio del primo ministro.<\/strong><\/p>\n<p>Sette nuovi campioni sono stati testati durante la notte ma nessuno di essi \u00e8 risultato positivo al virus COVID-19, ha detto Gergely Guly\u00e1s in una regolare conferenza stampa.<\/p>\n<p>Ha detto che sono disponibili circa 1,2 milioni di maschere per il viso che verranno spedite alle farmacie di tutto il paese, aggiungendo che ogni giorno vengono prodotte 25.000 maschere per il viso.<\/p>\n<blockquote>\n<p>Anche se le maschere non mancano, in alcuni luoghi potrebbero ancora essere esaurite a causa del recente aumento dei loro acquisti, ha detto Guly\u00e1s.<\/p>\n<\/blockquote>\n<p>Il comitato operativo istituito per coordinare le misure preventive contro il virus si assicurer\u00e0 che le farmacie ricevano la fornitura di mascherine il pi\u00f9 rapidamente possibile.<\/p>\n<p>Ha detto che attualmente ci sono 18 persone in quarantena nell&#8217;ospedale St. L\u00e1szl\u00f3 di Budapest, tutte prive di sintomi. Salvo eventuali cambiamenti nelle loro condizioni, saranno dimesse tra due settimane, ha aggiunto Guly\u00e1s. Ha detto che se necessario, pi\u00f9 ospedali inizieranno a ricevere pazienti sospettati di aver contratto il virus.<\/p>\n<p>Il comitato operativo incaricato di coordinare le misure preventive monitora costantemente la situazione, ha affermato, aggiungendo che il ministro dell&#8217;Interno S\u00e1ndor Pint\u00e9r incontrer\u00e0 oggi i rappresentanti dei sei partiti parlamentari, Anche il Centro nazionale di sanit\u00e0 pubblica (NNK) tiene d&#8217;occhio la situazione e il servizio consolare del ministero degli Esteri \u00e8 pronto a fornire informazioni e assistenza a chiunque ne abbia bisogno, ha aggiunto Guly\u00e1s.<\/p>\n<blockquote>\n<p>Ha detto che il servizio consolare \u00e8 in contatto con il membro dell&#8217;equipaggio ungherese della nave da crociera Diamond Princess che \u00e8 risultato positivo al COVID-19 all&#8217;inizio di questa settimana, aggiungendo che il secondo risultato del test del paziente non \u00e8 ancora tornato.<\/p>\n<\/blockquote>\n<p>Riguardo ai cittadini ungheresi in Cina, ha detto che 174 persone nel paese si sono registrate per la protezione consolare, 20 delle quali si trovano nelle cinque province pi\u00f9 infette, Per quanto riguarda l&#8217;Italia, Guly\u00e1s ha detto che determinare il numero di ungheresi era quasi impossibile, ma anche a loro \u00e8 stato chiesto di registrarsi.<\/p>\n<p>Fonte: MTI<\/p>\n","protected":false},"excerpt":{"rendered":"<p>Finora non ci sono casi confermati di coronavirus in Ungheria, ha detto gioved\u00ec il capo dell\u2019ufficio del primo ministro. Sette nuovi campioni sono stati testati durante la notte ma nessuno di essi \u00e8 risultato positivo al virus COVID-19, ha detto Gergely Guly\u00e1s in una regolare conferenza stampa. Ha detto che sono disponibili circa 1,2 milioni [&hellip;]<\/p>\n","protected":false},"author":46,"featured_media":0,"comment_status":"open","ping_status":"open","sticky":false,"template":"","format":"standard","meta":{"_display_image":"","footnotes":""},"categories":[1190],"tags":[1656,1113,1069],"class_list":["post-776038","post","type-post","status-publish","format-standard","hentry","category-notizie-flash","tag-coronavirus","tag-salute","tag-ungheria"],"blocksy_meta":[],"author_username":"barbara.smn","telegram_post":"","public_post_metadata":{"breaking_news":"","important":"","csempe":"","center_tile":"","disable_thumbnail":"","target_lang":"","_featured_image_style":"","telegram_post":"","_xlat_group_id":""},"public_rank_math_data":{"title":"%titolo% %sep% %nomesito%","description":"","focus_keyword":"","canonical_url":"","robots":"","primary_category":"1190","breadcrumb_title":"","facebook_title":"","facebook_description":"","facebook_image":"","facebook_image_id":"","twitter_title":"","twitter_description":"","twitter_image":"","twitter_image_id":"","twitter_card_type":"","twitter_use_facebook":"","advanced_robots":"","pillar_content":"","seo_score":"","contentai_score":"","rich_snippet":""},"_links":{"self":[{"href":"https:\/\/dailynewshungary.com\/it\/wp-json\/wp\/v2\/posts\/776038","targetHints":{"allow":["GET"]}}],"collection":[{"href":"https:\/\/dailynewshungary.com\/it\/wp-json\/wp\/v2\/posts"}],"about":[{"href":"https:\/\/dailynewshungary.com\/it\/wp-json\/wp\/v2\/types\/post"}],"author":[{"embeddable":true,"href":"https:\/\/dailynewshungary.com\/it\/wp-json\/wp\/v2\/users\/46"}],"replies":[{"embeddable":true,"href":"https:\/\/dailynewshungary.com\/it\/wp-json\/wp\/v2\/comments?post=776038"}],"version-history":[{"count":0,"href":"https:\/\/dailynewshungary.com\/it\/wp-json\/wp\/v2\/posts\/776038\/revisions"}],"wp:attachment":[{"href":"https:\/\/dailynewshungary.com\/it\/wp-json\/wp\/v2\/media?parent=776038"}],"wp:term":[{"taxonomy":"category","embeddable":true,"href":"https:\/\/dailynewshungary.com\/it\/wp-json\/wp\/v2\/categories?post=776038"},{"taxonomy":"post_tag","embeddable":true,"href":"https:\/\/dailynewshungary.com\/it\/wp-json\/wp\/v2\/tags?post=776038"}],"curies":[{"name":"wp","href":"https:\/\/api.w.org\/{rel}","templated":true}]}}