{"id":776585,"date":"2020-02-09T21:30:00","date_gmt":"2020-02-09T20:30:00","guid":{"rendered":"https:\/\/dailynewshungary.com\/it\/ex-primo-ministro-gyurcsany-lopposizione-vince-insieme-oppure-non-vince-affatto\/"},"modified":"2020-02-09T21:30:00","modified_gmt":"2020-02-09T20:30:00","slug":"ex-primo-ministro-gyurcsany-lopposizione-vince-insieme-oppure-non-vince-affatto","status":"publish","type":"post","link":"https:\/\/dailynewshungary.com\/it\/ex-primo-ministro-gyurcsany-lopposizione-vince-insieme-oppure-non-vince-affatto\/","title":{"rendered":"Ex primo ministro Gyurcs\u00e1ny: l\u2019opposizione vince insieme oppure non vince affatto"},"content":{"rendered":"<p><strong>Ferenc Gyurcs\u00e1ny, leader della Coalizione Democratica, ha invitato i partiti di opposizione ungheresi a unire le forze, dicendo: \u201cO vinceremo insieme o non vinceremo affatto\u201d.<\/strong><\/p>\n<p>Nel suo discorso annuale di domenica, l&#8217;ex primo ministro socialista ha affermato che i partiti di opposizione provengono da contesti diversi, con passati e gusti politici diversi. \u201cNon devono amarsi, ma dovrebbero amare la patria, ha detto\u201d.<\/p>\n<p>Gyurcs\u00e1ny ha affermato che i partiti di opposizione non dovrebbero ignorare i loro elettori. Se vincessero le elezioni generali del 2022, ha aggiunto, sarebbero in grado di formare un governo solo unendosi.<\/p>\n<blockquote>\n<p>\u201c\u00c8 molto meglio per un paese avere un governo di coalizione costretto al compromesso piuttosto che un partito unico ignominioso ed egoista dello stato, ha detto.<\/p>\n<\/blockquote>\n<p>Gyurcs\u00e1ny ha affermato che il dovere di un governo di coalizione va ben oltre il collegamento tra le liste dei partiti. \u201cColoro che non si sopportano a vicenda durante la campagna elettorale difficilmente si schiereranno a vicenda al governo, ha detto,\u201d, aggiungendo che a meno che non ci sia una comprensione dettagliata che l&#8217;opposizione \u00e8 diversificata, non ci sar\u00e0 l&#8217;accettazione che il paese ha bisogno di maggiore diversit\u00e0 e comprensione\u201d.<\/p>\n<p>Gyurcs\u00e1ny ha elogiato il Partito Socialista per i suoi sforzi volti ad aiutare gli svantaggiati. Ha anche accolto con favore gli sforzi del partito Jobbik per trasformarsi in un partito \u201cdecente, nazionalista e conservatore\u201d dopo la sua \u201cawful past\u201d.<\/p>\n<p>Ha detto che i membri del Movimento Momentum erano \u201cgiovani, dinamici e talvolta sfacciati, ma hanno introdotto una nuova generazione di centinaia di migliaia di persone in politica.\u201d Gyurcs\u00e1ny ha anche osservato che i Verdi, precedentemente noti come LMP, avevano presentato una denuncia penale contro di lui alcuni anni fa. \u201cMa questo non importa.\u201d<\/p>\n<blockquote>\n<p>\u201cNon esiste una via di mezzo tra un mondo autoritario, populista, nazionalista, antieuropeo e i democratici, ha detto\u201d.<\/p>\n<\/blockquote>\n<p>Gyurcs\u00e1ny ha anche accolto con favore l&#8217;elezione di Gergely Kar\u00e1csony a sindaco di Budapest.<\/p>\n<p>Il leader di sinistra ha avvertito che una vittoria dell\u2019opposizione nel 2022 sarebbe seguita da un periodo di \u201chideous\u201d in cui sarebbero stati perseguitati senza sosta\u201d.<\/p>\n<p>Nel frattempo, riferendosi al collega politico della Repubblica Democratica del Congo P\u00e9ter Niederm\u00fcller, sindaco del 7\u00b0 distretto di Budapest, che recentemente ha suscitato indignazione con un&#8217;osservazione sugli uomini e le donne bianche, cristiane ed eterosessuali, Gyurcs\u00e1ny ha detto che Niederm\u00fcller avrebbe dovuto aggiungere che \u201cit non \u00e8 sufficiente per essere bianchi, eterosessuali e cristiani nell&#8217;attuale Ungheria,\u201d poich\u00e9 anche tu devi essere Fidesz\u201d.<\/p>\n<p>Il direttore delle comunicazioni del partito al potere Fidesz, Istv\u00e1n Hollik, ha risposto che Gyurcs\u00e1ny aveva chiarito nel suo discorso annuale di essere il vero leader dell&#8217;opposizione liberale.<\/p>\n<blockquote>\n<p>Gyurcs\u00e1ny, aggiunse, aveva rovinato la rotta del paese ma aveva fatto molto bene la\u201c\u201d.<\/p>\n<\/blockquote>\n<p>Hollik ha aggiunto che mentre centinaia di migliaia di persone sono sprofondate nella povert\u00e0 e hanno perso il lavoro, Gyurcs\u00e1ny ha guadagnato miliardi attraverso l&#8217;\u201cla rapina alla privatizzazione\u201d. \u201cNon dimentichiamo chi \u00e8 realmente Ferenc Gyurcs\u00e1ny,\u201d, ha aggiunto.<\/p>\n","protected":false},"excerpt":{"rendered":"<p>Ferenc Gyurcs\u00e1ny, leader della Coalizione Democratica, ha invitato i partiti di opposizione ungheresi a unire le forze, dicendo: \u201cO vinceremo insieme o non vinceremo affatto\u201d. Nel suo discorso annuale di domenica, l&#8217;ex primo ministro socialista ha affermato che i partiti di opposizione provengono da contesti diversi, con passati e gusti politici diversi. \u201cNon devono amarsi, [&hellip;]<\/p>\n","protected":false},"author":33,"featured_media":776586,"comment_status":"open","ping_status":"open","sticky":false,"template":"","format":"standard","meta":{"_display_image":"","footnotes":""},"categories":[1185],"tags":[1093,1094,1078,1069],"class_list":["post-776585","post","type-post","status-publish","format-standard","has-post-thumbnail","hentry","category-politica-in-ungheria","tag-coalizione-democratica","tag-elezioni","tag-fidesz","tag-ungheria"],"blocksy_meta":[],"author_username":"ugyelet","telegram_post":"","public_post_metadata":{"breaking_news":"","important":"","csempe":"","center_tile":"","disable_thumbnail":"","target_lang":"","_featured_image_style":"","telegram_post":"","_xlat_group_id":""},"public_rank_math_data":{"title":"%titolo% %sep% %nomesito%","description":"","focus_keyword":"","canonical_url":"","robots":"","primary_category":"1185","breadcrumb_title":"","facebook_title":"","facebook_description":"","facebook_image":"","facebook_image_id":"","twitter_title":"","twitter_description":"","twitter_image":"","twitter_image_id":"","twitter_card_type":"","twitter_use_facebook":"","advanced_robots":"","pillar_content":"","seo_score":"","contentai_score":"","rich_snippet":""},"_links":{"self":[{"href":"https:\/\/dailynewshungary.com\/it\/wp-json\/wp\/v2\/posts\/776585","targetHints":{"allow":["GET"]}}],"collection":[{"href":"https:\/\/dailynewshungary.com\/it\/wp-json\/wp\/v2\/posts"}],"about":[{"href":"https:\/\/dailynewshungary.com\/it\/wp-json\/wp\/v2\/types\/post"}],"author":[{"embeddable":true,"href":"https:\/\/dailynewshungary.com\/it\/wp-json\/wp\/v2\/users\/33"}],"replies":[{"embeddable":true,"href":"https:\/\/dailynewshungary.com\/it\/wp-json\/wp\/v2\/comments?post=776585"}],"version-history":[{"count":0,"href":"https:\/\/dailynewshungary.com\/it\/wp-json\/wp\/v2\/posts\/776585\/revisions"}],"wp:featuredmedia":[{"embeddable":true,"href":"https:\/\/dailynewshungary.com\/it\/wp-json\/wp\/v2\/media\/776586"}],"wp:attachment":[{"href":"https:\/\/dailynewshungary.com\/it\/wp-json\/wp\/v2\/media?parent=776585"}],"wp:term":[{"taxonomy":"category","embeddable":true,"href":"https:\/\/dailynewshungary.com\/it\/wp-json\/wp\/v2\/categories?post=776585"},{"taxonomy":"post_tag","embeddable":true,"href":"https:\/\/dailynewshungary.com\/it\/wp-json\/wp\/v2\/tags?post=776585"}],"curies":[{"name":"wp","href":"https:\/\/api.w.org\/{rel}","templated":true}]}}