{"id":776941,"date":"2020-01-28T14:01:46","date_gmt":"2020-01-28T13:01:46","guid":{"rendered":"https:\/\/dailynewshungary.com\/it\/coronavirus-non-presente-in-ungheria-ma-ospedali-in-stand-by\/"},"modified":"2020-01-28T14:01:46","modified_gmt":"2020-01-28T13:01:46","slug":"coronavirus-non-presente-in-ungheria-ma-ospedali-in-stand-by","status":"publish","type":"post","link":"https:\/\/dailynewshungary.com\/it\/coronavirus-non-presente-in-ungheria-ma-ospedali-in-stand-by\/","title":{"rendered":"Coronavirus non presente in Ungheria, ma ospedali in stand-by"},"content":{"rendered":"<p><strong>Tutti gli ospedali ungheresi sono pronti a curare i pazienti affetti da coronavirus se qualcuno viene identificato come portatore del virus, ha detto marted\u00ec il ministro delle risorse umane.<\/strong><\/p>\n<p>Finora sono stati sollevati sospetti nel caso di due pazienti in Ungheria, ma il coronavirus \u00e8 stato escluso in entrambi i casi, ha detto Mikl\u00f3s K\u00e1sler in una conferenza stampa.<\/p>\n<p>Lo ha osservato il capo medico nazionale Cecilia M\u00fcller<\/p>\n<blockquote>\n<p>mentre il virus del coronavirus potrebbe non essere presente in Ungheria al momento, l\u2019NNK e il personale delle autorit\u00e0 sanitarie regionali sono pronti a identificare rapidamente il virus nel caso in cui dovesse entrare nel paese<\/p>\n<\/blockquote>\n<p>lei aggiunse.<\/p>\n<p>Parlando dei casi del virus in tutto il mondo, il medico senior J\u00e1nos Szl\u00e1vik ha notato che il tasso di mortalit\u00e0 \u00e8 intorno all\u20191-2% <a href=\"https:\/\/dailynewshungary.com\/it\/la-grande-rapina-al-treno-britannico-come-una-banda-di-15-uomini-rubo-26-milioni-di-sterline-nel-1963\/\" target=\"_blank\" rel=\"noopener noreferrer\">coronavirus<\/a> chi ne soffre \u00e8 molto pi\u00f9 basso rispetto al caso di epidemie di virus pericolosi simili in passato.<\/p>\n","protected":false},"excerpt":{"rendered":"<p>Tutti gli ospedali ungheresi sono pronti a curare i pazienti affetti da coronavirus se qualcuno viene identificato come portatore del virus, ha detto marted\u00ec il ministro delle risorse umane. Finora sono stati sollevati sospetti nel caso di due pazienti in Ungheria, ma il coronavirus \u00e8 stato escluso in entrambi i casi, ha detto Mikl\u00f3s K\u00e1sler [&hellip;]<\/p>\n","protected":false},"author":2,"featured_media":776942,"comment_status":"open","ping_status":"open","sticky":false,"template":"","format":"standard","meta":{"_display_image":"","footnotes":""},"categories":[1207],"tags":[1656,1198,1069],"class_list":["post-776941","post","type-post","status-publish","format-standard","has-post-thumbnail","hentry","category-societa-in-ungheria","tag-coronavirus","tag-sistema-sanitario","tag-ungheria"],"blocksy_meta":[],"author_username":"alk","telegram_post":"","public_post_metadata":{"breaking_news":"","important":"","csempe":"","center_tile":"","disable_thumbnail":"","target_lang":"","_featured_image_style":"","telegram_post":"","_xlat_group_id":""},"public_rank_math_data":{"title":"%titolo% %sep% %nomesito%","description":"","focus_keyword":"","canonical_url":"","robots":"","primary_category":"1207","breadcrumb_title":"","facebook_title":"","facebook_description":"","facebook_image":"","facebook_image_id":"","twitter_title":"","twitter_description":"","twitter_image":"","twitter_image_id":"","twitter_card_type":"","twitter_use_facebook":"","advanced_robots":"","pillar_content":"","seo_score":"","contentai_score":"","rich_snippet":""},"_links":{"self":[{"href":"https:\/\/dailynewshungary.com\/it\/wp-json\/wp\/v2\/posts\/776941","targetHints":{"allow":["GET"]}}],"collection":[{"href":"https:\/\/dailynewshungary.com\/it\/wp-json\/wp\/v2\/posts"}],"about":[{"href":"https:\/\/dailynewshungary.com\/it\/wp-json\/wp\/v2\/types\/post"}],"author":[{"embeddable":true,"href":"https:\/\/dailynewshungary.com\/it\/wp-json\/wp\/v2\/users\/2"}],"replies":[{"embeddable":true,"href":"https:\/\/dailynewshungary.com\/it\/wp-json\/wp\/v2\/comments?post=776941"}],"version-history":[{"count":0,"href":"https:\/\/dailynewshungary.com\/it\/wp-json\/wp\/v2\/posts\/776941\/revisions"}],"wp:featuredmedia":[{"embeddable":true,"href":"https:\/\/dailynewshungary.com\/it\/wp-json\/wp\/v2\/media\/776942"}],"wp:attachment":[{"href":"https:\/\/dailynewshungary.com\/it\/wp-json\/wp\/v2\/media?parent=776941"}],"wp:term":[{"taxonomy":"category","embeddable":true,"href":"https:\/\/dailynewshungary.com\/it\/wp-json\/wp\/v2\/categories?post=776941"},{"taxonomy":"post_tag","embeddable":true,"href":"https:\/\/dailynewshungary.com\/it\/wp-json\/wp\/v2\/tags?post=776941"}],"curies":[{"name":"wp","href":"https:\/\/api.w.org\/{rel}","templated":true}]}}