{"id":777941,"date":"2019-12-21T18:01:58","date_gmt":"2019-12-21T17:01:58","guid":{"rendered":"https:\/\/dailynewshungary.com\/it\/la-conversione-forzata-che-viola-i-diritti-umani-diventa-un-problema-internazionale\/"},"modified":"2019-12-21T18:01:58","modified_gmt":"2019-12-21T17:01:58","slug":"la-conversione-forzata-che-viola-i-diritti-umani-diventa-un-problema-internazionale","status":"publish","type":"post","link":"https:\/\/dailynewshungary.com\/it\/la-conversione-forzata-che-viola-i-diritti-umani-diventa-un-problema-internazionale\/","title":{"rendered":"La conversione forzata che viola i diritti umani diventa un problema internazionale"},"content":{"rendered":"<p><strong>Il 29 novembre, il Centro Studi sulle Nuove Religioni (CESNUR) italiano e Diritti Umani Senza Frontiere (HRWF) belga ha ospitato un seminario sui diritti umani dal titolo \u201cIntolleranza e discriminazione contro i nuovi movimenti religiosi: un problema internazionale\u201d.<\/strong><\/p>\n<p style=\"text-align: center;\"><span style=\"color: #808080;\"><em><strong>Contenuti sponsorizzati<\/strong><\/em><\/span><\/p>\n<p>Questo seminario, tenutosi a Seul, in Corea del Sud, \u00e8 stato dedicato alla tutela dei diritti delle minoranze religiose prese di mira dai gruppi maggioritari, in particolare nel contesto di situazioni anti-diritti umani come la conversione forzata avvenuta in Corea.<\/p>\n<blockquote>\n<p>La conversione forzata, nota anche come \u201cDeprogramming\u201d, \u00e8 una questione sociale che provoca violazioni dei diritti umani rapendo e detenendo i membri di gruppi religiosi etichettati come \u201ccults\u201d dai loro oppositori per costringerli ad abbandonare la loro fede.<\/p>\n<\/blockquote>\n<p>Pi\u00f9 di 80 partecipanti, tra cui esperti legali, giornalisti e rappresentanti della societ\u00e0 civile, hanno esaminato l\u2019attuale situazione di conversione forzata e hanno discusso soluzioni per difendere la libert\u00e0 di fede e i diritti umani che sono diventati la norma della comunit\u00e0 internazionale.<\/p>\n<p>Massimo Introvigne, amministratore delegato del CESNUR e sociologo italiano, ha sottolineato che la conversione forzata viene condotta attraverso il mainstream affermando che i deprogrammatori \u201ccoreani sono pastori specializzati delle chiese principali, la maggior parte delle quali presbiteriane.\u201d<\/p>\n<figure id=\"attachment_294860\" aria-describedby=\"caption-attachment-294860\" style=\"width: 1024px\" class=\"wp-caption aligncenter\"><img loading=\"lazy\" decoding=\"async\" class=\"size-large wp-image-294860\" src=\"https:\/\/dailynewshungary.com\/wp-content\/uploads\/2019\/12\/Panelists_gave_a_presentation_regarding-1024x654.jpg\" alt=\"Panelists Gave A Presentation Regarding X\" width=\"1024\" height=\"654\" srcset=\"https:\/\/contentf5.dailynewshungary.com\/wp-content\/uploads\/2019\/12\/Panelists_gave_a_presentation_regarding-1024x654.jpg 1024w, https:\/\/contentf5.dailynewshungary.com\/wp-content\/uploads\/2019\/12\/Panelists_gave_a_presentation_regarding-300x191.jpg 300w, https:\/\/contentf5.dailynewshungary.com\/wp-content\/uploads\/2019\/12\/Panelists_gave_a_presentation_regarding-768x490.jpg 768w, https:\/\/contentf5.dailynewshungary.com\/wp-content\/uploads\/2019\/12\/Panelists_gave_a_presentation_regarding-800x511.jpg 800w, https:\/\/contentf5.dailynewshungary.com\/wp-content\/uploads\/2019\/12\/Panelists_gave_a_presentation_regarding-1160x740.jpg 1160w, https:\/\/contentf5.dailynewshungary.com\/wp-content\/uploads\/2019\/12\/Panelists_gave_a_presentation_regarding.jpg 1280w\" sizes=\"auto, (max-width: 1024px) 100vw, 1024px\"><figcaption id=\"caption-attachment-294860\" class=\"wp-caption-text\">Foto: Cultura Celeste, Pace nel Mondo, Restaurazione della Luce<\/figcaption><\/figure>\n<p>\u201cLe proteste che commemorano le vittime della conversione forzata sono state menzionate nel Rapporto del Dipartimento di Stato americano sulla libert\u00e0 religiosa del 2019, comprese le violazioni della libert\u00e0 religiosa nell&#8217;anno 2018. tuttavia, ci sono stati nuovi casi di deprogrammazione anche dopo la loro morte, ha criticato la\u201d.<\/p>\n<blockquote>\n<p>\u00c8 un dato di fatto, una delle denominazioni rappresentative che ha sofferto a causa della conversione coercitiva commessa in Corea del Sud \u00e8 la Chiesa di Ges\u00f9 Shincheonji, che \u00e8 la denominazione appena nata, e questo \u00e8 il caso rappresentativo in cui la nuova denominazione viene soppressa dalla religione tradizionale.<\/p>\n<\/blockquote>\n<p>Nonostante tale controversa persecuzione, il 10 novembre Shincheonji ha tenuto la cerimonia di laurea per celebrare la produzione di 103.764 laureati provenienti da 112 paesi, tra cui Stati Uniti, Europa, Asia, Africa e Oceania. Ci\u00f2 indica che la conversione coercitiva forzata non influisce sulla crescita di una denominazione, ma provoca conflitti tra le denominazioni.<\/p>\n<p>Per quanto riguarda la strategia multidimensionale per risolvere tale fenomeno, Willy Fautr\u00e9, fondatore e direttore di HRWF ha espresso diversi suggerimenti; sottolineando la responsabilit\u00e0 della leadership della Chiesa Presbiteriana che tollera, sostiene e forse incoraggia tale pratica; sviluppare il sostegno presso le Nazioni Unite e negli organi che difendono la libert\u00e0 di religione o di credo; perseguire coloro che incoraggiano le persone a perpetrare un atto di rapimento e reclusione.<\/p>\n<figure id=\"attachment_294859\" aria-describedby=\"caption-attachment-294859\" style=\"width: 1024px\" class=\"wp-caption aligncenter\"><img loading=\"lazy\" decoding=\"async\" class=\"size-large wp-image-294859\" src=\"https:\/\/dailynewshungary.com\/wp-content\/uploads\/2019\/12\/The-panelists-and-attendees-had-a-QA-session-1024x641.jpg\" alt=\"The Panelists And Attendees Had A QA Session X\" width=\"1024\" height=\"641\" srcset=\"https:\/\/contentf5.dailynewshungary.com\/wp-content\/uploads\/2019\/12\/The-panelists-and-attendees-had-a-QA-session-1024x641.jpg 1024w, https:\/\/contentf5.dailynewshungary.com\/wp-content\/uploads\/2019\/12\/The-panelists-and-attendees-had-a-QA-session-300x188.jpg 300w, https:\/\/contentf5.dailynewshungary.com\/wp-content\/uploads\/2019\/12\/The-panelists-and-attendees-had-a-QA-session-768x481.jpg 768w, https:\/\/contentf5.dailynewshungary.com\/wp-content\/uploads\/2019\/12\/The-panelists-and-attendees-had-a-QA-session-800x501.jpg 800w, https:\/\/contentf5.dailynewshungary.com\/wp-content\/uploads\/2019\/12\/The-panelists-and-attendees-had-a-QA-session-1160x726.jpg 1160w, https:\/\/contentf5.dailynewshungary.com\/wp-content\/uploads\/2019\/12\/The-panelists-and-attendees-had-a-QA-session.jpg 1280w\" sizes=\"auto, (max-width: 1024px) 100vw, 1024px\"><figcaption id=\"caption-attachment-294859\" class=\"wp-caption-text\">Foto: Cultura Celeste, Pace nel Mondo, Restaurazione della Luce<\/figcaption><\/figure>\n<p>In una lettera aperta, firmata da 15 ONG internazionali tra cui CAP-LC e HRWF, al presidente sudcoreano Moon Jae In il 24 luglio<sup>th<\/sup>(ha detto, \u201cLa Corea del Sud potrebbe essere l\u2019ultimo paese democratico al mondo in cui la deprogrammazione \u00e8 ancora tollerata\u201d e ha chiesto al Presidente di \u201cindagare in modo approfondito sulle accuse di deprogrammazione forzata, porre fine a questa pratica odiosa e ritenere i responsabili pienamente responsabile.\u201d<\/p>\n<p>Nel frattempo, il 17 ottobre la Corea del Sud \u00e8 stata eletta per servire il 5\u00b0 mandato nel Consiglio per i diritti umani delle Nazioni Unite.<\/p>\n<blockquote>\n<p>La missione della Corea del Sud presso l&#8217;ONU ha affermato che prevede di partecipare agli sforzi internazionali per rispondere alle crisi dei diritti umani in tutto il mondo.\u201d<\/p>\n<\/blockquote>\n<p>I partecipanti hanno esortato il governo coreano a rispondere alla questione della conversione forzata che continua a minacciare i diritti umani del suo popolo.<\/p>\n","protected":false},"excerpt":{"rendered":"<p>Il 29 novembre, il Centro Studi sulle Nuove Religioni (CESNUR) italiano e Diritti Umani Senza Frontiere (HRWF) belga ha ospitato un seminario sui diritti umani dal titolo \u201cIntolleranza e discriminazione contro i nuovi movimenti religiosi: un problema internazionale\u201d. Contenuti sponsorizzati Questo seminario, tenutosi a Seul, in Corea del Sud, \u00e8 stato dedicato alla tutela dei [&hellip;]<\/p>\n","protected":false},"author":2,"featured_media":777942,"comment_status":"open","ping_status":"open","sticky":false,"template":"","format":"standard","meta":{"_display_image":"","footnotes":""},"categories":[1197],"tags":[1157,1689,1435,1267,1417,1311],"class_list":["post-777941","post","type-post","status-publish","format-standard","has-post-thumbnail","hentry","category-mondo","tag-asia","tag-benelux","tag-diritti","tag-italia","tag-nazioni-unite","tag-religione"],"blocksy_meta":[],"author_username":"alk","telegram_post":"","public_post_metadata":{"breaking_news":"","important":"","csempe":"","center_tile":"","disable_thumbnail":"","target_lang":"","_featured_image_style":"","telegram_post":"","_xlat_group_id":""},"public_rank_math_data":{"title":"%titolo% %sep% %nomesito%","description":"","focus_keyword":"","canonical_url":"","robots":"","primary_category":"1197","breadcrumb_title":"","facebook_title":"","facebook_description":"","facebook_image":"","facebook_image_id":"","twitter_title":"","twitter_description":"","twitter_image":"","twitter_image_id":"","twitter_card_type":"","twitter_use_facebook":"","advanced_robots":"","pillar_content":"","seo_score":"","contentai_score":"","rich_snippet":""},"_links":{"self":[{"href":"https:\/\/dailynewshungary.com\/it\/wp-json\/wp\/v2\/posts\/777941","targetHints":{"allow":["GET"]}}],"collection":[{"href":"https:\/\/dailynewshungary.com\/it\/wp-json\/wp\/v2\/posts"}],"about":[{"href":"https:\/\/dailynewshungary.com\/it\/wp-json\/wp\/v2\/types\/post"}],"author":[{"embeddable":true,"href":"https:\/\/dailynewshungary.com\/it\/wp-json\/wp\/v2\/users\/2"}],"replies":[{"embeddable":true,"href":"https:\/\/dailynewshungary.com\/it\/wp-json\/wp\/v2\/comments?post=777941"}],"version-history":[{"count":0,"href":"https:\/\/dailynewshungary.com\/it\/wp-json\/wp\/v2\/posts\/777941\/revisions"}],"wp:featuredmedia":[{"embeddable":true,"href":"https:\/\/dailynewshungary.com\/it\/wp-json\/wp\/v2\/media\/777942"}],"wp:attachment":[{"href":"https:\/\/dailynewshungary.com\/it\/wp-json\/wp\/v2\/media?parent=777941"}],"wp:term":[{"taxonomy":"category","embeddable":true,"href":"https:\/\/dailynewshungary.com\/it\/wp-json\/wp\/v2\/categories?post=777941"},{"taxonomy":"post_tag","embeddable":true,"href":"https:\/\/dailynewshungary.com\/it\/wp-json\/wp\/v2\/tags?post=777941"}],"curies":[{"name":"wp","href":"https:\/\/api.w.org\/{rel}","templated":true}]}}