{"id":778226,"date":"2019-12-11T07:05:00","date_gmt":"2019-12-11T06:05:00","guid":{"rendered":"https:\/\/dailynewshungary.com\/it\/gli-ungheresi-considerano-la-tutela-dei-diritti-umani-come-il-valore-principale-dellindagine-ue\/"},"modified":"2019-12-11T07:05:00","modified_gmt":"2019-12-11T06:05:00","slug":"gli-ungheresi-considerano-la-tutela-dei-diritti-umani-come-il-valore-principale-dellindagine-ue","status":"publish","type":"post","link":"https:\/\/dailynewshungary.com\/it\/gli-ungheresi-considerano-la-tutela-dei-diritti-umani-come-il-valore-principale-dellindagine-ue\/","title":{"rendered":"Gli ungheresi considerano la tutela dei diritti umani come il valore principale dell\u2019indagine UE"},"content":{"rendered":"<p><strong>Secondo un nuovo sondaggio Eurobarometro, gli ungheresi considerano la tutela dei diritti umani in tutto il mondo il valore pi\u00f9 importante dell&#8217;Unione europea.<\/strong><\/p>\n<p>Complessivamente il 49% degli ungheresi intervistati ritiene che la tutela dei diritti umani sia il valore pi\u00f9 importante del blocco, rispetto alla media UE del 48%.<\/p>\n<p>Anche gli ungheresi hanno detto che<\/p>\n<blockquote>\n<p>il Parlamento europeo dovrebbe dare priorit\u00e0 al miglioramento dei diritti dei consumatori, nonch\u00e9 alla qualit\u00e0 e all\u2019accesso ai servizi sanitari, fornendo cibo a prezzi accessibili e sicuro per i cittadini e un giusto tenore di vita per gli agricoltori.<\/p>\n<\/blockquote>\n<p>Sebbene gli Stati membri differissero nella classifica delle varie questioni, i cittadini dell\u2019UE erano chiaramente uniti nelle loro preoccupazioni sul cambiamento climatico.<\/p>\n<blockquote>\n<p>Ben il 32% degli intervistati ha affermato che il Parlamento europeo dovrebbe dare priorit\u00e0 alla lotta contro il cambiamento climatico, mentre il 30% degli ungheresi condivide questo punto di vista.<\/p>\n<\/blockquote>\n<p>L&#8217;indagine ha inoltre rilevato che il 60% degli ungheresi sostiene l&#8217;adesione dell&#8217;Ungheria all&#8217;UE, ovvero 1 punto percentuale in pi\u00f9 rispetto alla media dell&#8217;UE.<\/p>\n<p>Complessivamente il 58% degli intervistati ha affermato di voler vedere un Parlamento europeo pi\u00f9 influente, in aumento di 7 punti rispetto alla primavera scorsa e la percentuale pi\u00f9 alta dal 2007. In Ungheria, il 64% ha affermato di volere un Parlamento europeo pi\u00f9 potente.<\/p>\n<ul>\n<li>Classifica Expat City: <a href=\"https:\/\/dailynewshungary.com\/it\/classifica-expat-city-budapest-si-colloca-al-18-posto-su-82-citta\/\" target=\"_blank\" rel=\"noopener noreferrer\">Budapest si colloca al 18\u00b0 posto su 82 citt\u00e0!<\/a><\/li>\n<\/ul>\n","protected":false},"excerpt":{"rendered":"<p>Secondo un nuovo sondaggio Eurobarometro, gli ungheresi considerano la tutela dei diritti umani in tutto il mondo il valore pi\u00f9 importante dell&#8217;Unione europea. Complessivamente il 49% degli ungheresi intervistati ritiene che la tutela dei diritti umani sia il valore pi\u00f9 importante del blocco, rispetto alla media UE del 48%. Anche gli ungheresi hanno detto che [&hellip;]<\/p>\n","protected":false},"author":2,"featured_media":778227,"comment_status":"open","ping_status":"open","sticky":false,"template":"","format":"standard","meta":{"_display_image":"","footnotes":""},"categories":[1207],"tags":[1097,1069,1075],"class_list":["post-778226","post","type-post","status-publish","format-standard","has-post-thumbnail","hentry","category-societa-in-ungheria","tag-sondaggio","tag-ungheria","tag-unione-europea"],"blocksy_meta":[],"author_username":"alk","telegram_post":"","public_post_metadata":{"breaking_news":"","important":"","csempe":"","center_tile":"","disable_thumbnail":"","target_lang":"","_featured_image_style":"","telegram_post":"","_xlat_group_id":""},"public_rank_math_data":{"title":"%titolo% %sep% %nomesito%","description":"","focus_keyword":"","canonical_url":"","robots":"","primary_category":"1207","breadcrumb_title":"","facebook_title":"","facebook_description":"","facebook_image":"","facebook_image_id":"","twitter_title":"","twitter_description":"","twitter_image":"","twitter_image_id":"","twitter_card_type":"","twitter_use_facebook":"","advanced_robots":"","pillar_content":"","seo_score":"","contentai_score":"","rich_snippet":""},"_links":{"self":[{"href":"https:\/\/dailynewshungary.com\/it\/wp-json\/wp\/v2\/posts\/778226","targetHints":{"allow":["GET"]}}],"collection":[{"href":"https:\/\/dailynewshungary.com\/it\/wp-json\/wp\/v2\/posts"}],"about":[{"href":"https:\/\/dailynewshungary.com\/it\/wp-json\/wp\/v2\/types\/post"}],"author":[{"embeddable":true,"href":"https:\/\/dailynewshungary.com\/it\/wp-json\/wp\/v2\/users\/2"}],"replies":[{"embeddable":true,"href":"https:\/\/dailynewshungary.com\/it\/wp-json\/wp\/v2\/comments?post=778226"}],"version-history":[{"count":0,"href":"https:\/\/dailynewshungary.com\/it\/wp-json\/wp\/v2\/posts\/778226\/revisions"}],"wp:featuredmedia":[{"embeddable":true,"href":"https:\/\/dailynewshungary.com\/it\/wp-json\/wp\/v2\/media\/778227"}],"wp:attachment":[{"href":"https:\/\/dailynewshungary.com\/it\/wp-json\/wp\/v2\/media?parent=778226"}],"wp:term":[{"taxonomy":"category","embeddable":true,"href":"https:\/\/dailynewshungary.com\/it\/wp-json\/wp\/v2\/categories?post=778226"},{"taxonomy":"post_tag","embeddable":true,"href":"https:\/\/dailynewshungary.com\/it\/wp-json\/wp\/v2\/tags?post=778226"}],"curies":[{"name":"wp","href":"https:\/\/api.w.org\/{rel}","templated":true}]}}