{"id":778690,"date":"2019-11-21T11:47:54","date_gmt":"2019-11-21T10:47:54","guid":{"rendered":"https:\/\/dailynewshungary.com\/it\/segretario-di-stato-il-governo-non-riflette-sulla-chiusura-degli-ospedali\/"},"modified":"2019-11-21T11:47:54","modified_gmt":"2019-11-21T10:47:54","slug":"segretario-di-stato-il-governo-non-riflette-sulla-chiusura-degli-ospedali","status":"publish","type":"post","link":"https:\/\/dailynewshungary.com\/it\/segretario-di-stato-il-governo-non-riflette-sulla-chiusura-degli-ospedali\/","title":{"rendered":"Segretario di Stato: il governo non riflette sulla chiusura degli ospedali"},"content":{"rendered":"<p><strong>Il governo sta progettando di migliorare i servizi per i pazienti e le condizioni per gli operatori sanitari piuttosto che chiudere gli ospedali, ha detto gioved\u00ec alla radio pubblica Kossuth il segretario di stato responsabile dell&#8217;assistenza sanitaria.<\/strong><\/p>\n<p>Ildik\u00f3 Horv\u00e1th ha affermato che il governo socialista di Ferenc Gyurcs\u00e1ny nel 2006-7 ha chiuso gli ospedali, licenziato 5.000 dipendenti dal settore sanitario, privato i medici di un mese di paga e distrutto i centri delle istituzioni sanitarie nazionali. Ha insistito sul fatto che l&#8217;opposizione ora ricorrer\u00e0 a questi metodi per risolvere i problemi.<\/p>\n<blockquote>\n<p>Horv\u00e1th ha anche affermato che il governo Fidesz \u201c \u00e8 in grado di ridurre i danni\u201d dal 2010.<\/p>\n<\/blockquote>\n<p>Intervenendo alla televisione pubblica, Horv\u00e1th ha sottolineato il programma di screening del governo, in base al quale autobus appositamente attrezzati vengono inviati in villaggi remoti per aiutare i pazienti a effettuare il maggior numero possibile di controlli.<\/p>\n<p>Horv\u00e1th ha anche menzionato il programma governativo di screening del cancro al colon, lanciato un anno fa, e ha affermato che la diagnosi precoce attraverso il programma ha finora contribuito a salvare la vita di 415 pazienti.<\/p>\n","protected":false},"excerpt":{"rendered":"<p>Il governo sta progettando di migliorare i servizi per i pazienti e le condizioni per gli operatori sanitari piuttosto che chiudere gli ospedali, ha detto gioved\u00ec alla radio pubblica Kossuth il segretario di stato responsabile dell&#8217;assistenza sanitaria. Ildik\u00f3 Horv\u00e1th ha affermato che il governo socialista di Ferenc Gyurcs\u00e1ny nel 2006-7 ha chiuso gli ospedali, licenziato [&hellip;]<\/p>\n","protected":false},"author":33,"featured_media":778691,"comment_status":"open","ping_status":"open","sticky":false,"template":"","format":"standard","meta":{"_display_image":"","footnotes":""},"categories":[1314],"tags":[1113,1069],"class_list":["post-778690","post","type-post","status-publish","format-standard","has-post-thumbnail","hentry","category-economia-in-ungheria","tag-salute","tag-ungheria"],"blocksy_meta":[],"author_username":"ugyelet","telegram_post":"","public_post_metadata":{"breaking_news":"","important":"","csempe":"","center_tile":"","disable_thumbnail":"","target_lang":"","_featured_image_style":"","telegram_post":"","_xlat_group_id":""},"public_rank_math_data":{"title":"%titolo% %sep% %nomesito%","description":"","focus_keyword":"","canonical_url":"","robots":"","primary_category":"1314","breadcrumb_title":"","facebook_title":"","facebook_description":"","facebook_image":"","facebook_image_id":"","twitter_title":"","twitter_description":"","twitter_image":"","twitter_image_id":"","twitter_card_type":"","twitter_use_facebook":"","advanced_robots":"","pillar_content":"","seo_score":"","contentai_score":"","rich_snippet":""},"_links":{"self":[{"href":"https:\/\/dailynewshungary.com\/it\/wp-json\/wp\/v2\/posts\/778690","targetHints":{"allow":["GET"]}}],"collection":[{"href":"https:\/\/dailynewshungary.com\/it\/wp-json\/wp\/v2\/posts"}],"about":[{"href":"https:\/\/dailynewshungary.com\/it\/wp-json\/wp\/v2\/types\/post"}],"author":[{"embeddable":true,"href":"https:\/\/dailynewshungary.com\/it\/wp-json\/wp\/v2\/users\/33"}],"replies":[{"embeddable":true,"href":"https:\/\/dailynewshungary.com\/it\/wp-json\/wp\/v2\/comments?post=778690"}],"version-history":[{"count":0,"href":"https:\/\/dailynewshungary.com\/it\/wp-json\/wp\/v2\/posts\/778690\/revisions"}],"wp:featuredmedia":[{"embeddable":true,"href":"https:\/\/dailynewshungary.com\/it\/wp-json\/wp\/v2\/media\/778691"}],"wp:attachment":[{"href":"https:\/\/dailynewshungary.com\/it\/wp-json\/wp\/v2\/media?parent=778690"}],"wp:term":[{"taxonomy":"category","embeddable":true,"href":"https:\/\/dailynewshungary.com\/it\/wp-json\/wp\/v2\/categories?post=778690"},{"taxonomy":"post_tag","embeddable":true,"href":"https:\/\/dailynewshungary.com\/it\/wp-json\/wp\/v2\/tags?post=778690"}],"curies":[{"name":"wp","href":"https:\/\/api.w.org\/{rel}","templated":true}]}}