{"id":779298,"date":"2016-12-09T21:31:59","date_gmt":"2016-12-09T20:31:59","guid":{"rendered":"https:\/\/dailynewshungary.com\/it\/ministro-degli-esteri-ungherese-lue-puo-essere-costruita-solo-su-stati-nazione-forti-2\/"},"modified":"2016-12-09T21:31:59","modified_gmt":"2016-12-09T20:31:59","slug":"ministro-degli-esteri-ungherese-lue-puo-essere-costruita-solo-su-stati-nazione-forti-2","status":"publish","type":"post","link":"https:\/\/dailynewshungary.com\/it\/ministro-degli-esteri-ungherese-lue-puo-essere-costruita-solo-su-stati-nazione-forti-2\/","title":{"rendered":"Ministro degli Esteri ungherese: l\u2019UE pu\u00f2 essere costruita solo su stati-nazione forti"},"content":{"rendered":"<p><strong>Budapest, 9 dicembre (MTI) L&#8217;Unione europea pu\u00f2 essere costruita solo sulla fondazione di stati-nazione forti, ha detto venerd\u00ec P\u00e9ter Szijj\u00e1rt\u00f3, ministro degli Esteri, in prova alla commissione per gli affari europei del parlamento.<\/strong><\/p>\n<p>Szijj\u00e1rt\u00f3 ha individuato come minacce all&#8217;integrazione europea la crisi migratoria e la conseguente minaccia del terrorismo\u201d, il conflitto in Ucraina, l&#8217;incertezza sull&#8217;approvvigionamento energetico e la Brexit.<\/p>\n<p>Ha detto che si sta conducendo una discussione emotiva tra i federalisti e coloro che sostengono la sovranit\u00e0 sul futuro dell\u2019integrazione europea piuttosto che basata su una strategia razionale. I primi pongono sempre pi\u00f9 poteri al centro di Bruxelles, e questo significa che l\u2019integrazione si sta costruendo su Stati membri deboli, ha detto, aggiungendo che ci\u00f2 porterebbe a un vicolo cieco.<\/p>\n<p>\u201cUndici giocatori di calcio deboli non eguagliano una buona squadra di calcio; n\u00e9 undici giocatori forti ne garantiscono uno, ma almeno c&#8217;\u00e8 una possibilit\u00e0, ha detto.<\/p>\n<p>\u201cQuesta disputa pu\u00f2 essere risolta solo se scegliamo di chiamare le cose col loro nome e lasciarci alle spalle l&#8217;era del politicamente corretto e dell&#8217;ipocrisia, ha detto\u201d Szijj\u00e1rt\u00f3. Ha detto che la strada giusta da intraprendere per l&#8217;Europa \u00e8 stata fornire risposte inventareali a questioni reali\u201d.<\/p>\n<p>Szijj\u00e1rt\u00f3 ha detto che affinch\u00e9 l&#8217;Europa possa trovare una via d&#8217;uscita dalla sua crisi, dovrebbe prima \u201critornare ai suoi valori\u201d L&#8217;Europa deve innanzitutto dichiararsi cristiana, ha insistito L&#8217;UE deve anche riconoscere che l&#8217;immigrazione clandestina \u00e8 dannosa per il continente, ha aggiunto.<\/p>\n<p>Inoltre, invece di imporre sanzioni, l\u2019UE dovrebbe perseguire un\u2019espansione economica\u201cpragmatica\u201d, ha affermato Szijj\u00e1rt\u00f3, esortando il blocco a perseguire accordi di libero scambio.<\/p>\n<p>L&#8217;UE dovrebbe anche sviluppare le sue infrastrutture nord-sud, ha detto il ministro, aggiungendo che il blocco deve cambiare il suo atteggiamento \u201cipocrita\u201d nei confronti dell&#8217;Ucraina. Ha detto che l&#8217;UE dovrebbe smettere di criticare altri paesi, come l&#8217;approccio dell&#8217;Ungheria all&#8217;Ucraina quando, anche lei, sta bloccando due questioni cruciali per l&#8217;Ucraina: la concessione dello status di paese esente da visto e l&#8217;approvazione dell&#8217;accordo di libero scambio Ucraina-UE.<\/p>\n<p>Ha aggiunto che l&#8217;UE dovrebbe anche smettere di prendere decisioni che ne danneggino la credibilit\u00e0, come ad esempio non concedere alla Georgia lo status di esente da visto nonostante il fatto che il paese abbia soddisfatto tutte le condizioni per ottenere un&#8217;esenzione dal visto.<\/p>\n<p>Inoltre, errori di\u201cfatale come ingannare la Turchia\u201d facendole credere che il suo accordo migratorio con l\u2019UE sia legato al ricevimento dello status di esente da visto \u201cnon dovrebbe diventare una pratica comune europea\u201d, ha detto Szijj\u00e1rt\u00f3.<\/p>\n<p>Ha inoltre esortato a proseguire l&#8217;allargamento dell&#8217;UE nei Balcani occidentali, a fermare l&#8217;eccessivo aumento di potere da parte del Parlamento europeo e a respingere l&#8217;uso di doppi standard che, secondo lui, vengono applicati tra gli Stati membri pi\u00f9 potenti e meno influenti.<\/p>\n","protected":false},"excerpt":{"rendered":"<p>Budapest, 9 dicembre (MTI) L&#8217;Unione europea pu\u00f2 essere costruita solo sulla fondazione di stati-nazione forti, ha detto venerd\u00ec P\u00e9ter Szijj\u00e1rt\u00f3, ministro degli Esteri, in prova alla commissione per gli affari europei del parlamento. Szijj\u00e1rt\u00f3 ha individuato come minacce all&#8217;integrazione europea la crisi migratoria e la conseguente minaccia del terrorismo\u201d, il conflitto in Ucraina, l&#8217;incertezza sull&#8217;approvvigionamento [&hellip;]<\/p>\n","protected":false},"author":2,"featured_media":779299,"comment_status":"open","ping_status":"open","sticky":false,"template":"","format":"standard","meta":{"_display_image":"","footnotes":""},"categories":[1185],"tags":[1092,1075],"class_list":["post-779298","post","type-post","status-publish","format-standard","has-post-thumbnail","hentry","category-politica-in-ungheria","tag-ministero-degli-affari-esteri-dellungheria","tag-unione-europea"],"blocksy_meta":[],"author_username":"alk","telegram_post":"","public_post_metadata":{"breaking_news":"","important":"","csempe":"","center_tile":"","disable_thumbnail":"","target_lang":"","_featured_image_style":"","telegram_post":"","_xlat_group_id":""},"public_rank_math_data":{"title":"%titolo% %sep% %nomesito%","description":"","focus_keyword":"ue","canonical_url":"","robots":"","primary_category":"1185","breadcrumb_title":"","facebook_title":"","facebook_description":"","facebook_image":"","facebook_image_id":"","twitter_title":"","twitter_description":"","twitter_image":"","twitter_image_id":"","twitter_card_type":"","twitter_use_facebook":"","advanced_robots":"","pillar_content":"","seo_score":"54","contentai_score":"","rich_snippet":""},"_links":{"self":[{"href":"https:\/\/dailynewshungary.com\/it\/wp-json\/wp\/v2\/posts\/779298","targetHints":{"allow":["GET"]}}],"collection":[{"href":"https:\/\/dailynewshungary.com\/it\/wp-json\/wp\/v2\/posts"}],"about":[{"href":"https:\/\/dailynewshungary.com\/it\/wp-json\/wp\/v2\/types\/post"}],"author":[{"embeddable":true,"href":"https:\/\/dailynewshungary.com\/it\/wp-json\/wp\/v2\/users\/2"}],"replies":[{"embeddable":true,"href":"https:\/\/dailynewshungary.com\/it\/wp-json\/wp\/v2\/comments?post=779298"}],"version-history":[{"count":0,"href":"https:\/\/dailynewshungary.com\/it\/wp-json\/wp\/v2\/posts\/779298\/revisions"}],"wp:featuredmedia":[{"embeddable":true,"href":"https:\/\/dailynewshungary.com\/it\/wp-json\/wp\/v2\/media\/779299"}],"wp:attachment":[{"href":"https:\/\/dailynewshungary.com\/it\/wp-json\/wp\/v2\/media?parent=779298"}],"wp:term":[{"taxonomy":"category","embeddable":true,"href":"https:\/\/dailynewshungary.com\/it\/wp-json\/wp\/v2\/categories?post=779298"},{"taxonomy":"post_tag","embeddable":true,"href":"https:\/\/dailynewshungary.com\/it\/wp-json\/wp\/v2\/tags?post=779298"}],"curies":[{"name":"wp","href":"https:\/\/api.w.org\/{rel}","templated":true}]}}