{"id":779366,"date":"2015-08-02T10:48:04","date_gmt":"2015-08-02T08:48:04","guid":{"rendered":"https:\/\/dailynewshungary.com\/it\/jobbik-sostiene-la-protesta-contro-il-previsto-centro-di-accoglienza\/"},"modified":"2015-08-02T10:48:04","modified_gmt":"2015-08-02T08:48:04","slug":"jobbik-sostiene-la-protesta-contro-il-previsto-centro-di-accoglienza","status":"publish","type":"post","link":"https:\/\/dailynewshungary.com\/it\/jobbik-sostiene-la-protesta-contro-il-previsto-centro-di-accoglienza\/","title":{"rendered":"Jobbik sostiene la protesta contro il previsto centro di accoglienza"},"content":{"rendered":"<p><strong>Budapest (MTI) (MTI) Il partito nazionalista radicale Jobbik sostiene le proteste contro i piani per costruire un centro di accoglienza temporaneo per migranti vicino a Sormas, nel sud-ovest dell&#8217;Ungheria, ha detto sabato Krisztian Berta, vice leader della sezione regionale del partito.<\/strong><\/p>\n<p>Secondo un decreto pubblicato venerd\u00ec sulla gazzetta ufficiale del governo Magyar Kozlony, sono previsti due centri di accoglienza, uno vicino a Martonfa, nel sud dell&#8217;Ungheria, e uno a Sormas.<\/p>\n<p>Il governo ha deciso di costruire il centro senza consultare i leader locali o i residenti, ha detto Berta in una conferenza stampa tenutasi vicino al sito pianificato del centro. Jobbik sosterr\u00e0 i residenti locali nell&#8217;\u201cutilizzando qualsiasi mezzo legale\u201d per impedire la creazione del centro di accoglienza, ha detto.<\/p>\n<p>Peter Cseresnyes, deputato di Fidesz per la circoscrizione elettorale locale, ha detto che non commenter\u00e0 finch\u00e9 non avr\u00e0 scoperto \u201cmore sui retroscena della decisione\u201d.<\/p>\n<p>Il portavoce del governo Zoltan Kovacs all&#8217;inizio di questa settimana ha dichiarato che il governo riallocher\u00e0 altri 22,2 miliardi di fiorini (71,8 milioni di euro) per la costruzione della recinzione di confine lungo il confine ungherese-serbo e per i centri di accoglienza temporanei.<\/p>\n<p>Sabato il deputato di Jobbik Laszlo Lukacs ha anche detto a MTI che il sistema sanitario ungherese ha bisogno di 10 miliardi di fiorini in pi\u00f9 per i costi relativi all&#8217;assistenza ai migranti che, secondo lui, l&#8217;Unione Europea dovrebbe fornire.<\/p>\n<p>Fidesz ha affermato in una dichiarazione inviata sabato all&#8217;MTI che Jobbik \u201c non ha avuto credibilit\u00e0\u201d quando si trattava di questioni relative agli immigrati in quanto partito associato alle attivit\u00e0 di contrabbandieri di esseri umani che prosperano sull&#8217;immigrazione clandestina.<\/p>\n<p><em>Foto: MTI<\/em><\/p>\n","protected":false},"excerpt":{"rendered":"<p>Budapest (MTI) (MTI) Il partito nazionalista radicale Jobbik sostiene le proteste contro i piani per costruire un centro di accoglienza temporaneo per migranti vicino a Sormas, nel sud-ovest dell&#8217;Ungheria, ha detto sabato Krisztian Berta, vice leader della sezione regionale del partito. Secondo un decreto pubblicato venerd\u00ec sulla gazzetta ufficiale del governo Magyar Kozlony, sono previsti [&hellip;]<\/p>\n","protected":false},"author":2,"featured_media":779367,"comment_status":"open","ping_status":"open","sticky":false,"template":"","format":"standard","meta":{"_display_image":"","footnotes":""},"categories":[1185],"tags":[1078,1412,1291],"class_list":["post-779366","post","type-post","status-publish","format-standard","has-post-thumbnail","hentry","category-politica-in-ungheria","tag-fidesz","tag-jobbik","tag-migrazione"],"blocksy_meta":[],"author_username":"alk","telegram_post":"","public_post_metadata":{"breaking_news":"","important":"","csempe":"","center_tile":"","disable_thumbnail":"","target_lang":"","_featured_image_style":"","telegram_post":"","_xlat_group_id":""},"public_rank_math_data":{"title":"%titolo% %sep% %nomesito%","description":"","focus_keyword":"","canonical_url":"","robots":"","primary_category":"1185","breadcrumb_title":"","facebook_title":"","facebook_description":"","facebook_image":"","facebook_image_id":"","twitter_title":"","twitter_description":"","twitter_image":"","twitter_image_id":"","twitter_card_type":"","twitter_use_facebook":"","advanced_robots":"","pillar_content":"","seo_score":"","contentai_score":"","rich_snippet":""},"_links":{"self":[{"href":"https:\/\/dailynewshungary.com\/it\/wp-json\/wp\/v2\/posts\/779366","targetHints":{"allow":["GET"]}}],"collection":[{"href":"https:\/\/dailynewshungary.com\/it\/wp-json\/wp\/v2\/posts"}],"about":[{"href":"https:\/\/dailynewshungary.com\/it\/wp-json\/wp\/v2\/types\/post"}],"author":[{"embeddable":true,"href":"https:\/\/dailynewshungary.com\/it\/wp-json\/wp\/v2\/users\/2"}],"replies":[{"embeddable":true,"href":"https:\/\/dailynewshungary.com\/it\/wp-json\/wp\/v2\/comments?post=779366"}],"version-history":[{"count":0,"href":"https:\/\/dailynewshungary.com\/it\/wp-json\/wp\/v2\/posts\/779366\/revisions"}],"wp:featuredmedia":[{"embeddable":true,"href":"https:\/\/dailynewshungary.com\/it\/wp-json\/wp\/v2\/media\/779367"}],"wp:attachment":[{"href":"https:\/\/dailynewshungary.com\/it\/wp-json\/wp\/v2\/media?parent=779366"}],"wp:term":[{"taxonomy":"category","embeddable":true,"href":"https:\/\/dailynewshungary.com\/it\/wp-json\/wp\/v2\/categories?post=779366"},{"taxonomy":"post_tag","embeddable":true,"href":"https:\/\/dailynewshungary.com\/it\/wp-json\/wp\/v2\/tags?post=779366"}],"curies":[{"name":"wp","href":"https:\/\/api.w.org\/{rel}","templated":true}]}}