{"id":779396,"date":"2014-03-15T01:00:11","date_gmt":"2014-03-15T00:00:11","guid":{"rendered":"https:\/\/dailynewshungary.com\/it\/cosa-festeggiano-gli-ungheresi-il-15-marzo-2\/"},"modified":"2014-03-15T01:00:11","modified_gmt":"2014-03-15T00:00:11","slug":"cosa-festeggiano-gli-ungheresi-il-15-marzo-2","status":"publish","type":"post","link":"https:\/\/dailynewshungary.com\/it\/cosa-festeggiano-gli-ungheresi-il-15-marzo-2\/","title":{"rendered":"Cosa festeggiano gli ungheresi il 15 marzo?"},"content":{"rendered":"<p><strong>Passarono pi\u00f9 di 160 anni, ma la Rivoluzione ungherese del 1848 associata al nome di Pet\u0151fi \u00e8 ancora commemorata dal popolo ungherese, molteplici elementi dei 12 punti composti dal Circolo Pilvax sono ancora un argomento rilevante nel presente, riferisce utisugo.hu.<\/strong><\/p>\n<p>Molto tempo sotto pressione alla fine port\u00f2 a una rivoluzione il 15 marzo 1848. lo stesso monarca govern\u00f2 sul Regno d&#8217;Ungheria e sull&#8217;Impero austriaco, e l&#8217;Assemblea nazionale ungherese poteva tenere sessioni solo in lingua latina o tedesca. L&#8217;Ungheria non poteva ottenere l&#8217;autonomia e la riduzione delle tasse da sola non era sufficiente per la percezione positiva del clima dell&#8217;opinione sociale.<\/p>\n<p>Sebbene la Rivoluzione francese del 1789 si sia conclusa decenni fa, ebbe un&#8217;enorme influenza sulla classe intellettuale, inoltre, i francesi dichiararono guerra alla Monarchia asburgica, che raggiunse il territorio dell&#8217;Ungheria nel 1805 Napoleone ordin\u00f2 quindi alle nobilt\u00e0 ungheresi di separarsi dalla dinastia asburgica, tuttavia perse la guerra nel 1815. la domanda di prodotti per la casa diminu\u00ec poi rapidamente e l&#8217;inflazione colp\u00ec.<\/p>\n<blockquote>\n<p>Lajos Kossuth inform\u00f2 la sua nazione sulla controversia dietro il sipario nel suo periodico chiamato \u00b4Orsz\u00e1ggy Porsl\u00e9si Tud\u00f3s\u00edt\u00e1sok\u00b4, che si lanci\u00f2 nel 1832 Di conseguenza, i movimenti di riforma iniziarono a svolgere un ruolo pi\u00f9 importante nel paese Il conte Lajos Batthy\u00e1ny divenne il leader dell&#8217;opposizione, a cui prese parte anche Ferenc De\u00e1k Nel frattempo nel febbraio 1848, una rivoluzione inizi\u00f2 in Francia, poi un&#8217;altra a Vienna, il 13 marzo.<\/p>\n<\/blockquote>\n<p>La notizia si diffuse rapidamente e ebbe un impatto sui membri del Circolo Pilvax come S\u00e1ndor Pet invecefi, M\u00f3r J\u00f3kai e P\u00e1l Vasv\u00e1ri Solo poche persone si diressero alla stampa di Lajos Landerer e Guszt\u00e0v Heckenast per stampare i 12 punti di J\u00f3zsef Irinyi e la Poesia Nazionale di Petfi, senza censure Nonostante il numero esiguo di partecipanti alla stampa, pi\u00f9 di 10 000 persone si unirono al congresso il 15 marzo davanti al Museo Nazionale Ungherese Il congresso entr\u00f2 quindi nel Castello, dove il Consiglio del Governatore approv\u00f2 le loro richieste Mih\u00e1ly T\u00e1ncsics fu liberato e la rivoluzione riusc\u00ec senza spargere sangue. Sfortunatamente, la celebrazione e la libert\u00e0 non poterono durare a lungo.<\/p>\n<p style=\"text-align: center;\"><a href=\"https:\/\/dailynewshungary.com\/wp-content\/uploads\/2014\/03\/cockade-hungary.jpg\"><img loading=\"lazy\" decoding=\"async\" class=\"alignnone size-medium wp-image-5282\" src=\"https:\/\/dailynewshungary.com\/wp-content\/uploads\/2014\/03\/cockade-hungary-300x224.jpg\" alt=\"coccarda-ungheria\" width=\"300\" height=\"224\" srcset=\"https:\/\/contentf5.dailynewshungary.com\/wp-content\/uploads\/2014\/03\/cockade-hungary-300x224.jpg 300w, https:\/\/contentf5.dailynewshungary.com\/wp-content\/uploads\/2014\/03\/cockade-hungary-106x80.jpg 106w, https:\/\/contentf5.dailynewshungary.com\/wp-content\/uploads\/2014\/03\/cockade-hungary-200x150.jpg 200w, https:\/\/contentf5.dailynewshungary.com\/wp-content\/uploads\/2014\/03\/cockade-hungary.jpg 520w\" sizes=\"auto, (max-width: 300px) 100vw, 300px\"><br \/>\n<\/a><strong>Non dimenticare di appuntare la tua coccarda!<\/strong><\/p>\n<p style=\"text-align: left;\"><em>tradotto da R\u00e9ka Jancskar<\/em><\/p>\n<p style=\"text-align: left;\"><em>Foto:&nbsp;<a href=\"http:\/\/cultura.hu\/\" target=\"_blank\" rel=\"noopener\">cultura.hu<\/a>,&nbsp;<a href=\"http:\/\/abonyvaros.blogspot.com\/2012\/03\/kokarda.html\" data-ved=\"0CAQQjB0\" target=\"_blank\" rel=\"noopener\">abonyvaros.blogspot.com<\/a><\/em><\/p>\n","protected":false},"excerpt":{"rendered":"<p>Passarono pi\u00f9 di 160 anni, ma la Rivoluzione ungherese del 1848 associata al nome di Pet\u0151fi \u00e8 ancora commemorata dal popolo ungherese, molteplici elementi dei 12 punti composti dal Circolo Pilvax sono ancora un argomento rilevante nel presente, riferisce utisugo.hu. Molto tempo sotto pressione alla fine port\u00f2 a una rivoluzione il 15 marzo 1848. lo [&hellip;]<\/p>\n","protected":false},"author":2,"featured_media":779397,"comment_status":"open","ping_status":"open","sticky":false,"template":"","format":"standard","meta":{"_display_image":"","footnotes":""},"categories":[1344],"tags":[1307,1223,1244,1069],"class_list":["post-779396","post","type-post","status-publish","format-standard","has-post-thumbnail","hentry","category-speciale-ungheria","tag-evento","tag-storia","tag-storia-ungherese","tag-ungheria"],"blocksy_meta":[],"author_username":"alk","telegram_post":"","public_post_metadata":{"breaking_news":"","important":"","csempe":"","center_tile":"","disable_thumbnail":"","target_lang":"","_featured_image_style":"","telegram_post":"","_xlat_group_id":""},"public_rank_math_data":{"title":"%titolo% %sep% %nomesito%","description":"15 marzo: passano pi\u00f9 di 160 anni, ma la Rivoluzione ungherese del 1848 associata al nome di Pet\u0151fi \u00e8 ancora commemorata dal popolo ungherese.","focus_keyword":"15 marzo","canonical_url":"","robots":"","primary_category":"1344","breadcrumb_title":"","facebook_title":"","facebook_description":"","facebook_image":"","facebook_image_id":"","twitter_title":"","twitter_description":"","twitter_image":"","twitter_image_id":"","twitter_card_type":"","twitter_use_facebook":"","advanced_robots":"","pillar_content":"","seo_score":"67","contentai_score":"","rich_snippet":""},"_links":{"self":[{"href":"https:\/\/dailynewshungary.com\/it\/wp-json\/wp\/v2\/posts\/779396","targetHints":{"allow":["GET"]}}],"collection":[{"href":"https:\/\/dailynewshungary.com\/it\/wp-json\/wp\/v2\/posts"}],"about":[{"href":"https:\/\/dailynewshungary.com\/it\/wp-json\/wp\/v2\/types\/post"}],"author":[{"embeddable":true,"href":"https:\/\/dailynewshungary.com\/it\/wp-json\/wp\/v2\/users\/2"}],"replies":[{"embeddable":true,"href":"https:\/\/dailynewshungary.com\/it\/wp-json\/wp\/v2\/comments?post=779396"}],"version-history":[{"count":0,"href":"https:\/\/dailynewshungary.com\/it\/wp-json\/wp\/v2\/posts\/779396\/revisions"}],"wp:featuredmedia":[{"embeddable":true,"href":"https:\/\/dailynewshungary.com\/it\/wp-json\/wp\/v2\/media\/779397"}],"wp:attachment":[{"href":"https:\/\/dailynewshungary.com\/it\/wp-json\/wp\/v2\/media?parent=779396"}],"wp:term":[{"taxonomy":"category","embeddable":true,"href":"https:\/\/dailynewshungary.com\/it\/wp-json\/wp\/v2\/categories?post=779396"},{"taxonomy":"post_tag","embeddable":true,"href":"https:\/\/dailynewshungary.com\/it\/wp-json\/wp\/v2\/tags?post=779396"}],"curies":[{"name":"wp","href":"https:\/\/api.w.org\/{rel}","templated":true}]}}