{"id":779438,"date":"2013-11-20T17:55:15","date_gmt":"2013-11-20T16:55:15","guid":{"rendered":"https:\/\/dailynewshungary.com\/it\/alla-galleria-nazionale-si-apre-la-mostra-dellartista-ungherese-francese-endre-rozsda\/"},"modified":"2013-11-20T17:55:15","modified_gmt":"2013-11-20T16:55:15","slug":"alla-galleria-nazionale-si-apre-la-mostra-dellartista-ungherese-francese-endre-rozsda","status":"publish","type":"post","link":"https:\/\/dailynewshungary.com\/it\/alla-galleria-nazionale-si-apre-la-mostra-dellartista-ungherese-francese-endre-rozsda\/","title":{"rendered":"Alla Galleria Nazionale si apre la mostra dell\u2019artista ungherese-francese Endre Rozsda"},"content":{"rendered":"<p><strong>Una mostra retrospettiva del pittore ungherese-francese Endre Rozsda (1913-1999) \u00e8 stata inaugurata alla Galleria Nazionale Ungherese il 18 novembre, nel centesimo anniversario della sua nascita.<\/strong><\/p>\n<p>Nel suo discorso di apertura, la commissaria per gli affari francofoni del ministero degli Esteri ungherese Katalin Nov\u00e1k ha ricordato che i suoi amici avevano invitato Endre Rozsda ad un concerto di B\u00e9la Bart\u00f3k nel 1938.<\/p>\n<p>L&#8217;artista fu talmente preso da Bart\u00f3k che questa esperienza continu\u00f2 ad ispirarlo durante i suoi anni a Parigi, all&#8217;inaugurazione parteciparono anche l&#8217;ambasciatore di Francia Roland Galharague, il direttore generale della Galleria nazionale L\u00e1szl\u00f3 Ba\u00e1n e il curatore della mostra David Rosenberg.<\/p>\n<p>La mostra, intitolata &#8220;Abbracciata dal Time\u201d&#8221;, presenta l&#8217;opera di Endre Rozsda attraverso un centinaio di dipinti e diverse illustrazioni e fotografie. La mostra pu\u00f2 essere vista alla Galleria Nazionale Ungherese fino al 2 marzo 2014.<\/p>\n<p>Ministero degli Affari Esteri<\/p>\n<p><em>Foto: www.pecskep.hu<\/em><\/p>\n","protected":false},"excerpt":{"rendered":"<p>Una mostra retrospettiva del pittore ungherese-francese Endre Rozsda (1913-1999) \u00e8 stata inaugurata alla Galleria Nazionale Ungherese il 18 novembre, nel centesimo anniversario della sua nascita. Nel suo discorso di apertura, la commissaria per gli affari francofoni del ministero degli Esteri ungherese Katalin Nov\u00e1k ha ricordato che i suoi amici avevano invitato Endre Rozsda ad un [&hellip;]<\/p>\n","protected":false},"author":91,"featured_media":779439,"comment_status":"open","ping_status":"open","sticky":false,"template":"","format":"standard","meta":{"_display_image":"","footnotes":""},"categories":[1304],"tags":[1104],"class_list":["post-779438","post","type-post","status-publish","format-standard","has-post-thumbnail","hentry","category-cultura-in-ungheria","tag-mostra"],"blocksy_meta":[],"author_username":"api","telegram_post":"","public_post_metadata":{"breaking_news":"","important":"","csempe":"","center_tile":"","disable_thumbnail":"","target_lang":"","_featured_image_style":"","telegram_post":"","_xlat_group_id":""},"public_rank_math_data":{"title":"%titolo% %sep% %nomesito%","description":"","focus_keyword":"","canonical_url":"","robots":"","primary_category":"1304","breadcrumb_title":"","facebook_title":"","facebook_description":"","facebook_image":"","facebook_image_id":"","twitter_title":"","twitter_description":"","twitter_image":"","twitter_image_id":"","twitter_card_type":"","twitter_use_facebook":"","advanced_robots":"","pillar_content":"","seo_score":"","contentai_score":"","rich_snippet":""},"_links":{"self":[{"href":"https:\/\/dailynewshungary.com\/it\/wp-json\/wp\/v2\/posts\/779438","targetHints":{"allow":["GET"]}}],"collection":[{"href":"https:\/\/dailynewshungary.com\/it\/wp-json\/wp\/v2\/posts"}],"about":[{"href":"https:\/\/dailynewshungary.com\/it\/wp-json\/wp\/v2\/types\/post"}],"author":[{"embeddable":true,"href":"https:\/\/dailynewshungary.com\/it\/wp-json\/wp\/v2\/users\/91"}],"replies":[{"embeddable":true,"href":"https:\/\/dailynewshungary.com\/it\/wp-json\/wp\/v2\/comments?post=779438"}],"version-history":[{"count":0,"href":"https:\/\/dailynewshungary.com\/it\/wp-json\/wp\/v2\/posts\/779438\/revisions"}],"wp:featuredmedia":[{"embeddable":true,"href":"https:\/\/dailynewshungary.com\/it\/wp-json\/wp\/v2\/media\/779439"}],"wp:attachment":[{"href":"https:\/\/dailynewshungary.com\/it\/wp-json\/wp\/v2\/media?parent=779438"}],"wp:term":[{"taxonomy":"category","embeddable":true,"href":"https:\/\/dailynewshungary.com\/it\/wp-json\/wp\/v2\/categories?post=779438"},{"taxonomy":"post_tag","embeddable":true,"href":"https:\/\/dailynewshungary.com\/it\/wp-json\/wp\/v2\/tags?post=779438"}],"curies":[{"name":"wp","href":"https:\/\/api.w.org\/{rel}","templated":true}]}}