{"id":779481,"date":"2013-11-15T15:04:56","date_gmt":"2013-11-15T14:04:56","guid":{"rendered":"https:\/\/dailynewshungary.com\/it\/tela-gigante-di-salvador-dali-in-palazzo-delle-arti-m-gmbveszetek-palotaja\/"},"modified":"2013-11-15T15:04:56","modified_gmt":"2013-11-15T14:04:56","slug":"tela-gigante-di-salvador-dali-in-palazzo-delle-arti-m-gmbveszetek-palotaja","status":"publish","type":"post","link":"https:\/\/dailynewshungary.com\/it\/tela-gigante-di-salvador-dali-in-palazzo-delle-arti-m-gmbveszetek-palotaja\/","title":{"rendered":"Tela gigante di Salvador Dal\u00ec in Palazzo delle Arti (M Gmbv\u00e9szetek Palot\u00e0ja)"},"content":{"rendered":"<p><strong>L&#8217;agenzia di stampa ungherese (MTI) ha affermato che i membri della moderna compagnia circense italiana Finzi Pasca hanno estratto il <strong>pi\u00f9 grande <strong>originale&nbsp;<\/strong>tela&nbsp;<\/strong>Salvador Dal\u00ec Palazzo delle Arti (M.Val\u00edv\u00e9szet Palot\u00e0ja \u00c0 Budapest. L&#8217;immagine del Teatro del Festival <strong>troupe sono visibili durante il&nbsp;<\/strong>Produzione La Verita tra il 15 e il 21 novembre<\/strong><\/p>\n<p>Secondo Palace of Arts \u201cLa Verit\u00e0 \u00e8 tutto ci\u00f2 che abbiamo sempre sognato, vissuto e creato, tutto ci\u00f2 che \u00e8 conservato dai nostri ricordi.\u201d La produzione Compagnia Finzi Pasca intitolata La Verit\u00e0 (\u201cLa Verit\u00e0\u201d) \u00e8 stata scritta e diretta da Daniele Finzi Pasca lo stesso uomo responsabile dello straordinario successo Corteo del Cirque de Soleil, nonch\u00e9 delle tre produzioni pi\u00f9 recenti del Cirque \u00c9loize.<\/p>\n<p>Incorporando acrobazie, elementi teatrali, danza e musica, questo spettacolare spettacolo presenta 13 acrobati sullo sfondo di una gigantesca tela di Salvador Dal\u00ec, che l&#8217;artista dipinse a New York negli anni &#8217;40 per il balletto Mad Tristan Una serie di immagini ci guida attraverso il surrealismo, una storia d&#8217;amore e un riflesso de La Verit\u00e0, che si combinano per creare l&#8217;insieme colorato che \u00e8 l&#8217;ultima produzione della Compagnia Finzi Pasca La Verit\u00e0 \u00e8 un racconto acrobatico e bizzarro di eroismo che porta le caratteristiche della visione sorprendentemente unica dei suoi creatori.<\/p>\n<p>Presentato da: Palace of Arts<\/p>\n<p>Leggi maggiori informazioni <a href=\"http:\/\/mupa.hu\/en\/program\/compagnia-finzi-pasca-la-verit-2013-11-21_19-00-fesztivalszinhaz\" target=\"_blank\" rel=\"noopener\">QUI<\/a>.<\/p>\n<p>Foto: MTI \u00c1zs Mohai<\/p>\n","protected":false},"excerpt":{"rendered":"<p>L&#8217;agenzia di stampa ungherese (MTI) ha affermato che i membri della moderna compagnia circense italiana Finzi Pasca hanno estratto il pi\u00f9 grande originale&nbsp;tela&nbsp;Salvador Dal\u00ec Palazzo delle Arti (M.Val\u00edv\u00e9szet Palot\u00e0ja \u00c0 Budapest. L&#8217;immagine del Teatro del Festival troupe sono visibili durante il&nbsp;Produzione La Verita tra il 15 e il 21 novembre Secondo Palace of Arts \u201cLa [&hellip;]<\/p>\n","protected":false},"author":91,"featured_media":779482,"comment_status":"open","ping_status":"open","sticky":false,"template":"","format":"standard","meta":{"_display_image":"","footnotes":""},"categories":[1304],"tags":[1307],"class_list":["post-779481","post","type-post","status-publish","format-standard","has-post-thumbnail","hentry","category-cultura-in-ungheria","tag-evento"],"blocksy_meta":[],"author_username":"api","telegram_post":"","public_post_metadata":{"breaking_news":"","important":"","csempe":"","center_tile":"","disable_thumbnail":"","target_lang":"","_featured_image_style":"","telegram_post":"","_xlat_group_id":""},"public_rank_math_data":{"title":"%titolo% %sep% %nomesito%","description":"","focus_keyword":"","canonical_url":"","robots":"","primary_category":"1304","breadcrumb_title":"","facebook_title":"","facebook_description":"","facebook_image":"","facebook_image_id":"","twitter_title":"","twitter_description":"","twitter_image":"","twitter_image_id":"","twitter_card_type":"","twitter_use_facebook":"","advanced_robots":"","pillar_content":"","seo_score":"","contentai_score":"","rich_snippet":""},"_links":{"self":[{"href":"https:\/\/dailynewshungary.com\/it\/wp-json\/wp\/v2\/posts\/779481","targetHints":{"allow":["GET"]}}],"collection":[{"href":"https:\/\/dailynewshungary.com\/it\/wp-json\/wp\/v2\/posts"}],"about":[{"href":"https:\/\/dailynewshungary.com\/it\/wp-json\/wp\/v2\/types\/post"}],"author":[{"embeddable":true,"href":"https:\/\/dailynewshungary.com\/it\/wp-json\/wp\/v2\/users\/91"}],"replies":[{"embeddable":true,"href":"https:\/\/dailynewshungary.com\/it\/wp-json\/wp\/v2\/comments?post=779481"}],"version-history":[{"count":0,"href":"https:\/\/dailynewshungary.com\/it\/wp-json\/wp\/v2\/posts\/779481\/revisions"}],"wp:featuredmedia":[{"embeddable":true,"href":"https:\/\/dailynewshungary.com\/it\/wp-json\/wp\/v2\/media\/779482"}],"wp:attachment":[{"href":"https:\/\/dailynewshungary.com\/it\/wp-json\/wp\/v2\/media?parent=779481"}],"wp:term":[{"taxonomy":"category","embeddable":true,"href":"https:\/\/dailynewshungary.com\/it\/wp-json\/wp\/v2\/categories?post=779481"},{"taxonomy":"post_tag","embeddable":true,"href":"https:\/\/dailynewshungary.com\/it\/wp-json\/wp\/v2\/tags?post=779481"}],"curies":[{"name":"wp","href":"https:\/\/api.w.org\/{rel}","templated":true}]}}